{"id":116293,"date":"2021-11-15T04:30:00","date_gmt":"2021-11-15T07:30:00","guid":{"rendered":"https:\/\/grandepremio.com\/br\/noticias\/promotor-comemora-realizacao-gp-de-sao-paulo-pontua-f1-grande-desafio\/"},"modified":"2021-11-14T22:05:36","modified_gmt":"2021-11-15T01:05:36","slug":"promotor-comemora-realizacao-gp-de-sao-paulo-pontua-f1-grande-desafio","status":"publish","type":"post","link":"https:\/\/grandepremio.com\/br\/f1\/promotor-comemora-realizacao-gp-de-sao-paulo-pontua-f1-grande-desafio\/","title":{"rendered":"Promotor comemora realiza\u00e7\u00e3o do GP de S\u00e3o Paulo e pontua: &#8220;A F1 \u00e9 um grande desafio&#8221;"},"content":{"rendered":"\n<figure class=\"wp-block-video\"><video class=\"video-js vjs-big-play-centered\" data-gp-vjs=\"1\" controls src=\"https:\/\/www.grandepremio.com\/br\/wp-content\/uploads\/2021\/11\/Verstappen-Hamilton.mp4\"><\/video><figcaption>Lewis Hamilton ultrapassou Max Verstappen e tomou a ponta (V\u00eddeo: Reprodu\u00e7\u00e3o)<\/figcaption><\/figure>\n\n\n\n<p class=\"wp-block-paragraph\">Depois da aus\u00eancia no calend\u00e1rio da F\u00f3rmula 1 em 2020, por conta da pandemia de Covid-19, Interlagos ficou ame\u00e7ado de perder a corrida. A categoria flertou com o inexistente aut\u00f3dromo em Deodoro, no Rio de Janeiro, mas acabou renovando com o circuito paulistano por uma d\u00e9cada. Como consequ\u00eancia, uma mudan\u00e7a de nome: surgiu o GP de S\u00e3o Paulo.<\/p>\n\n\n\n<p class=\"wp-block-paragraph\">Outra grande mudan\u00e7a foi na organiza\u00e7\u00e3o a etapa brasileira. Ap\u00f3s anos de gerenciamento com Tamas Rohonyi, a promo\u00e7\u00e3o do agora GP de S\u00e3o Paulo est\u00e1 nas m\u00e3os de Alan Adler, novo CEO do evento. O carioca, conhecido por trajet\u00f3ria no iatismo que rendeu dois t\u00edtulos mundiais e participa\u00e7\u00e3o em tr\u00eas Jogos Ol\u00edmpicos, conversou com a equipe do <strong>GRANDE PR\u00caMIO<\/strong> com exclusividade neste fim de semana em Interlagos e falou sobre como avaliou a primeira experi\u00eancia no comando da prova.<\/p>\n\n\n\n<p class=\"wp-block-paragraph\">\u201c\u00c9 uma sensa\u00e7\u00e3o de satisfa\u00e7\u00e3o enorme, muita felicidade e de realiza\u00e7\u00e3o. Apesar que tem que acabar amanh\u00e3, tem um evento bacana ainda. Mas estamos conseguindo ver e testemunhar tudo o que conversamos com voc\u00eas em nosso primeiro bate-papo&#8221;, disse.<\/p>\n\n\n\n<figure class=\"wp-block-image size-large\"><img decoding=\"async\" src=\"https:\/\/www.grandepremio.com\/br\/wp-content\/uploads\/2021\/11\/BETO7860-1024x683.jpg\" alt=\"INTERLAGOS; INVAS\u00c3O; GP DE S\u00c3O PAULO; F\u00d3RMULA 1; F1;\" class=\"wp-image-525469\"\/><figcaption>Interlagos \u00e9 \u00fanica e empresta alma \u00e0 F\u00f3rmula 1 (Foto: Beto Issa)<\/figcaption><\/figure>\n\n\n\n<p class=\"wp-block-paragraph\"><strong>\u25b6\ufe0f\u00a0Inscreva-se nos dois canais do GRANDE PR\u00caMIO no YouTube:\u00a0<a href=\"https:\/\/www.youtube.com\/channel\/UC9OlHEgxoaY6QY6nWPoiqQg?sub_confirmation=1\" target=\"_blank\" rel=\"noreferrer noopener\">GP<\/a>\u00a0|\u00a0<a href=\"https:\/\/www.youtube.com\/channel\/UC9csiS6q_C3C0FYhyr1rnFA?sub_confirmation=1\" target=\"_blank\" rel=\"noreferrer noopener\">GP2<\/a><\/strong><\/p>\n\n\n\n<p class=\"wp-block-paragraph\">&#8220;A gente sempre teve muita confian\u00e7a de que o GP de S\u00e3o Paulo aconteceria, mas n\u00e3o sab\u00edamos de fato qual seria a capacidade de p\u00fablico por conta da pandemia. Ent\u00e3o, realmente ver Interlagos podendo receber todo esse p\u00fablico apaixonado por automobilismo, um p\u00fablico vibrante, caloroso, com energia, \u00e9 uma sensa\u00e7\u00e3o de felicidade muito grande. Tudo aquilo que a gente sonhou est\u00e1 acontecendo\u201d, seguiu.<\/p>\n\n\n\n<p class=\"wp-block-paragraph\">Adler tamb\u00e9m comentou sobre o trabalho como diretor-executivo da prova. Ap\u00f3s anos como atleta, o agora dirigente viu as dificuldades para organizar, promover e desenvolver parcerias, mesmo com uma grande categoria, como \u00e9 a F1.<\/p>\n\n\n\n<p class=\"wp-block-paragraph\">\u201cA F\u00f3rmula 1 \u00e9 um desafio muito grande, fiz muitos eventos, mas acho que a dimens\u00e3o disso aqui, pelas suas caracter\u00edsticas, pelos stakeholders que o envolvem, ela est\u00e1 em um patamar de complexidade acima dos que eu vinha fazendo. N\u00e3o se compara, claro, a Jogos Ol\u00edmpicos, talvez a campeonatos de futebol pelo mundo, mas desses eventos recorrentes anuais, a F\u00f3rmula 1, pelo que ela envolve na cidade e do estado, a complexidade do local do evento, \u00e9 um evento mais complexo do que os demais&#8221;, analisou.<\/p>\n\n\n\n<p class=\"wp-block-paragraph\">\u201cSempre respeitei muito o trabalho pelo Tamas [Rohonyi] sua equipe, estamos dando continuidade a este trabalho, apenas estamos nos adaptando mais \u00e0 nova gest\u00e3o da F\u00f3rmula 1. Nestes dois anos, deu para notar que a F1 est\u00e1 em uma evolu\u00e7\u00e3o constante, ent\u00e3o, a gente tem que ir se adaptando \u00e0s novas diretrizes da F\u00f3rmula 1 e hoje, quando os norte-americanos compraram, eles d\u00e3o muito valor ao entretenimento junto ao esporte, portanto, estamos procurando mais entretenimento e conte\u00fado para esse p\u00fablico que est\u00e1 vindo&#8221;, pontuou Adler.<\/p>\n\n\n\n<p class=\"wp-block-paragraph\">\u201cAcho que \u00e9 um evento com a cara da nova promotora. Deixa acabar este final de semana para termos um feedback, mas \u00e9 um trabalho de equipe, estamos bem alinhados com a gest\u00e3o do Stefano Domenicali, ent\u00e3o, a nossa empresa depende cada vez mais de trabalhar junto com a F1 para poder entregar um produto muito melhor para todos, esse \u00e9 nosso objetivo. Quem vai dar essa resposta \u00e9 o p\u00fablico que est\u00e1 presente aqui\u201d, concluiu.<\/p>\n\n\n\n<p class=\"wp-block-paragraph\">O\u00a0<strong>GRANDE PR\u00caMIO<\/strong>\u00a0acompanha o GP de S\u00e3o Paulo \u2018in loco\u2019 em\u00a0<a href=\"https:\/\/www.grandepremio.com\/br\/etapa\/f1\/gp-de-sao-paulo-brasil-formula-1-2021\/\" target=\"_blank\" rel=\"noreferrer noopener\">Interlagos<\/a>\u00a0com os jornalistas Fernando Silva e Gabriel Curty, al\u00e9m de toda equipe de maneira remota. O\u00a0<strong>GP<\/strong>\u00a0tamb\u00e9m seguiu todas as atividades de pista do fim de semana\u00a0<strong><a href=\"https:\/\/www.grandepremio.com\/br\/ao-vivo\/f1\/\">AO VIVO<\/a><\/strong>\u00a0e\u00a0<strong><a href=\"https:\/\/www.grandepremio.com\/br\/ao-vivo\/\">EM\u00a0<\/a><a href=\"https:\/\/www.grandepremio.com\/br\/ao-vivo\/\" target=\"_blank\" rel=\"noreferrer noopener\">TEMPO REAL<\/a><\/strong>. A\u00a0<a href=\"https:\/\/www.grandepremio.com\/formula-1\/\" target=\"_blank\" rel=\"noreferrer noopener\">F\u00f3rmula 1<\/a>\u00a0se mexe r\u00e1pido e volta j\u00e1 no pr\u00f3ximo fim de semana, em\u00a0<a href=\"https:\/\/www.grandepremio.com\/br\/etapa\/f1\/gp-do-catar-formula-1-2021\/\" target=\"_blank\" rel=\"noreferrer noopener\">Losail<\/a>, no Catar.<\/p>\n\n\n\n<figure class=\"wp-block-embed is-type-video is-provider-youtube wp-block-embed-youtube wp-embed-aspect-16-9 wp-has-aspect-ratio\"><div class=\"wp-block-embed__wrapper\">\n<iframe loading=\"lazy\" title=\"F1 EM S\u00c3O PAULO: HAMILTON VENCE NA RA\u00c7A, VERSTAPPEN 2\u00b0 | Briefing\" width=\"500\" height=\"281\" src=\"https:\/\/www.youtube.com\/embed\/7MAdzaf2YrU?feature=oembed\" frameborder=\"0\" allow=\"accelerometer; autoplay; clipboard-write; encrypted-media; gyroscope; picture-in-picture; web-share\" referrerpolicy=\"strict-origin-when-cross-origin\" allowfullscreen><\/iframe>\n<\/div><figcaption>F1 EM S\u00c3O PAULO: HAMILTON VENCE NA RA\u00c7A, VERSTAPPEN 2\u00b0 | Briefing<\/figcaption><\/figure>\n","protected":false},"excerpt":{"rendered":"<p>Ap\u00f3s a aus\u00eancia na temporada passada, a F\u00f3rmula 1 voltou a Interlagos sob novo controle e viu mudan\u00e7as pontuais. Alan Adler, promotor da prova, comemorou a realiza\u00e7\u00e3o do GP de S\u00e3o Paulo em 2021 e destacou a complexidade do evento<\/p>\n","protected":false},"author":0,"featured_media":1000524778,"comment_status":"closed","ping_status":"closed","sticky":false,"template":"","format":"standard","meta":{"42wp_featured_image_caption":"","42wp_featured_image_credits":"","42wp_featured_video":"","42wp_featured_image_hidden":false,"42wp_authors_list":[],"footnotes":""},"categories":[2],"tags":[27077,147,156,25536,26680,124,27179],"42wp_author":[47110,47117,47135],"class_list":["post-116293","post","type-post","status-publish","format-standard","has-post-thumbnail","hentry","category-f1","tag-alan-adler","tag-f1","tag-f1-2021","tag-formula-1-2021-2","tag-gp-de-sao-paulo","tag-interlagos","tag-temporada-f1-2021","42wp_author-fernando-silva","42wp_author-gabriel-curty","42wp_author-pedro-luis-cuenca"],"_links":{"self":[{"href":"https:\/\/grandepremio.com\/br\/wp-json\/wp\/v2\/posts\/116293","targetHints":{"allow":["GET"]}}],"collection":[{"href":"https:\/\/grandepremio.com\/br\/wp-json\/wp\/v2\/posts"}],"about":[{"href":"https:\/\/grandepremio.com\/br\/wp-json\/wp\/v2\/types\/post"}],"replies":[{"embeddable":true,"href":"https:\/\/grandepremio.com\/br\/wp-json\/wp\/v2\/comments?post=116293"}],"version-history":[{"count":0,"href":"https:\/\/grandepremio.com\/br\/wp-json\/wp\/v2\/posts\/116293\/revisions"}],"wp:featuredmedia":[{"embeddable":true,"href":"https:\/\/grandepremio.com\/br\/wp-json\/wp\/v2\/media\/1000524778"}],"wp:attachment":[{"href":"https:\/\/grandepremio.com\/br\/wp-json\/wp\/v2\/media?parent=116293"}],"wp:term":[{"taxonomy":"category","embeddable":true,"href":"https:\/\/grandepremio.com\/br\/wp-json\/wp\/v2\/categories?post=116293"},{"taxonomy":"post_tag","embeddable":true,"href":"https:\/\/grandepremio.com\/br\/wp-json\/wp\/v2\/tags?post=116293"},{"taxonomy":"42wp_author","embeddable":true,"href":"https:\/\/grandepremio.com\/br\/wp-json\/wp\/v2\/42wp_author?post=116293"}],"curies":[{"name":"wp","href":"https:\/\/api.w.org\/{rel}","templated":true}]}}