{"id":116303,"date":"2021-11-14T19:02:17","date_gmt":"2021-11-14T22:02:17","guid":{"rendered":"https:\/\/grandepremio.com\/br\/noticias\/sebastian-vettel-diz-que-gp-de-sao-paulo-seria-diferente-sem-safety-car-custou-uma-posicao\/"},"modified":"2021-11-14T19:15:18","modified_gmt":"2021-11-14T22:15:18","slug":"sebastian-vettel-diz-que-gp-de-sao-paulo-seria-diferente-sem-safety-car-custou-uma-posicao","status":"publish","type":"post","link":"https:\/\/grandepremio.com\/br\/f1\/sebastian-vettel-diz-que-gp-de-sao-paulo-seria-diferente-sem-safety-car-custou-uma-posicao\/","title":{"rendered":"Vettel cr\u00ea que GP de SP &#8220;seria diferente&#8221; sem safety-car: &#8220;Custou uma posi\u00e7\u00e3o&#8221;"},"content":{"rendered":"\n<figure class=\"wp-block-embed is-type-video is-provider-youtube wp-block-embed-youtube wp-embed-aspect-16-9 wp-has-aspect-ratio\"><div class=\"wp-block-embed__wrapper\">\n<iframe loading=\"lazy\" title=\"F1 EM S\u00c3O PAULO: HAMILTON VENCE NA RA\u00c7A, VERSTAPPEN 2\u00b0 | Briefing\" width=\"500\" height=\"281\" src=\"https:\/\/www.youtube.com\/embed\/7MAdzaf2YrU?feature=oembed\" frameborder=\"0\" allow=\"accelerometer; autoplay; clipboard-write; encrypted-media; gyroscope; picture-in-picture; web-share\" referrerpolicy=\"strict-origin-when-cross-origin\" allowfullscreen><\/iframe>\n<\/div><figcaption>F1 EM S\u00c3O PAULO: TUDO SOBRE A CORRIDA EM INTERLAGOS | Briefing<\/figcaption><\/figure>\n\n\n\n<p class=\"wp-block-paragraph\">Sebastian Vettel conseguiu um bom resultado na corrida sprint do GP de S\u00e3o Paulo no \u00faltimo s\u00e1bado (13), e garantiu a nona coloca\u00e7\u00e3o no grid de largada da disputa deste domingo. No entanto, n\u00e3o conseguiu se manter dentro do top-10 ao encerramento da disputa, <a href=\"https:\/\/www.grandepremio.com\/br\/f1\/noticias\/hamilton-busca-verstappen-vence-gp-de-sao-paulo-remontada-memoravel\/\" target=\"_blank\" rel=\"noreferrer noopener\">cruzando a linha de chegada no 11\u00ba lugar<\/a> e falhando em somar pontos pela Aston Martin na 19\u00aa etapa de 2021 da F\u00f3rmula 1. Ap\u00f3s a corrida, o alem\u00e3o ressaltou que as entradas do safety-car vitual minaram suas chances de acabar na zona de pontua\u00e7\u00e3o.<\/p>\n\n\n\n<p class=\"wp-block-paragraph\">&#8220;Acho que t\u00ednhamos uma boa oportunidade de marcar pontos hoje&#8221;, disse Vettel em entrevista acompanhada pelo <strong>GRANDE PR\u00caMIO<\/strong>, antes de admitir que as coisas n\u00e3o sa\u00edram conforme o esperado. &#8220;Mas os safety-car virtuais n\u00e3o nos ajudaram e me custaram uma posi\u00e7\u00e3o para Esteban [Ocon]. Sem isso, teria sido uma corrida diferente&#8221;, acredita o tetracampe\u00e3o mundial, lembrando as interven\u00e7\u00f5es na corrida ap\u00f3s batidas entre Yuki Tsunoda e Lance Stroll, e Mick Schumacher e Kimi R\u00e4ikk\u00f6nen.<\/p>\n\n\n\n<p class=\"wp-block-paragraph\"><strong>\u25b6\ufe0f&nbsp;Inscreva-se nos dois canais do GRANDE PR\u00caMIO no YouTube:&nbsp;<a href=\"https:\/\/www.youtube.com\/channel\/UC9OlHEgxoaY6QY6nWPoiqQg?sub_confirmation=1\" target=\"_blank\" rel=\"noreferrer noopener\">GP<\/a>&nbsp;|&nbsp;<a href=\"https:\/\/www.youtube.com\/channel\/UC9csiS6q_C3C0FYhyr1rnFA?sub_confirmation=1\" target=\"_blank\" rel=\"noreferrer noopener\">GP2<\/a><\/strong><\/p>\n\n\n\n<figure class=\"wp-block-image size-large\"><img decoding=\"async\" src=\"https:\/\/www.grandepremio.com\/br\/wp-content\/uploads\/2021\/11\/astonmartin-sebastianvettel-02-4-1024x683.jpg\" alt=\"\" class=\"wp-image-524790\"\/><figcaption>Sebastian Vettel terminou GP de S\u00e3o Paulo na 11\u00aa posi\u00e7\u00e3o e n\u00e3o conseguiu somar pontos para a Aston Martin (Foto: Aston Martin)<\/figcaption><\/figure>\n\n\n\n<p class=\"wp-block-paragraph\"><strong>Conhe\u00e7a o canal do Grande Pr\u00eamio no YouTube! Clique&nbsp;<a target=\"_blank\" href=\"https:\/\/youtube.com\/GrandePremioTV\" rel=\"noreferrer noopener\">aqui<\/a>.<\/strong><br><strong>Siga o Grande Pr\u00eamio no&nbsp;<a target=\"_blank\" href=\"https:\/\/twitter.com\/grandepremio\" rel=\"noreferrer noopener\">Twitter&nbsp;<\/a>e no&nbsp;<a target=\"_blank\" href=\"https:\/\/instagram.com\/grandepremio\" rel=\"noreferrer noopener\">Instagram<\/a>!<\/strong><\/p>\n\n\n\n<p class=\"wp-block-paragraph\">Sebastian ainda saiu em defesa da Aston Martin, alegando que a equipe tentou fazer tudo o que p\u00f4de para conseguir sair de Interlagos com ao menos um ponto. O alem\u00e3o disse que quase foi poss\u00edvel, j\u00e1 que conseguia se aproximar da McLaren de Lando Norris na reta final da disputa, mas n\u00e3o teve ritmo suficiente para ultrapassar o ingl\u00eas, que sofreu com um furo de pneu ainda na primeira volta.<\/p>\n\n\n\n<p class=\"wp-block-paragraph\">&#8220;N\u00f3s ainda tentamos tudo que pudemos e escolhemos a estrat\u00e9gia de duas paradas, ao inv\u00e9s de parar apenas uma vez&#8221;, ressaltou Vettel. &#8220;Ficamos perto de marcar um ponto no final contra Lando [Norris], e est\u00e1vamos alcan\u00e7ando ele durante as \u00faltimas voltas, mas n\u00e3o foi o suficiente&#8221;, encerrou o alem\u00e3o, que n\u00e3o conseguiu passar pelo ingl\u00eas, \u00faltimo dentro da zona de pontua\u00e7\u00e3o.<\/p>\n\n\n\n<p class=\"wp-block-paragraph\">Vettel permanece com 42 pontos somados na tabela de classifica\u00e7\u00e3o do campeonato, e v\u00ea Ocon, justamente seu concorrente mais pr\u00f3ximo, somar mais quatro tentos e abrir oito de diferen\u00e7a na 11\u00aa posi\u00e7\u00e3o. No Mundial de Construtores, a Aston Martin segue em um s\u00e9timo lugar que deve durar at\u00e9 o final da temporada, j\u00e1 que est\u00e1 distante da Williams (23) e bem atr\u00e1s de AlphaTauri e Alpine (ambas com 112).<\/p>\n\n\n\n<figure class=\"wp-block-video\"><video class=\"video-js vjs-big-play-centered\" data-gp-vjs=\"1\" controls src=\"https:\/\/www.grandepremio.com\/br\/wp-content\/uploads\/2021\/11\/2021_11_14_Hamilton_bandeira.mp4\"><\/video><figcaption>Lewis Hamilton e a bandeira do Brasil (V\u00eddeo: Reprodu\u00e7\u00e3o\/F1 TV)<\/figcaption><\/figure>\n\n\n\n<p class=\"wp-block-paragraph\"><\/p>\n","protected":false},"excerpt":{"rendered":"<p>Sebastian Vettel saiu em nono no GP de S\u00e3o Paulo e terminou a corrida na 11\u00aa posi\u00e7\u00e3o, fora da zona de pontua\u00e7\u00e3o. Alem\u00e3o culpou entradas do safety-car virtual pela perda do top-10<\/p>\n","protected":false},"author":0,"featured_media":1000522695,"comment_status":"closed","ping_status":"closed","sticky":false,"template":"","format":"standard","meta":{"42wp_featured_image_caption":"","42wp_featured_image_credits":"","42wp_featured_video":"","42wp_featured_image_hidden":false,"42wp_authors_list":[],"footnotes":""},"categories":[2],"tags":[524,20491,309,783,302,147,156,180,24837,124,24834,485,1294,210,597],"42wp_author":[47110,47117,47142,47109],"class_list":["post-116303","post","type-post","status-publish","format-standard","has-post-thumbnail","hentry","category-f1","tag-alphatauri","tag-alpine","tag-aston-martin","tag-brasil","tag-esteban-ocon","tag-f1","tag-f1-2021","tag-formula-1","tag-formula-1-2","tag-interlagos","tag-kimi-raikkonen-2","tag-lance-stroll","tag-mick-schumacher","tag-sebastian-vettel","tag-yuki-tsunoda","42wp_author-fernando-silva","42wp_author-gabriel-curty","42wp_author-jp-nascimento","42wp_author-redacao-gp"],"_links":{"self":[{"href":"https:\/\/grandepremio.com\/br\/wp-json\/wp\/v2\/posts\/116303","targetHints":{"allow":["GET"]}}],"collection":[{"href":"https:\/\/grandepremio.com\/br\/wp-json\/wp\/v2\/posts"}],"about":[{"href":"https:\/\/grandepremio.com\/br\/wp-json\/wp\/v2\/types\/post"}],"replies":[{"embeddable":true,"href":"https:\/\/grandepremio.com\/br\/wp-json\/wp\/v2\/comments?post=116303"}],"version-history":[{"count":0,"href":"https:\/\/grandepremio.com\/br\/wp-json\/wp\/v2\/posts\/116303\/revisions"}],"wp:featuredmedia":[{"embeddable":true,"href":"https:\/\/grandepremio.com\/br\/wp-json\/wp\/v2\/media\/1000522695"}],"wp:attachment":[{"href":"https:\/\/grandepremio.com\/br\/wp-json\/wp\/v2\/media?parent=116303"}],"wp:term":[{"taxonomy":"category","embeddable":true,"href":"https:\/\/grandepremio.com\/br\/wp-json\/wp\/v2\/categories?post=116303"},{"taxonomy":"post_tag","embeddable":true,"href":"https:\/\/grandepremio.com\/br\/wp-json\/wp\/v2\/tags?post=116303"},{"taxonomy":"42wp_author","embeddable":true,"href":"https:\/\/grandepremio.com\/br\/wp-json\/wp\/v2\/42wp_author?post=116303"}],"curies":[{"name":"wp","href":"https:\/\/api.w.org\/{rel}","templated":true}]}}