{"id":116330,"date":"2021-11-14T10:00:00","date_gmt":"2021-11-14T13:00:00","guid":{"rendered":"https:\/\/grandepremio.com\/br\/noticias\/gp-as-10-apos-pior-resultado-em-40-anos-como-ferrari-renasce-pelo-3o-lugar-em-2021\/"},"modified":"2022-08-27T16:49:04","modified_gmt":"2022-08-27T19:49:04","slug":"gp-as-10-apos-pior-resultado-em-40-anos-como-ferrari-renasce-pelo-3o-lugar-em-2021","status":"publish","type":"post","link":"https:\/\/grandepremio.com\/br\/f1\/gp-as-10-apos-pior-resultado-em-40-anos-como-ferrari-renasce-pelo-3o-lugar-em-2021\/","title":{"rendered":"GP \u00e0s 10: Ap\u00f3s pior resultado em 40 anos, como Ferrari renasce pelo 3\u00ba lugar em 2021?"},"content":{"rendered":"\n<p class=\"wp-block-paragraph\">No GP da Cidade do M\u00e9xico, os 18 pontos somados pela Ferrari foram mais do que suficientes para a equipe ultrapassar a McLaren na tabela do <a href=\"https:\/\/www.grandepremio.com\/br\/f1\/classificacao\/\" target=\"_blank\" rel=\"noreferrer noopener\">Mundial de Construtores<\/a> e abrir 13,5 pontos de vantagem na terceira posi\u00e7\u00e3o. Ap\u00f3s a sexta coloca\u00e7\u00e3o de 2020, com apenas 131 tentos somados, como a Ferrari consegue subir o rendimento j\u00e1 em 2021, em temporada na qual j\u00e1 alcan\u00e7ou mais que o dobro desta pontua\u00e7\u00e3o?<\/p>\n\n\n\n<p class=\"wp-block-paragraph\">A dificuldade de Daniel Ricciardo em acompanhar o rendimento do companheiro Lando Norris na McLaren beneficia o conjunto Ferrarista, que segue confiante em usar a consist\u00eancia como fator preponderante para desbancar a concorr\u00eancia brit\u00e2nica. <\/p>\n\n\n\n<p class=\"wp-block-paragraph\">O ingl\u00eas at\u00e9 tenta carregar o time de Woking nos ombros, mas a competitividade de Charles Leclerc e Carlos Sainz na Ferrari pode encaminhar o top-3 diretamente \u00e0 It\u00e1lia.<\/p>\n\n\n\n<p class=\"wp-block-paragraph\">Jo\u00e3o Pedro Nascimento traz esse questionamento, al\u00e9m de analisar algumas decis\u00f5es da Ferrari \u2014 ap\u00f3s o desastre que foi 2020 \u2014 para encontrar os acertos que levam o time de Maranello ao posto de terceira melhor equipe da F\u00f3rmula 1, atr\u00e1s apenas de Mercedes e Red Bull. <\/p>\n\n\n\n<p class=\"wp-block-paragraph\">Assista ao v\u00eddeo:<\/p>\n\n\n\n<figure class=\"wp-block-embed is-type-video is-provider-youtube wp-block-embed-youtube wp-embed-aspect-16-9 wp-has-aspect-ratio\"><div class=\"wp-block-embed__wrapper\">\n<iframe loading=\"lazy\" title=\"COMO FERRARI RENASCE PELO TERCEIRO LUGAR EM 2021? | GP \u00e0s 10\" width=\"500\" height=\"281\" src=\"https:\/\/www.youtube.com\/embed\/aWcTmVF2tq0?feature=oembed\" frameborder=\"0\" allow=\"accelerometer; autoplay; clipboard-write; encrypted-media; gyroscope; picture-in-picture; web-share\" referrerpolicy=\"strict-origin-when-cross-origin\" allowfullscreen><\/iframe>\n<\/div><figcaption>COMO FERRARI RENASCE PELO TERCEIRO LUGAR EM 2021? | GP \u00e0s 10<\/figcaption><\/figure>\n\n\n\n<p class=\"wp-block-paragraph\"><strong>\u25b6\ufe0f&nbsp;Inscreva-se nos dois canais do GRANDE PR\u00caMIO no YouTube:&nbsp;<\/strong><a href=\"https:\/\/www.youtube.com\/channel\/UC9OlHEgxoaY6QY6nWPoiqQg?sub_confirmation=1\" target=\"_blank\" rel=\"noreferrer noopener\">GP<\/a><strong>&nbsp;|&nbsp;<\/strong><a href=\"https:\/\/www.youtube.com\/channel\/UC9csiS6q_C3C0FYhyr1rnFA?sub_confirmation=1\" target=\"_blank\" rel=\"noreferrer noopener\">GP2<\/a><\/p>\n\n\n\n<p class=\"wp-block-paragraph\"><strong>Conhe\u00e7a o canal do Grande Pr\u00eamio no YouTube! Clique&nbsp;<a target=\"_blank\" href=\"https:\/\/youtube.com\/GrandePremioTV\" rel=\"noreferrer noopener\">aqui<\/a>.<\/strong><br><strong>Siga o Grande Pr\u00eamio no&nbsp;<a target=\"_blank\" href=\"https:\/\/twitter.com\/grandepremio\" rel=\"noreferrer noopener\">Twitter&nbsp;<\/a>e no&nbsp;<a target=\"_blank\" href=\"https:\/\/instagram.com\/grandepremio\" rel=\"noreferrer noopener\">Instagram<\/a>!<\/strong><\/p>\n\n\n\n<p class=\"wp-block-paragraph\">O\u00a0<strong>GRANDE PR\u00caMIO<\/strong>\u00a0acompanha o GP de S\u00e3o Paulo \u2018in loco\u2019 em\u00a0<a href=\"https:\/\/www.grandepremio.com\/br\/etapa\/f1\/gp-de-sao-paulo-brasil-formula-1-2021\/\" target=\"_blank\" rel=\"noreferrer noopener\">Interlagos<\/a>\u00a0com os jornalistas Fernando Silva e Gabriel Curty, al\u00e9m de toda equipe de maneira remota. O\u00a0<strong>GP<\/strong>\u00a0tamb\u00e9m segue todas as atividades de pista do fim de semana\u00a0<strong><a href=\"https:\/\/www.grandepremio.com\/br\/ao-vivo\/f1\/\">AO VIVO<\/a><\/strong>\u00a0e\u00a0<strong><a href=\"https:\/\/www.grandepremio.com\/br\/ao-vivo\/\">EM\u00a0<\/a><a href=\"https:\/\/www.grandepremio.com\/br\/ao-vivo\/\" target=\"_blank\" rel=\"noreferrer noopener\">TEMPO REAL<\/a><\/strong>. A largada est\u00e1 marcada para 14h (de Bras\u00edlia) do domingo.<\/p>\n\n\n\n<figure class=\"wp-block-image size-large\"><img decoding=\"async\" src=\"https:\/\/www.grandepremio.com\/br\/wp-content\/uploads\/2021\/11\/ferrari-afp-carlossainz-03-1024x702.jpg\" alt=\"\" class=\"wp-image-524794\"\/><figcaption>Carlos Sainz teve mais uma atua\u00e7\u00e3o de destaque na corrida sprint do GP de S\u00e3o Paulo, levando Ferrari ao terceiro lugar (Foto: AFP)<\/figcaption><\/figure>\n","protected":false},"excerpt":{"rendered":"<p>Equipe mais tradicional da F\u00f3rmula 1 amargou em 2020 seu pior resultado desde 1980, com o sexto lugar. Como Ferrari luta para dar a volta por cima em 2021 com o terceiro lugar entre os Construtores?<\/p>\n","protected":false},"author":0,"featured_media":1000522739,"comment_status":"closed","ping_status":"closed","sticky":false,"template":"","format":"standard","meta":{"42wp_featured_image_caption":"","42wp_featured_image_credits":"","42wp_featured_video":"","42wp_featured_image_hidden":false,"42wp_authors_list":[],"footnotes":""},"categories":[2],"tags":[783,546,209,5921,147,156,207,24837,180,26680,124,2018],"42wp_author":[47142],"class_list":["post-116330","post","type-post","status-publish","format-standard","has-post-thumbnail","hentry","category-f1","tag-brasil","tag-carlos-sainz","tag-charles-leclerc","tag-corrida-sprint","tag-f1","tag-f1-2021","tag-ferrari","tag-formula-1-2","tag-formula-1","tag-gp-de-sao-paulo","tag-interlagos","tag-sprint-race","42wp_author-jp-nascimento"],"_links":{"self":[{"href":"https:\/\/grandepremio.com\/br\/wp-json\/wp\/v2\/posts\/116330","targetHints":{"allow":["GET"]}}],"collection":[{"href":"https:\/\/grandepremio.com\/br\/wp-json\/wp\/v2\/posts"}],"about":[{"href":"https:\/\/grandepremio.com\/br\/wp-json\/wp\/v2\/types\/post"}],"replies":[{"embeddable":true,"href":"https:\/\/grandepremio.com\/br\/wp-json\/wp\/v2\/comments?post=116330"}],"version-history":[{"count":0,"href":"https:\/\/grandepremio.com\/br\/wp-json\/wp\/v2\/posts\/116330\/revisions"}],"wp:featuredmedia":[{"embeddable":true,"href":"https:\/\/grandepremio.com\/br\/wp-json\/wp\/v2\/media\/1000522739"}],"wp:attachment":[{"href":"https:\/\/grandepremio.com\/br\/wp-json\/wp\/v2\/media?parent=116330"}],"wp:term":[{"taxonomy":"category","embeddable":true,"href":"https:\/\/grandepremio.com\/br\/wp-json\/wp\/v2\/categories?post=116330"},{"taxonomy":"post_tag","embeddable":true,"href":"https:\/\/grandepremio.com\/br\/wp-json\/wp\/v2\/tags?post=116330"},{"taxonomy":"42wp_author","embeddable":true,"href":"https:\/\/grandepremio.com\/br\/wp-json\/wp\/v2\/42wp_author?post=116330"}],"curies":[{"name":"wp","href":"https:\/\/api.w.org\/{rel}","templated":true}]}}