{"id":116340,"date":"2021-11-13T21:48:05","date_gmt":"2021-11-14T00:48:05","guid":{"rendered":"https:\/\/grandepremio.com\/br\/noticias\/confira-declaracoes-pilotos-corrida-sprint-sao-paulo-f1-2021\/"},"modified":"2022-08-27T16:53:32","modified_gmt":"2022-08-27T19:53:32","slug":"confira-declaracoes-pilotos-corrida-sprint-sao-paulo-f1-2021","status":"publish","type":"post","link":"https:\/\/grandepremio.com\/br\/f1\/confira-declaracoes-pilotos-corrida-sprint-sao-paulo-f1-2021\/","title":{"rendered":"Confira declara\u00e7\u00f5es dos pilotos ap\u00f3s corrida sprint do GP de S\u00e3o Paulo de F1 2021"},"content":{"rendered":"\n<figure class=\"wp-block-embed is-type-video is-provider-youtube wp-block-embed-youtube wp-embed-aspect-16-9 wp-has-aspect-ratio\"><div class=\"wp-block-embed__wrapper\">\n<iframe loading=\"lazy\" title=\"F1 EM S\u00c3O PAULO: BOTTAS BATE VERSTAPPEN E \u00c9 POLE. HAMILTON BRILHA | Briefing\" width=\"500\" height=\"281\" src=\"https:\/\/www.youtube.com\/embed\/XWHGoy4rkEM?feature=oembed\" frameborder=\"0\" allow=\"accelerometer; autoplay; clipboard-write; encrypted-media; gyroscope; picture-in-picture; web-share\" referrerpolicy=\"strict-origin-when-cross-origin\" allowfullscreen><\/iframe>\n<\/div><figcaption>F1 EM S\u00c3O PAULO: TUDO SOBRE A CORRIDA SPRINT EM INTERLAGOS | Briefing<\/figcaption><\/figure>\n\n\n\n<p class=\"wp-block-paragraph\">Valtteri Bottas fez bela largada na corrida sprint de Interlagos neste s\u00e1bado (13), a \u00faltima da temporada 2021, <a href=\"https:\/\/www.grandepremio.com\/br\/f1\/noticias\/valtteri-bottas-bate-max-verstappen-vence-corrida-sprint-conquista-pole-brasil\/\" target=\"_blank\" rel=\"noreferrer noopener\">para ultrapassar Max Verstappen ainda na primeira curva e vencer a disputa<\/a> que definiu o grid de largada do GP de S\u00e3o Paulo. O holand\u00eas n\u00e3o correu riscos e fechou mesmo na segunda posi\u00e7\u00e3o, seguido pela Ferrari de Carlos Sainz, que apresentou \u00f3timo rendimento e manteve a regularidade de 2021.<\/p>\n\n\n\n<p class=\"wp-block-paragraph\">Sergio P\u00e9rez colocou a segunda Red Bull no quarto lugar, enquanto Lewis Hamilton foi o destaque do dia, saltando da 20\u00aa e \u00faltima posi\u00e7\u00e3o diretamente para o quinto lugar. No entanto, o brit\u00e2nico levar\u00e1 cinco posi\u00e7\u00f5es de puni\u00e7\u00e3o no grid da corrida e vai largar da d\u00e9cima posi\u00e7\u00e3o. Com isso, quem herda a quinta coloca\u00e7\u00e3o na largada \u00e9 Lando Norris, que botou sua McLaren entre as Ferrari de Sainz e Charles Leclerc, que chegou em s\u00e9timo e larga em sexto.<\/p>\n\n\n\n<p class=\"wp-block-paragraph\">Pierre Gasly chegou em oitavo com a AlphaTauri e \u00e9 mais um a ganhar uma posi\u00e7\u00e3o com a puni\u00e7\u00e3o de Hamilton, mas vale lembrar que o franc\u00eas saiu em quinto e perdeu tr\u00eas posi\u00e7\u00f5es durante a disputa. Esteban Ocon ficou em nono com a Alpine, superando o resultado de seu companheiro Alonso, o 12\u00ba, e Sebastian Vettel fechou o top-10 \u2014 lembrando que o alem\u00e3o tamb\u00e9m ganha uma posi\u00e7\u00e3o e larga em nono.<\/p>\n\n\n\n<p class=\"wp-block-paragraph\"><strong>\u25b6\ufe0f&nbsp;Inscreva-se nos dois canais do GRANDE PR\u00caMIO no YouTube:&nbsp;<a href=\"https:\/\/www.youtube.com\/channel\/UC9OlHEgxoaY6QY6nWPoiqQg?sub_confirmation=1\" target=\"_blank\" rel=\"noreferrer noopener\">GP<\/a>&nbsp;|&nbsp;<a href=\"https:\/\/www.youtube.com\/channel\/UC9csiS6q_C3C0FYhyr1rnFA?sub_confirmation=1\" target=\"_blank\" rel=\"noreferrer noopener\">GP2<\/a><\/strong><\/p>\n\n\n\n<div class=\"wp-block-image\"><figure class=\"aligncenter size-large is-resized\"><img loading=\"lazy\" decoding=\"async\" src=\"https:\/\/www.grandepremio.com\/br\/wp-content\/uploads\/2021\/11\/mercedes-valtteribottas-02-4-1024x683.jpg\" alt=\"\" class=\"wp-image-524811\" width=\"841\" height=\"561\"\/><figcaption>Valtteri Bottas foi o vencedor da corrida sprint de Interlagos, \u00faltima de 2021 (Foto: Mercedes)<\/figcaption><\/figure><\/div>\n\n\n\n<p class=\"wp-block-paragraph\"><strong>Confira as declara\u00e7\u00f5es dos pilotos ap\u00f3s a corrida sprint do GP de S\u00e3o Paulo:<\/strong><\/p>\n\n\n\n<p class=\"wp-block-paragraph\"><strong>Valtteri Bottas, primeiro:<\/strong> <a href=\"https:\/\/www.grandepremio.com\/br\/f1\/noticias\/valtteri-bottas-destaca-largada-fundamental-estrategia-para-conquistar-pole-interlagos\/\">Bottas destaca \u201clargada fundamental\u201d e estrat\u00e9gia para conquistar pole em Interlagos<\/a>. <\/p>\n\n\n\n<p class=\"wp-block-paragraph\"><strong>Max Verstappen, segundo:<\/strong> <a href=\"https:\/\/www.grandepremio.com\/br\/f1\/noticias\/max-verstappen-ve-dificuldade-de-ultrapassar-e-lamenta-largada-em-sp-nao-foi-das-melhores\/\">Verstappen v\u00ea dificuldade de ultrapassar e lamenta largada em SP: \u201cN\u00e3o foi das melhores\u201d<\/a>.<\/p>\n\n\n\n<p class=\"wp-block-paragraph\"><strong>Carlos Sainz, terceiro:<\/strong> <a href=\"https:\/\/www.grandepremio.com\/br\/f1\/noticias\/carlos-sainz-vibra-largada-que-rendeu-terceiro-lugar-grid-interlagos-precisava-disso\/\">Sainz vibra com largada que rendeu 3\u00ba lugar no grid em Interlagos: \u201cPrecisava disso\u201d<\/a>. <\/p>\n\n\n\n<p class=\"wp-block-paragraph\"><strong>Sergio P\u00e9rez, quarto:<\/strong> <a href=\"https:\/\/www.grandepremio.com\/br\/f1\/noticias\/sergio-perez-preso-carlos-sainz-interlagos-assusta-achei-seria-facil\/\">P\u00e9rez fica preso atr\u00e1s de Sainz em Interlagos e se assusta: &#8220;Achei que seria f\u00e1cil&#8221;<\/a>.<\/p>\n\n\n\n<p class=\"wp-block-paragraph\"><strong>Lewis Hamilton, quinto:<\/strong> <a href=\"https:\/\/www.grandepremio.com\/br\/f1\/noticias\/lewis-hamilton-ve-punicao-devastadora-revela-objetivo-do-dia-brasil-nao-desistir\/\">Hamilton v\u00ea puni\u00e7\u00e3o \u201cdevastadora\u201d e revela objetivo do dia em SP: \u201cN\u00e3o desistir\u201d<\/a>. <\/p>\n\n\n\n<p class=\"wp-block-paragraph\"><strong>Lando Norris, sexto:<\/strong> <a href=\"https:\/\/www.grandepremio.com\/br\/f1\/noticias\/lando-norris-diz-que-evitou-riscos-idiotas-corrida-sprint-exalta-lewis-hamilton-parece-facil\/\">Norris diz que evitou \u201criscos idiotas\u201d na corrida sprint e exalta Hamilton: \u201cFaz parecer f\u00e1cil\u201d<\/a>.<\/p>\n\n\n\n<figure class=\"wp-block-image size-large\"><img decoding=\"async\" src=\"https:\/\/www.grandepremio.com\/br\/wp-content\/uploads\/2021\/11\/redbull-maxverstappen-03-4-1024x683.jpg\" alt=\"\" class=\"wp-image-524817\"\/><figcaption>Max Verstappen foi segundo na sprint race de SP (Foto: Red Bull Content Pool)<\/figcaption><\/figure>\n\n\n\n<p class=\"wp-block-paragraph\"><strong>Charles Leclerc, s\u00e9timo:<\/strong> <a href=\"https:\/\/www.grandepremio.com\/br\/f1\/noticias\/charles-leclerc-revela-surpresa-ultrapassagem-facil-lewis-hamilton-sprint-sp\/\">Leclerc revela surpresa com \u201cultrapassagem f\u00e1cil\u201d de Hamilton na sprint em SP<\/a>.<\/p>\n\n\n\n<p class=\"wp-block-paragraph\"><strong>Pierre Gasly, oitavo:<\/strong> \u201cTivemos um p\u00e9ssimo in\u00edcio hoje, perdi tr\u00eas posi\u00e7\u00f5es na Curva 1 e simplesmente n\u00e3o tive ritmo para voltar a brigar com Ferrari e McLaren. N\u00e3o era o que imaginava, ent\u00e3o vamos ver o que podemos fazer melhor amanh\u00e3. Esse n\u00e3o foi o dia mais f\u00e1cil para n\u00f3s, especialmente porque as \u00faltimas voltas com os pneus macios foram muito dif\u00edceis. Vamos olhar para a estrat\u00e9gia esta noite e fazer tudo o que pudermos para voltar com for\u00e7a amanh\u00e3.&#8221;<\/p>\n\n\n\n<p class=\"wp-block-paragraph\"><strong>Esteban Ocon, nono:<\/strong> <a href=\"https:\/\/www.grandepremio.com\/br\/f1\/noticias\/esteban-ocon-defende-max-verstappen-apos-multa-sofrida-interlagos-nao-fez-nada-errado\/\">Ocon defende Verstappen ap\u00f3s multa sofrida em Interlagos: \u201cN\u00e3o fez nada de errado\u201d<\/a>.<\/p>\n\n\n\n<p class=\"wp-block-paragraph\"><strong>Sebastian Vettel, d\u00e9cimo:<\/strong> <a href=\"https:\/\/www.grandepremio.com\/br\/f1\/noticias\/sebastian-vettel-ve-carros-mais-rapidos-logo-atras-e-espera-por-dificuldades-em-interlagos\/\">Vettel v\u00ea \u201ccarros mais r\u00e1pidos\u201d logo atr\u00e1s e espera por dificuldades em Interlagos<\/a>.<\/p>\n\n\n\n<p class=\"wp-block-paragraph\"><strong>Daniel Ricciardo, 11\u00ba:<\/strong> <a href=\"https:\/\/www.grandepremio.com\/br\/f1\/noticias\/daniel-ricciardo-chama-responsabilidade-corrida-sprint-ruim-brasil-tudo-minha-culpa\/\">Ricciardo chama responsabilidade por corrida sprint ruim no Brasil: \u201cTudo minha culpa\u201d<\/a>.<\/p>\n\n\n\n<p class=\"wp-block-paragraph\"><strong>Fernando Alonso, 12\u00ba:<\/strong> <a href=\"https:\/\/www.grandepremio.com\/br\/f1\/noticias\/fernando-alonso-desempenho-frustrante-sprint-race-sp-erro-na-escolha-dos-pneus\/\">Alonso v\u00ea desempenho \u201cfrustrante\u201d na sprint race em SP e erro na escolha dos pneus<\/a>.<\/p>\n\n\n\n<p class=\"wp-block-paragraph\"><strong>Antonio Giovinazzi, 13\u00ba:<\/strong> &#8220;N\u00e3o teve como evitar a colis\u00e3o, estava por dentro mas, de repente, Kimi fez um movimento brusco para onde eu estava e nos tocamos. Precisamos ver um pouco mais para avaliar os danos causados pelo impacto. O carro n\u00e3o ficou de todo ruim, usamos os pneus macios e tivemos um desempenho dentro do esperado.&#8221;<\/p>\n\n\n\n<figure class=\"wp-block-image size-large\"><img decoding=\"async\" src=\"https:\/\/www.grandepremio.com\/br\/wp-content\/uploads\/2021\/11\/ferrari-afp-carlossainz-03-1024x702.jpg\" alt=\"\" class=\"wp-image-524794\"\/><figcaption>Carlos Sainz foi o terceiro colocado na corrida sprint do GP de S\u00e3o Paulo (Foto: AFP)<\/figcaption><\/figure>\n\n\n\n<p class=\"wp-block-paragraph\"><strong>Conhe\u00e7a o canal do Grande Pr\u00eamio no YouTube! Clique&nbsp;<a target=\"_blank\" href=\"https:\/\/youtube.com\/GrandePremioTV\" rel=\"noreferrer noopener\">aqui<\/a>.<\/strong><br><strong>Siga o Grande Pr\u00eamio no&nbsp;<a target=\"_blank\" href=\"https:\/\/twitter.com\/grandepremio\" rel=\"noreferrer noopener\">Twitter&nbsp;<\/a>e no&nbsp;<a target=\"_blank\" href=\"https:\/\/instagram.com\/grandepremio\" rel=\"noreferrer noopener\">Instagram<\/a>!<\/strong><\/p>\n\n\n\n<p class=\"wp-block-paragraph\"><strong>Lance Stroll, 14\u00ba:<\/strong> \u201cGanhamos uma posi\u00e7\u00e3o para a corrida amanh\u00e3, o que \u00e9 positivo. N\u00e3o houve muita a\u00e7\u00e3o ao nosso redor no in\u00edcio, ent\u00e3o mantivemos o P15 ao final da primeira volta. No fim, (Yuki) Tsunoda come\u00e7ou a sofrer com os pneus macios, enquanto administramos os m\u00e9dios muito bem. \u00c9 uma pista bem dif\u00edcil de ultrapassar, amanh\u00e3 \u00e9 uma longa corrida e tudo pode acontecer por aqui, talvez haja algumas oportunidades para n\u00f3s&#8221;.<\/p>\n\n\n\n<p class=\"wp-block-paragraph\"><strong>Yuki Tsunoda, 15\u00ba:<\/strong> \u201cN\u00e3o estou feliz com o desempenho de hoje. Perdi muitas posi\u00e7\u00f5es na primeira volta e depois disso n\u00e3o consegui melhorar meu ritmo com o pneu macio. Devido ao formato deste fim de semana, n\u00e3o completei muitas voltas aqui, mas aprendi muito hoje para seguir em frente na corrida de amanh\u00e3.&#8221;<\/p>\n\n\n\n<p class=\"wp-block-paragraph\"><strong>Nicholas Latifi, 16\u00ba:<\/strong> &#8220;N\u00e3o tivemos ritmo hoje durante a corrida sprint, ent\u00e3o n\u00e3o pude realmente desafiar ningu\u00e9m pela frente. Se houvesse mais uma volta, talvez poderia ultrapassar Tsunoda, por\u00e9m, lutamos muito com os nossos pneus. Vai ser uma longa corrida amanh\u00e3, muita coisa pode acontecer aqui em Interlagos, teremos de estar prontos para aproveitarmos as oportunidades que surgirem.&#8221;<\/p>\n\n\n\n<p class=\"wp-block-paragraph\"><strong>George Russell, 17\u00ba:<\/strong> &#8220;Batalhei muito, mas infelizmente n\u00e3o foi uma boa corrida sprint para n\u00f3s hoje. Nestas provas curtas, \u00e9 dif\u00edcil fazer a escolha correta de pneus que vai lhe dar a chance de ultrapassar. Acredito que, para amanh\u00e3, haver\u00e1 algumas estrat\u00e9gias diferentes que dar\u00e3o novas oportunidades, mas vamos seguir lutando para ganhar ritmo neste final de semana&#8221;.<\/p>\n\n\n\n<p class=\"wp-block-paragraph\"><strong>Kimi R\u00e4ikk\u00f6nen, 18\u00ba:<\/strong> \u201cTive um enrosco com Alonso e Antonio na curva 1, n\u00e3o tinha muito espa\u00e7o ali naquele momento e n\u00e3o pude evitar, infelizmente. Admito que o nosso ritmo de corrida hoje foi bem complicado. Precisamos melhorar para amanh\u00e3, vamos ver o que pode ser feito\u201d.<\/p>\n\n\n\n<p class=\"wp-block-paragraph\"><strong>Mick Schumacher, 19\u00ba:<\/strong> &#8220;Se fizermos uma retrospectiva, podemos imaginar que a estrat\u00e9gia que fizemos era a mais r\u00e1pida, mas quer\u00edamos logo de cara uma boa largada e uma \u00f3tima primeira volta. Mas n\u00e3o foi poss\u00edvel, n\u00e3o conseguimos passar ningu\u00e9m. N\u00e3o valeu a pena desta vez, por\u00e9m, temos uma nova oportunidade amanh\u00e3\u201d.<\/p>\n\n\n\n<p class=\"wp-block-paragraph\"><strong>Nikita Mazepin, 20\u00ba:<\/strong> &#8220;Acredito que as primeiras voltas foram boas, tive a oportunidade de ficar bem pr\u00f3ximo \u00e0 Mick (Schumacher). Disputamos ali, lado a lado, por quatro curvas. Realmente senti que era o momento certo para obtermos uma rea\u00e7\u00e3o, mas infelizmente os pneus traseiros brecaram minha evolu\u00e7\u00e3o daquele ponto em diante.\u201d<\/p>\n\n\n\n<p class=\"wp-block-paragraph\">O&nbsp;<strong>GRANDE PR\u00caMIO<\/strong>&nbsp;acompanha o GP de S\u00e3o Paulo \u2018in loco\u2019 em&nbsp;<a href=\"https:\/\/www.grandepremio.com\/br\/etapa\/f1\/gp-de-sao-paulo-brasil-formula-1-2021\/\" target=\"_blank\" rel=\"noreferrer noopener\">Interlagos<\/a>&nbsp;com os jornalistas Fernando Silva e Gabriel Curty, al\u00e9m de toda equipe de maneira remota. O&nbsp;<strong>GP<\/strong>&nbsp;tamb\u00e9m segue todas as atividades de pista do fim de semana&nbsp;<strong><a href=\"https:\/\/www.grandepremio.com\/br\/ao-vivo\/f1\/\">AO VIVO<\/a><\/strong>&nbsp;e&nbsp;<strong><a href=\"https:\/\/www.grandepremio.com\/br\/ao-vivo\/\">EM&nbsp;<\/a><a href=\"https:\/\/www.grandepremio.com\/br\/ao-vivo\/\" target=\"_blank\" rel=\"noreferrer noopener\">TEMPO REAL<\/a><\/strong>. A largada est\u00e1 marcada para 14h (de Bras\u00edlia) do domingo.<\/p>\n\n\n\n<figure class=\"wp-block-video\"><video class=\"video-js vjs-big-play-centered\" data-gp-vjs=\"1\" controls src=\"https:\/\/www.grandepremio.com\/br\/wp-content\/uploads\/2021\/11\/HamiltonSprintBrasil.mp4\"><\/video><figcaption>Lewis Hamilton foi um dos grandes nomes da corrida sprint deste s\u00e1bado em Interlagos (V\u00eddeo: F1)<\/figcaption><\/figure>\n","protected":false},"excerpt":{"rendered":"<p>Valtteri Bottas superou Max Verstappen logo na largada e partiu soberano para vencer \u00faltima corrida sprint da temporada 2021. Confira declara\u00e7\u00f5es dos pilotos no s\u00e1bado (13) de Interlagos<\/p>\n","protected":false},"author":0,"featured_media":1000524822,"comment_status":"closed","ping_status":"closed","sticky":false,"template":"","format":"standard","meta":{"42wp_featured_image_caption":"","42wp_featured_image_credits":"","42wp_featured_video":"","42wp_featured_image_hidden":false,"42wp_authors_list":[],"footnotes":""},"categories":[2],"tags":[783,546,5921,147,156,24837,180,26680,124,87,203,82,204,2018,612],"42wp_author":[47128,47142],"class_list":["post-116340","post","type-post","status-publish","format-standard","has-post-thumbnail","hentry","category-f1","tag-brasil","tag-carlos-sainz","tag-corrida-sprint","tag-f1","tag-f1-2021","tag-formula-1-2","tag-formula-1","tag-gp-de-sao-paulo","tag-interlagos","tag-lewis-hamilton","tag-max-verstappen","tag-mercedes","tag-red-bull","tag-sprint-race","tag-valtteri-bottas","42wp_author-guilherme-bloisi","42wp_author-jp-nascimento"],"_links":{"self":[{"href":"https:\/\/grandepremio.com\/br\/wp-json\/wp\/v2\/posts\/116340","targetHints":{"allow":["GET"]}}],"collection":[{"href":"https:\/\/grandepremio.com\/br\/wp-json\/wp\/v2\/posts"}],"about":[{"href":"https:\/\/grandepremio.com\/br\/wp-json\/wp\/v2\/types\/post"}],"replies":[{"embeddable":true,"href":"https:\/\/grandepremio.com\/br\/wp-json\/wp\/v2\/comments?post=116340"}],"version-history":[{"count":0,"href":"https:\/\/grandepremio.com\/br\/wp-json\/wp\/v2\/posts\/116340\/revisions"}],"wp:featuredmedia":[{"embeddable":true,"href":"https:\/\/grandepremio.com\/br\/wp-json\/wp\/v2\/media\/1000524822"}],"wp:attachment":[{"href":"https:\/\/grandepremio.com\/br\/wp-json\/wp\/v2\/media?parent=116340"}],"wp:term":[{"taxonomy":"category","embeddable":true,"href":"https:\/\/grandepremio.com\/br\/wp-json\/wp\/v2\/categories?post=116340"},{"taxonomy":"post_tag","embeddable":true,"href":"https:\/\/grandepremio.com\/br\/wp-json\/wp\/v2\/tags?post=116340"},{"taxonomy":"42wp_author","embeddable":true,"href":"https:\/\/grandepremio.com\/br\/wp-json\/wp\/v2\/42wp_author?post=116340"}],"curies":[{"name":"wp","href":"https:\/\/api.w.org\/{rel}","templated":true}]}}