{"id":116343,"date":"2021-11-13T20:51:08","date_gmt":"2021-11-13T23:51:08","guid":{"rendered":"https:\/\/grandepremio.com\/br\/noticias\/max-verstappen-sofre-potencia-mercedes-sp-largada-ares-decisao\/"},"modified":"2021-11-13T20:52:48","modified_gmt":"2021-11-13T23:52:48","slug":"max-verstappen-sofre-potencia-mercedes-sp-largada-ares-decisao","status":"publish","type":"post","link":"https:\/\/grandepremio.com\/br\/f1\/max-verstappen-sofre-potencia-mercedes-sp-largada-ares-decisao\/","title":{"rendered":"Verstappen sofre com pot\u00eancia da Mercedes em SP. E largada ganha ares de decis\u00e3o"},"content":{"rendered":"\n<figure class=\"wp-block-video\"><video class=\"video-js vjs-big-play-centered\" data-gp-vjs=\"1\" controls src=\"https:\/\/www.grandepremio.com\/br\/wp-content\/uploads\/2021\/11\/Novo-video-MaxVerstappen_ParqueFechado.mp4\"><\/video><\/figure>\n\n\n\n<p class=\"wp-block-paragraph\">Longe do s\u00e1bado (13) ter sido tr\u00e1gico para Max Verstappen, especialmente pelo que a sexta-feira desenhou, mas largar em primeiro e terminar em segundo, atr\u00e1s de uma Mercedes, nunca \u00e9 a melhor coisa do mundo. Em Interlagos, no dia da sprint race, Max viveu uma montanha-russa de emo\u00e7\u00f5es. E acabou mais para baixo do que para cima, especialmente pelo que aconteceu com a Mercedes.<\/p>\n\n\n\n<p class=\"wp-block-paragraph\">Para entender a din\u00e2mica complexa do dia do l\u00edder do campeonato, \u00e9 preciso voltar ao que aconteceu na sexta-feira. \u00c9 que Verstappen viu Lewis Hamilton o atropelar na classifica\u00e7\u00e3o, colocando mais de 0s4 de vantagem na &#8216;pole&#8217; para a sprint race. S\u00f3 que tudo mudou quando as investiga\u00e7\u00f5es come\u00e7aram: primeiro, Hamilton, por estar com uma asa traseira ilegal. Depois, Max, que encostou no carro do rival no per\u00edodo de parque fechado.<\/p>\n\n\n\n<p class=\"wp-block-paragraph\">Em pouco tempo, o holand\u00eas ia de segundo, longe do primeiro, para virtual &#8216;pole&#8217; e, na sequ\u00eancia, poss\u00edvel desclassificado. Um sobe e desce danado de emo\u00e7\u00f5es. Mas veio o s\u00e1bado e Verstappen s\u00f3 tomou uma multa, enquanto o grande rival na briga pelo campeonato perdeu a pole da sprint race e todas as outras posi\u00e7\u00f5es, caindo para \u00faltimo.<\/p>\n\n\n\n<figure class=\"wp-block-image size-large\"><img decoding=\"async\" src=\"https:\/\/www.grandepremio.com\/br\/wp-content\/uploads\/2021\/11\/redbull-maxverstappen-01-4-1024x683.jpg\" alt=\"\" class=\"wp-image-524815\"\/><figcaption>Max Verstappen ficou atr\u00e1s da Mercedes de Valtteri Bottas (Foto: Red Bull Content Pool)<\/figcaption><\/figure>\n\n\n\n<p class=\"wp-block-paragraph\">Naquele momento, Max retomava um favoritismo que parecia ter evaporado com a domin\u00e2ncia de Lewis na classifica\u00e7\u00e3o. Basicamente, era bater Valtteri Bottas e correr para o abra\u00e7o, no s\u00e1bado e no domingo. Na largada de hoje, a montanha-russa partiu de novo para o ponto baixo.<\/p>\n\n\n\n<p class=\"wp-block-paragraph\">Com problema no c\u00e2mbio e os pneus errados, Verstappen ficou para tr\u00e1s logo na primeira curva, superado por Bottas e, depois, por um inspirad\u00edssimo Carlos Sainz. O troco no espanhol n\u00e3o tardou, a diferen\u00e7a dos carros era not\u00e1vel, mas a amea\u00e7a real ao finland\u00eas nunca aconteceu, mesmo com os pneus macios do oponente se deteriorando.<\/p>\n\n\n\n<p class=\"wp-block-paragraph\">Isso deixa uma li\u00e7\u00e3o clara para Verstappen: domingo \u00e9 dia de largar com maestria. Mais do que nunca, sair da primeira curva na frente ser\u00e1 um fator, com uma Interlagos turbulenta para ultrapassagens e, principalmente, uma Mercedes que tem rugido ferozmente nas retas.<\/p>\n\n\n\n<p class=\"wp-block-paragraph\">E \u00e9 a\u00ed que est\u00e1 o grande ponto. N\u00e3o \u00e9 apenas com Bottas que Verstappen deve se preocupar, mas tamb\u00e9m com Hamilton, por incr\u00edvel que pare\u00e7a. \u00c9 que o ingl\u00eas enfileirou 15 carros em 24 voltas no s\u00e1bado e, no domingo, n\u00e3o sai mais de 20\u00ba, mas de d\u00e9cimo. Sim, Lewis voltou a ser uma amea\u00e7a, mesmo largando t\u00e3o longe.<\/p>\n\n\n\n<figure class=\"wp-block-image size-large\"><img decoding=\"async\" src=\"https:\/\/www.grandepremio.com\/br\/wp-content\/uploads\/2021\/11\/M289647-1024x683.jpg\" alt=\"VALTTERI BOTTAS; MAX VERSTAPPEN; GP DE S\u00c3O PAULO; F1;\" class=\"wp-image-524679\"\/><figcaption>Valtteri Bottas usou a for\u00e7a da Mercedes e segurou Max Verstappen e venceu a corrida sprint em SP (Foto: Wolfgang Wilhelm\/Mercedes)<\/figcaption><\/figure>\n\n\n\n<p class=\"wp-block-paragraph\">Ou seja, al\u00e9m de arrumar a pr\u00f3pria vida tirando Valtteri da frente, Max tamb\u00e9m evitaria que o finland\u00eas o segurasse a ponto de Hamilton colar em algum momento da corrida. Por isso, t\u00e3o decisiva a largada ser\u00e1 na din\u00e2mica da prova. Afinal, caso supere Bottas logo de cara, \u00e9 improv\u00e1vel que qualquer um encoste no holand\u00eas ao longo das 71 voltas do domingo.<\/p>\n\n\n\n<p class=\"wp-block-paragraph\">Nas declara\u00e7\u00f5es, um Verstappen resignado com o segundo lugar na sprint race e admitindo: n\u00e3o est\u00e1 f\u00e1cil ultrapassar um carro que tenha desempenho parecido na pista brasileira.<\/p>\n\n\n\n<p class=\"wp-block-paragraph\">\u201cA largada em si n\u00e3o foi das melhores, est\u00e1vamos com compostos mais duros [do que Bottas]. Ent\u00e3o, isso tamb\u00e9m foi um fator, n\u00e3o foi das mais f\u00e1ceis. O ritmo era bastante bom, mas aqui em Interlagos, quando voc\u00ea se aproxima muito, fica dif\u00edcil de ultrapassar&#8221;, disse.<\/p>\n\n\n\n<p class=\"wp-block-paragraph\">Max tamb\u00e9m explicou que a Mercedes tem falado mais alto nas retas. Assim, sair da Jun\u00e7\u00e3o mais equilibrado \u00e9 fundamental para ter qualquer chance de aplicar a manobra.<\/p>\n\n\n\n<p class=\"wp-block-paragraph\">\u201cEles [Mercedes] s\u00e3o r\u00e1pidos nas retas. Ent\u00e3o voc\u00ea realmente precisa de uma boa \u00faltima curva para poder fazer a ultrapassagem. Hoje n\u00e3o foi poss\u00edvel, mas tentaremos novamente amanh\u00e3\u201d, comentou.<\/p>\n\n\n\n<figure class=\"wp-block-image size-large\"><img decoding=\"async\" src=\"https:\/\/www.grandepremio.com\/br\/wp-content\/uploads\/2021\/11\/redbull-maxverstappen-02-4-1024x683.jpg\" alt=\"\" class=\"wp-image-524816\"\/><figcaption>Max Verstappen conseguiu passar a Ferrari, mas n\u00e3o a Mercedes na sprint race (Foto: Red Bull Content Pool)<\/figcaption><\/figure>\n\n\n\n<p class=\"wp-block-paragraph\">Mas, como n\u00e3o podia deixar de ser em um fim de semana assim, Verstappen n\u00e3o se ateve aos acontecimentos da sprint race. Ir\u00f4nico ao comentar que a FIA vai ter um &#8220;bom jantar, com um bom vinho&#8221; com os R$ 312 mil de multa que pagou, o holand\u00eas fez quest\u00e3o de deixar de novo no ar que<a href=\"https:\/\/www.grandepremio.com\/br\/f1\/noticias\/max-verstappen-reforca-suspeita-sobre-asa-traseira-da-mercedes-parece-que-tem-algo-rolando\/\"> h\u00e1 uma irregularidade nas asas traseiras da rival<\/a>. N\u00e3o apenas a identificada e que desclassificou Hamilton na sexta-feira.<\/p>\n\n\n\n<p class=\"wp-block-paragraph\">\u201cClaro que existiram conversas, e claro que ainda existem coisas que precisam ser observadas \u2014 porque a certa velocidade, parece que as asas est\u00e3o flexionando\u201d, disse Max. \u201cMas parece que algo ainda est\u00e1 rolando l\u00e1 [na asa traseira da Mercedes]. Ent\u00e3o foi por isso que eu fui dar uma olhada\u201d, completou.<\/p>\n\n\n\n<p class=\"wp-block-paragraph\">Viajando na montanha-russa na esfera desportiva em Interlagos, o holand\u00eas tamb\u00e9m faz o mesmo nas declara\u00e7\u00f5es. Ap\u00f3s a fase mais paz e amor e foco total na disputa pelo t\u00edtulo com p\u00e9s no ch\u00e3o, a vers\u00e3o mais \u00e1cida do piloto do #33 voltou. Resta saber, agora, qual Max veremos no domingo. A tend\u00eancia \u00e9 que seja um misto dos dois no comportamento e um cara mais agressivo do que hoje na largada. Se isso, de fato, acontecer, o t\u00edtulo deve ficar encaminhado.<\/p>\n\n\n\n<p class=\"wp-block-paragraph\"><strong>Conhe\u00e7a o canal do Grande Pr\u00eamio no YouTube! Clique\u00a0<a target=\"_blank\" href=\"https:\/\/youtube.com\/GrandePremioTV\" rel=\"noreferrer noopener\">aqui<\/a>.<\/strong><br><strong>Siga o Grande Pr\u00eamio no\u00a0<a target=\"_blank\" href=\"https:\/\/twitter.com\/grandepremio\" rel=\"noreferrer noopener\">Twitter\u00a0<\/a>e no\u00a0<a target=\"_blank\" href=\"https:\/\/instagram.com\/grandepremio\" rel=\"noreferrer noopener\">Instagram<\/a>!<\/strong><\/p>\n\n\n\n<p class=\"wp-block-paragraph\">O\u00a0<strong>GRANDE PR\u00caMIO<\/strong>\u00a0acompanha o GP de S\u00e3o Paulo \u2018in loco\u2019 em\u00a0<a href=\"https:\/\/www.grandepremio.com\/br\/etapa\/f1\/gp-de-sao-paulo-brasil-formula-1-2021\/\" target=\"_blank\" rel=\"noreferrer noopener\">Interlagos<\/a>\u00a0com os jornalistas Fernando Silva e Gabriel Curty, al\u00e9m de toda equipe de maneira remota. O\u00a0<strong>GP<\/strong>\u00a0tamb\u00e9m segue todas as atividades de pista do fim de semana\u00a0<strong><a href=\"https:\/\/www.grandepremio.com\/br\/ao-vivo\/f1\/\">AO VIVO<\/a><\/strong>\u00a0e\u00a0<strong><a href=\"https:\/\/www.grandepremio.com\/br\/ao-vivo\/\">EM\u00a0<\/a><a href=\"https:\/\/www.grandepremio.com\/br\/ao-vivo\/\" target=\"_blank\" rel=\"noreferrer noopener\">TEMPO REAL<\/a><\/strong>. <\/p>\n\n\n\n<figure class=\"wp-block-embed is-type-video is-provider-youtube wp-block-embed-youtube wp-embed-aspect-16-9 wp-has-aspect-ratio\"><div class=\"wp-block-embed__wrapper\">\n<iframe loading=\"lazy\" title=\"F1 EM S\u00c3O PAULO: BOTTAS BATE VERSTAPPEN E \u00c9 POLE. HAMILTON BRILHA | Briefing\" width=\"500\" height=\"281\" src=\"https:\/\/www.youtube.com\/embed\/XWHGoy4rkEM?feature=oembed\" frameborder=\"0\" allow=\"accelerometer; autoplay; clipboard-write; encrypted-media; gyroscope; picture-in-picture; web-share\" referrerpolicy=\"strict-origin-when-cross-origin\" allowfullscreen><\/iframe>\n<\/div><\/figure>\n","protected":false},"excerpt":{"rendered":"<p>Depois de uma sexta-feira que s\u00f3 acabou de fato na tarde do s\u00e1bado com investiga\u00e7\u00f5es, Max Verstappen sentiu na pele a for\u00e7a do motor Mercedes nas retas de Interlagos. Com isso, atr\u00e1s de Valtteri Bottas no grid do GP de S\u00e3o Paulo, o holand\u00eas vai precisar de \u00f3tima largada para n\u00e3o apenas passar o finland\u00eas, mas tamb\u00e9m evitar sufoco com um Lewis Hamilton que partir\u00e1 faminto do meio do pelot\u00e3o<\/p>\n","protected":false},"author":0,"featured_media":1000524817,"comment_status":"closed","ping_status":"closed","sticky":false,"template":"","format":"standard","meta":{"42wp_featured_image_caption":"","42wp_featured_image_credits":"","42wp_featured_video":"","42wp_featured_image_hidden":false,"42wp_authors_list":[],"footnotes":""},"categories":[2],"tags":[147,156,24837,28370,502,87,203,82,204,612],"42wp_author":[47117],"class_list":["post-116343","post","type-post","status-publish","format-standard","has-post-thumbnail","hentry","category-f1","tag-f1","tag-f1-2021","tag-formula-1-2","tag-gp-de-sao-paulo-2","tag-gp-do-brasil","tag-lewis-hamilton","tag-max-verstappen","tag-mercedes","tag-red-bull","tag-valtteri-bottas","42wp_author-gabriel-curty"],"_links":{"self":[{"href":"https:\/\/grandepremio.com\/br\/wp-json\/wp\/v2\/posts\/116343","targetHints":{"allow":["GET"]}}],"collection":[{"href":"https:\/\/grandepremio.com\/br\/wp-json\/wp\/v2\/posts"}],"about":[{"href":"https:\/\/grandepremio.com\/br\/wp-json\/wp\/v2\/types\/post"}],"replies":[{"embeddable":true,"href":"https:\/\/grandepremio.com\/br\/wp-json\/wp\/v2\/comments?post=116343"}],"version-history":[{"count":0,"href":"https:\/\/grandepremio.com\/br\/wp-json\/wp\/v2\/posts\/116343\/revisions"}],"wp:featuredmedia":[{"embeddable":true,"href":"https:\/\/grandepremio.com\/br\/wp-json\/wp\/v2\/media\/1000524817"}],"wp:attachment":[{"href":"https:\/\/grandepremio.com\/br\/wp-json\/wp\/v2\/media?parent=116343"}],"wp:term":[{"taxonomy":"category","embeddable":true,"href":"https:\/\/grandepremio.com\/br\/wp-json\/wp\/v2\/categories?post=116343"},{"taxonomy":"post_tag","embeddable":true,"href":"https:\/\/grandepremio.com\/br\/wp-json\/wp\/v2\/tags?post=116343"},{"taxonomy":"42wp_author","embeddable":true,"href":"https:\/\/grandepremio.com\/br\/wp-json\/wp\/v2\/42wp_author?post=116343"}],"curies":[{"name":"wp","href":"https:\/\/api.w.org\/{rel}","templated":true}]}}