{"id":116359,"date":"2021-11-13T15:52:34","date_gmt":"2021-11-13T18:52:34","guid":{"rendered":"https:\/\/grandepremio.com\/br\/noticias\/lewis-hamilton-desclassificado-o-que-levou-comissarios-optarem-punicao-sao-paulo\/"},"modified":"2021-11-13T21:07:56","modified_gmt":"2021-11-14T00:07:56","slug":"lewis-hamilton-desclassificado-o-que-levou-comissarios-optarem-punicao-sao-paulo","status":"publish","type":"post","link":"https:\/\/grandepremio.com\/br\/f1\/lewis-hamilton-desclassificado-o-que-levou-comissarios-optarem-punicao-sao-paulo\/","title":{"rendered":"Hamilton desclassificado: o que levou comiss\u00e1rios a optarem pela puni\u00e7\u00e3o em SP"},"content":{"rendered":"\n<figure class=\"wp-block-embed is-type-video is-provider-youtube wp-block-embed-youtube wp-embed-aspect-16-9 wp-has-aspect-ratio\"><div class=\"wp-block-embed__wrapper\">\n<iframe loading=\"lazy\" title=\"F\u00d3RMULA 1 EM SP: HAMILTON DESCLASSIFICADO, VERSTAPPEN MULTADO | Briefing\" width=\"500\" height=\"281\" src=\"https:\/\/www.youtube.com\/embed\/qX6KSGotS7Q?feature=oembed\" frameborder=\"0\" allow=\"accelerometer; autoplay; clipboard-write; encrypted-media; gyroscope; picture-in-picture; web-share\" referrerpolicy=\"strict-origin-when-cross-origin\" allowfullscreen><\/iframe>\n<\/div><figcaption>F\u00d3RMULA 1 EM SP: HAMILTON DESCLASSIFICADO, VERSTAPPEN MULTADO | Briefing<\/figcaption><\/figure>\n\n\n\n<p class=\"wp-block-paragraph\">Os comiss\u00e1rios da FIA (Federa\u00e7\u00e3o Internacional de Automobilismo) decidiram pela puni\u00e7\u00e3o a Lewis Hamilton por infringir o regulamento t\u00e9cnico da entidade, e com isso, <a href=\"https:\/\/www.grandepremio.com\/br\/f1\/noticias\/lewis-hamilton-punido-fim-grid-corrida-sprint-formula-1-sao-paulo-max-verstappen-sai-na-frente\/\">o ingl\u00eas foi desclassificado da sess\u00e3o classificat\u00f3ria de sexta-feira (12) e larga em \u00faltimo na corrida sprint deste s\u00e1bado<\/a>. De acordo com o documento elaborado pelos comiss\u00e1rios, a abertura da asa m\u00f3vel do ingl\u00eas estava maior do que os 85mm permitidos, o que caracteriza a infra\u00e7\u00e3o.<\/p>\n\n\n\n<p class=\"wp-block-paragraph\">&#8220;Se o medidor passar, ent\u00e3o o carro falhou no teste. neste caso, o medidor n\u00e3o passou na parte de dentro, mas passou na parte de fora da asa. Este teste foi repetido quatro vezes com dois medidores diferentes e sendo feito uma vez na presen\u00e7a dos comiss\u00e1rios e representantes do competidor&#8221;, disse o comunicado. A Mercedes tentou argumentar de duas formas: afirmando que Max Verstappen alterou o carro do ingl\u00eas, e em \u00faltimo caso, alegando que a altera\u00e7\u00e3o n\u00e3o ocorreu de forma proposital.<\/p>\n\n\n\n<p class=\"wp-block-paragraph\">No entanto, ainda de acordo com o documento produzido pela organiza\u00e7\u00e3o que regula a F\u00f3rmula 1, a FIA concordou apenas com a segunda linha de defesa da Mercedes, e n\u00e3o foram encontrados ind\u00edcios de que a escuderia mudou a abertura da asa intencionalmente. <\/p>\n\n\n\n<figure class=\"wp-block-video\"><video class=\"video-js vjs-big-play-centered\" data-gp-vjs=\"1\" controls src=\"https:\/\/www.grandepremio.com\/br\/wp-content\/uploads\/2021\/11\/Novo-video-MaxVerstappen_ParqueFechado.mp4\"><\/video><figcaption>O flagra do momento em que Max Verstappen checou a asa traseira do carro de Lewis Hamilton em Interlagos (Foto: Reprodu\u00e7\u00e3o)<\/figcaption><\/figure>\n\n\n\n<p class=\"wp-block-paragraph\"><strong>\u25b6\ufe0f&nbsp;Inscreva-se nos dois canais do GRANDE PR\u00caMIO no YouTube:&nbsp;<a href=\"https:\/\/www.youtube.com\/channel\/UC9OlHEgxoaY6QY6nWPoiqQg?sub_confirmation=1\" target=\"_blank\" rel=\"noreferrer noopener\">GP<\/a>&nbsp;|&nbsp;<a href=\"https:\/\/www.youtube.com\/channel\/UC9csiS6q_C3C0FYhyr1rnFA?sub_confirmation=1\" target=\"_blank\" rel=\"noreferrer noopener\">GP2<\/a><\/strong><\/p>\n\n\n\n<p class=\"wp-block-paragraph\">&#8220;O competidor notou que isso n\u00e3o \u00e9 uma brecha sist\u00eamica, mas \u00fanica. Foi, na verdade, alguma coisa que deu errado. E mais, que gostariam de ter a chance de inspecionar as partes com a inten\u00e7\u00e3o de apresentar alguma defesa para os comiss\u00e1rios sobre como o problema come\u00e7ou. No entanto, os comiss\u00e1rios fundamentalmente aceitam a explica\u00e7\u00e3o do competidor de que a causa do fracasso do teste foi alguma coisa que &#8216;deu errado&#8217; em vez de uma a\u00e7\u00e3o deliberada&#8221;.<\/p>\n\n\n\n<p class=\"wp-block-paragraph\">O v\u00eddeo revelado por um f\u00e3 e enviado ao <strong>GRANDE PR\u00caMIO<\/strong> chamou aten\u00e7\u00e3o para o fato de que Max Verstappen encostou no carro do ingl\u00eas ap\u00f3s a classifica\u00e7\u00e3o, mas n\u00e3o houve comprova\u00e7\u00e3o por parte dos fiscais de que isso alterou a asa m\u00f3vel da Mercedes #44. &#8220;Os comiss\u00e1rios passaram tempo recolhendo todas as informa\u00e7\u00f5es dispon\u00edveis deste incidente, (&#8230;) por\u00e9m, ficaram totalmente satisfeitos ap\u00f3s revisaram extensivamente a totalidade das evid\u00eancias sobre o incidente, que n\u00e3o tem efeito neste caso&#8221;.<\/p>\n\n\n\n<figure class=\"wp-block-video\"><video class=\"video-js vjs-big-play-centered\" data-gp-vjs=\"1\" controls src=\"https:\/\/www.grandepremio.com\/br\/wp-content\/uploads\/2021\/11\/Max-Asas.mp4\"><\/video><figcaption>Max Verstappen confere asa traseira da Mercedes #44 ap\u00f3s classifica\u00e7\u00e3o em Interlagos (V\u00eddeo: Frederico Monteiro\/Twitter)<\/figcaption><\/figure>\n\n\n\n<p class=\"wp-block-paragraph\">Al\u00e9m disso, para que o julgamento obtivesse o maior n\u00famero de provas necess\u00e1rias, a FIA consultou as c\u00e2meras dos carros de Fernando Alonso, Valtteri Bottas, Sergio P\u00e9rez, e do pr\u00f3prio Hamilton. A Mercedes argumentou que a altera\u00e7\u00e3o n\u00e3o foi proposital \u2014 e sim, fruto de alguma falha \u2014 em argumento que foi acatado pelos comiss\u00e1rios. Eles, no entanto, mantiveram a puni\u00e7\u00e3o, j\u00e1 que a equipe obteve vantagem com a irregularidade, que ajuda o carro a aumentar sua velocidade nas retas.<\/p>\n\n\n\n<p class=\"wp-block-paragraph\">Desta forma, com Lewis punido, Max Verstappen assume a lideran\u00e7a do grid de largada da corrida sprint, programada para as 16h (de Bras\u00edlia) deste s\u00e1bado. Valtteri Bottas, companheiro de Hamilton na Mercedes, sai ao lado do holand\u00eas, logo \u00e0 frente do terceiro colocado Sergio P\u00e9rez, parceiro de Max.<\/p>\n\n\n\n<p class=\"wp-block-paragraph\">O&nbsp;<strong>GRANDE PR\u00caMIO<\/strong>&nbsp;acompanha o GP de S\u00e3o Paulo \u2018in loco\u2019 em&nbsp;<a href=\"https:\/\/www.grandepremio.com\/br\/etapa\/f1\/gp-de-sao-paulo-brasil-formula-1-2021\/\" target=\"_blank\" rel=\"noreferrer noopener\">Interlagos<\/a>&nbsp;com os jornalistas Fernando Silva e Gabriel Curty, al\u00e9m de toda equipe de maneira remota. O&nbsp;<strong>GP<\/strong>&nbsp;tamb\u00e9m segue todas as atividades de pista do fim de semana&nbsp;<strong><a href=\"https:\/\/www.grandepremio.com\/br\/ao-vivo\/f1\/\">AO VIVO<\/a><\/strong>&nbsp;e&nbsp;<strong><a href=\"https:\/\/www.grandepremio.com\/br\/ao-vivo\/\">EM&nbsp;<\/a><a href=\"https:\/\/www.grandepremio.com\/br\/ao-vivo\/\" target=\"_blank\" rel=\"noreferrer noopener\">TEMPO REAL<\/a><\/strong>. A corrida sprint est\u00e1 marcada para logo mais, \u00e0s 16h30 (de Bras\u00edlia).<\/p>\n\n\n\n<p class=\"wp-block-paragraph\"><\/p>\n","protected":false},"excerpt":{"rendered":"<p>Comiss\u00e1rios decidiram por punir ingl\u00eas da Mercedes, mas n\u00e3o viram influ\u00eancia de Max Verstappen na asa traseira do #44 e concordaram que infra\u00e7\u00e3o ocorreu de forma acidental<\/p>\n","protected":false},"author":0,"featured_media":1000524055,"comment_status":"closed","ping_status":"closed","sticky":false,"template":"","format":"standard","meta":{"42wp_featured_image_caption":"","42wp_featured_image_credits":"","42wp_featured_video":"","42wp_featured_image_hidden":false,"42wp_authors_list":[],"footnotes":""},"categories":[2],"tags":[176,103,26275,28633,124,547,87,203,82,204,3132,612],"42wp_author":[47128,47142],"class_list":["post-116359","post","type-post","status-publish","format-standard","has-post-thumbnail","hentry","category-f1","tag-fernando-alonso","tag-fia","tag-formula-1-2021-3","tag-gp-de-sao-paulo-de-formula-1","tag-interlagos","tag-lando-norris","tag-lewis-hamilton","tag-max-verstappen","tag-mercedes","tag-red-bull","tag-sergio-perez","tag-valtteri-bottas","42wp_author-guilherme-bloisi","42wp_author-jp-nascimento"],"_links":{"self":[{"href":"https:\/\/grandepremio.com\/br\/wp-json\/wp\/v2\/posts\/116359","targetHints":{"allow":["GET"]}}],"collection":[{"href":"https:\/\/grandepremio.com\/br\/wp-json\/wp\/v2\/posts"}],"about":[{"href":"https:\/\/grandepremio.com\/br\/wp-json\/wp\/v2\/types\/post"}],"replies":[{"embeddable":true,"href":"https:\/\/grandepremio.com\/br\/wp-json\/wp\/v2\/comments?post=116359"}],"version-history":[{"count":0,"href":"https:\/\/grandepremio.com\/br\/wp-json\/wp\/v2\/posts\/116359\/revisions"}],"wp:featuredmedia":[{"embeddable":true,"href":"https:\/\/grandepremio.com\/br\/wp-json\/wp\/v2\/media\/1000524055"}],"wp:attachment":[{"href":"https:\/\/grandepremio.com\/br\/wp-json\/wp\/v2\/media?parent=116359"}],"wp:term":[{"taxonomy":"category","embeddable":true,"href":"https:\/\/grandepremio.com\/br\/wp-json\/wp\/v2\/categories?post=116359"},{"taxonomy":"post_tag","embeddable":true,"href":"https:\/\/grandepremio.com\/br\/wp-json\/wp\/v2\/tags?post=116359"},{"taxonomy":"42wp_author","embeddable":true,"href":"https:\/\/grandepremio.com\/br\/wp-json\/wp\/v2\/42wp_author?post=116359"}],"curies":[{"name":"wp","href":"https:\/\/api.w.org\/{rel}","templated":true}]}}