{"id":116376,"date":"2021-11-13T07:04:39","date_gmt":"2021-11-13T10:04:39","guid":{"rendered":"https:\/\/grandepremio.com\/br\/noticias\/valentino-rossi-elogia-grande-talento-diz-seria-prazer-correr-norris-2022\/"},"modified":"2021-11-13T07:04:48","modified_gmt":"2021-11-13T10:04:48","slug":"valentino-rossi-elogia-grande-talento-diz-seria-prazer-correr-norris-2022","status":"publish","type":"post","link":"https:\/\/grandepremio.com\/br\/motogp\/valentino-rossi-elogia-grande-talento-diz-seria-prazer-correr-norris-2022\/","title":{"rendered":"Rossi elogia &#8220;grande talento&#8221; e diz que &#8220;seria um prazer&#8221; correr com Norris em 2022"},"content":{"rendered":"\n<figure class=\"wp-block-embed is-type-video is-provider-youtube wp-block-embed-youtube wp-embed-aspect-16-9 wp-has-aspect-ratio\"><div class=\"wp-block-embed__wrapper\">\n<iframe loading=\"lazy\" title=\"F1 EM S\u00c3O PAULO: HAMILTON SOBRA, MAS PODE FICAR SEM A POLE NA CORRIDA SPRINT | Briefing\" width=\"500\" height=\"281\" src=\"https:\/\/www.youtube.com\/embed\/7UsEf0GPlY8?feature=oembed\" frameborder=\"0\" allow=\"accelerometer; autoplay; clipboard-write; encrypted-media; gyroscope; picture-in-picture; web-share\" referrerpolicy=\"strict-origin-when-cross-origin\" allowfullscreen><\/iframe>\n<\/div><figcaption>F1 EM S\u00c3O PAULO: HAMILTON SOBRA, MAS PODE FICAR SEM A POLE NA CORRIDA SPRINT | Briefing<br><\/figcaption><\/figure>\n\n\n\n<p class=\"wp-block-paragraph\">Enquanto a F\u00f3rmula 1 corre neste fim de semana em Interlagos, Val\u00eancia recebe a MotoGP para a \u00faltima etapa da temporada e tem algo de muito especial: a despedida de Valentino Rossi. Lando Norris, jovem piloto da McLaren na F1, inclusive, <a href=\"https:\/\/www.grandepremio.com\/br\/f1\/noticias\/lando-norris-lamenta-aposentadoria-valentino-rossi-torce-por-parceria-futuro-queremos-algo-juntos\/\" target=\"_blank\" rel=\"noreferrer noopener\">lamentou, \u00e0s v\u00e9speras do GP de S\u00e3o Paulo, a aposentadoria do lend\u00e1rio VR46 e disse quer planejar &#8220;algo juntos no futuro&#8221;<\/a>. E, em entrevista ao site Motosport.com, o eneacampe\u00e3o mundial respondeu que &#8220;seria um prazer&#8221;.<\/p>\n\n\n\n<p class=\"wp-block-paragraph\">Norris nunca escondeu a admira\u00e7\u00e3o por Rossi, inclusive inspirando-se no veterano italiano para desenhar o capacete que utiliza na&nbsp;<a href=\"https:\/\/www.grandepremio.com\/formula-1\/\" target=\"_blank\" rel=\"noreferrer noopener\">F\u00f3rmula 1<\/a>. Ambos chegaram a se conhecer pessoalmente em 2019, no GP da Gr\u00e3-Bretanha da&nbsp;<a href=\"https:\/\/www.grandepremio.com\/br\/motogp\/\" target=\"_blank\" rel=\"noreferrer noopener\">MotoGP<\/a>, e viraram amigos desde ent\u00e3o.<\/p>\n\n\n\n<p class=\"wp-block-paragraph\"><strong>\u25b6\ufe0f&nbsp;Inscreva-se nos dois canais do GRANDE PR\u00caMIO no YouTube:&nbsp;<a href=\"https:\/\/www.youtube.com\/channel\/UC9OlHEgxoaY6QY6nWPoiqQg?sub_confirmation=1\" target=\"_blank\" rel=\"noreferrer noopener\">GP<\/a>&nbsp;|&nbsp;<a href=\"https:\/\/www.youtube.com\/channel\/UC9csiS6q_C3C0FYhyr1rnFA?sub_confirmation=1\" target=\"_blank\" rel=\"noreferrer noopener\">GP2<\/a><\/strong><\/p>\n\n\n\n<figure class=\"wp-block-image size-large\"><img decoding=\"async\" src=\"https:\/\/www.grandepremio.com\/br\/wp-content\/uploads\/2021\/11\/GP_9390-1024x683.jpg\" alt=\"\" class=\"wp-image-523615\"\/><figcaption>Valentino Rossi se despede da MotoGP neste fim de semana (Foto: Divulga\u00e7\u00e3o\/MotoGP)<\/figcaption><\/figure>\n\n\n\n<p class=\"wp-block-paragraph\">\u201cEstou sempre em contato com o Lando porque ele \u00e9 meu f\u00e3 desde o in\u00edcio&#8221;, disse Rossi.&nbsp;&#8220;Ele fez um capacete especial como o meu em Monza.&nbsp;Eu o acompanho muito porque acho que ele \u00e9 um grande talento, e tamb\u00e9m \u00e9 muito jovem, \u00e9 um cara engra\u00e7ado&#8221;, acrescentou.<\/p>\n\n\n\n<p class=\"wp-block-paragraph\">\u201cNo ano que vem, com mais tempo, quero tentar ver uma corrida, uma corrida de F\u00f3rmula 1.&nbsp;Sobre correr juntos no pr\u00f3ximo ano, para mim seria fant\u00e1stico porque o Lando \u00e9 muito r\u00e1pido. Vou correr com carros, e se conseguirmos fazer uma corrida com o Lando, para mim seria um grande, um grande prazer, porque ele \u00e9 muito r\u00e1pido e podemos aproveitar com certeza&#8221;, concluiu. <\/p>\n\n\n\n<p class=\"wp-block-paragraph\"><strong>LEIA TAMB\u00c9M<\/strong><br>#&nbsp;<strong><a href=\"https:\/\/www.grandepremio.com\/br\/motogp\/noticias\/pedro-acosta-conquista-merecido-titulo-moto3-cria-expectativas-para-futuro-mundial\/\">Acosta conquista merecido t\u00edtulo da Moto3 e cria expectativas para futuro no Mundial<\/a><\/strong><br>#&nbsp;<strong><a href=\"https:\/\/www.grandepremio.com\/br\/motogp\/noticias\/francesco-bagnaia-domina-rivais-alcanca-melhor-fase-se-coloca-como-um-dos-favoritos-motogp-2022\/\">Bagnaia domina rivais, alcan\u00e7a melhor fase e se coloca como um dos favoritos para 2022<\/a><\/strong><\/p>\n\n\n\n<p class=\"wp-block-paragraph\">Com 42 anos, Valentino j\u00e1 deixou claro que tem como planos para o futuro seguir correndo, mas<a href=\"https:\/\/www.grandepremio.com\/br\/motogp\/noticias\/valentino-rossi-assume-desejo-correr-carro-adverte-nao-sei-onde-meu-nivel\/\" target=\"_blank\" rel=\"noreferrer noopener\"> agora em quatro rodas e em um n\u00edvel diferente daquele exigido pelo campeonato mundial.<\/a> Ele, inclusive,<a href=\"https:\/\/www.grandepremio.com\/br\/motogp\/noticias\/valentino-rossi-mira-futuro-gt3-apos-aposentadoria-motogp-quero-correr-carro\/\" target=\"_blank\" rel=\"noreferrer noopener\"> relaciona seu futuro com corridas de GT3<\/a>, em que j\u00e1 disputou algumas etapas com a Ferrari pela equipe da Kessel. <\/p>\n\n\n\n<p class=\"wp-block-paragraph\">A classifica\u00e7\u00e3o da&nbsp;<a href=\"https:\/\/www.grandepremio.com\/br\/motogp\/\" target=\"_blank\" rel=\"noreferrer noopener\">MotoGP<\/a>&nbsp;para o GP da Comunidade Valenciana, em&nbsp;<a href=\"https:\/\/www.grandepremio.com\/br\/etapa\/f1\/gp-de-portugal-formula-1-2020\/\" target=\"_blank\" rel=\"noreferrer noopener\">Val\u00eancia<\/a>, acontece no s\u00e1bado, \u00e0s 10h10 (de Bras\u00edlia). O&nbsp;<strong>GRANDE PR\u00caMIO<\/strong>&nbsp;<a href=\"https:\/\/www.grandepremio.com\/br\/motogp\/ultimas-noticias\/\" target=\"_blank\" rel=\"noreferrer noopener\">acompanha todas as atividades<\/a>&nbsp;do Mundial de&nbsp;<a href=\"https:\/\/www.grandepremio.com\/br\/motogp\/\" target=\"_blank\" rel=\"noreferrer noopener\">Motovelocidade<\/a>&nbsp;2021.<\/p>\n\n\n\n<figure class=\"wp-block-embed is-type-video is-provider-youtube wp-block-embed-youtube wp-embed-aspect-16-9 wp-has-aspect-ratio\"><div class=\"wp-block-embed__wrapper\">\n<iframe loading=\"lazy\" title=\"MOREIRA CONQUISTA VAGA NA MOTO3 PARA 2022 E COLOCA BRASIL NO MUNDIAL | GP \u00e0s 10\" width=\"500\" height=\"281\" src=\"https:\/\/www.youtube.com\/embed\/xm7-7N0JITo?feature=oembed\" frameborder=\"0\" allow=\"accelerometer; autoplay; clipboard-write; encrypted-media; gyroscope; picture-in-picture; web-share\" referrerpolicy=\"strict-origin-when-cross-origin\" allowfullscreen><\/iframe>\n<\/div><figcaption>MOREIRA CONQUISTA VAGA NA MOTO3 PARA 2022 E COLOCA BRASIL NO MUNDIAL | GP \u00e0s 10<br><\/figcaption><\/figure>\n","protected":false},"excerpt":{"rendered":"<p>Em resposta a Lando Norris, piloto da McLaren na F\u00f3rmula 1, Valentino Rossi disse que &#8220;seria um prazer&#8221; poder correr com o jovem brit\u00e2nico em 2022<\/p>\n","protected":false},"author":0,"featured_media":1000523618,"comment_status":"closed","ping_status":"closed","sticky":false,"template":"","format":"standard","meta":{"42wp_featured_image_caption":"","42wp_featured_image_credits":"","42wp_featured_video":"","42wp_featured_image_hidden":false,"42wp_authors_list":[],"footnotes":""},"categories":[8],"tags":[7466,1877,147,24837,547,79,78,490,28765,28764,25819,28345,28766,26690,25441,26648,80],"42wp_author":[47139],"class_list":["post-116376","post","type-post","status-publish","format-standard","has-post-thumbnail","hentry","category-motogp","tag-comunidade-valenciana","tag-espanha","tag-f1","tag-formula-1-2","tag-lando-norris","tag-moto-gp","tag-motogp","tag-motogp-2021","tag-motogp-2021-calendario","tag-motogp-classificacao-2021","tag-motogp-hoje","tag-motogp-horarios","tag-motogp-standings","tag-pilotos-motogp","tag-srt","tag-valencia-2","tag-valentino-rossi","42wp_author-ana-cerveira"],"_links":{"self":[{"href":"https:\/\/grandepremio.com\/br\/wp-json\/wp\/v2\/posts\/116376","targetHints":{"allow":["GET"]}}],"collection":[{"href":"https:\/\/grandepremio.com\/br\/wp-json\/wp\/v2\/posts"}],"about":[{"href":"https:\/\/grandepremio.com\/br\/wp-json\/wp\/v2\/types\/post"}],"replies":[{"embeddable":true,"href":"https:\/\/grandepremio.com\/br\/wp-json\/wp\/v2\/comments?post=116376"}],"version-history":[{"count":0,"href":"https:\/\/grandepremio.com\/br\/wp-json\/wp\/v2\/posts\/116376\/revisions"}],"wp:featuredmedia":[{"embeddable":true,"href":"https:\/\/grandepremio.com\/br\/wp-json\/wp\/v2\/media\/1000523618"}],"wp:attachment":[{"href":"https:\/\/grandepremio.com\/br\/wp-json\/wp\/v2\/media?parent=116376"}],"wp:term":[{"taxonomy":"category","embeddable":true,"href":"https:\/\/grandepremio.com\/br\/wp-json\/wp\/v2\/categories?post=116376"},{"taxonomy":"post_tag","embeddable":true,"href":"https:\/\/grandepremio.com\/br\/wp-json\/wp\/v2\/tags?post=116376"},{"taxonomy":"42wp_author","embeddable":true,"href":"https:\/\/grandepremio.com\/br\/wp-json\/wp\/v2\/42wp_author?post=116376"}],"curies":[{"name":"wp","href":"https:\/\/api.w.org\/{rel}","templated":true}]}}