{"id":116396,"date":"2021-11-12T17:36:28","date_gmt":"2021-11-12T20:36:28","guid":{"rendered":"https:\/\/grandepremio.com\/br\/noticias\/lewis-hamilton-festeja-pole-sprint-interlagos-faz-tanto-tempo-parece-primeira\/"},"modified":"2021-11-12T17:51:50","modified_gmt":"2021-11-12T20:51:50","slug":"lewis-hamilton-festeja-pole-sprint-interlagos-faz-tanto-tempo-parece-primeira","status":"publish","type":"post","link":"https:\/\/grandepremio.com\/br\/f1\/lewis-hamilton-festeja-pole-sprint-interlagos-faz-tanto-tempo-parece-primeira\/","title":{"rendered":"Hamilton vibra com pole da sprint em Interlagos: &#8220;Faz tanto tempo que parece a 1\u00aa&#8221;"},"content":{"rendered":"\n<p class=\"wp-block-paragraph\">Heptacampe\u00e3o mundial, Lewis Hamilton<a href=\"https:\/\/www.grandepremio.com\/br\/f1\/noticias\/lewis-hamilton-da-banho-max-verstappen-larga-frente-corrida-sprint-interlagos\/\"> voltou a sentir o gosto de ser o mais r\u00e1pido em uma<\/a> classifica\u00e7\u00e3o. Nesta sexta-feira (12), ingl\u00eas da Mercedes anotou 1min07s934 para garantir o primeiro posto para a corrida sprint do GP de S\u00e3o Paulo, que acontece neste s\u00e1bado, em Interlagos.<\/p>\n\n\n\n<p class=\"wp-block-paragraph\">Aclamado pelo p\u00fablico em S\u00e3o Paulo, Hamilton celebrou o feito. Recordista de poles na hist\u00f3ria da F\u00f3rmula 1, Lewis n\u00e3o larga em primeiro desde o GP da Hungria, realizado em agosto. Apesar da pole na sprint, o heptacampe\u00e3o mundial tem de pagar uma puni\u00e7\u00e3o de cinco posi\u00e7\u00f5es no grid de domingo por troca do motor de combust\u00e3o interna.<\/p>\n\n\n\n<p class=\"wp-block-paragraph\">&#8220;Primeiramente, estou muito feliz de voltar ao Brasil. Um dos fiscais de pista disse para mim que eu deveria usar mais o capacete de [Ayrton] Senna mais vezes, porque \u00e9 a primeira pole em muito tempo. Quero agradecer a toda equipe, est\u00e3o trabalhando duro desde a \u00faltima corrida. Ir de um GP para outro, desmontar e montar o carro, as horas de trabalho s\u00e3o insanas. Hoje foi uma grande classifica\u00e7\u00e3o, estou feliz. Temos a puni\u00e7\u00e3o amanh\u00e3, mas vamos dar tudo&#8221;, declarou em entrevista \u00e0 Paul Di Resta.<\/p>\n\n\n\n<p class=\"wp-block-paragraph\"><strong>Conhe\u00e7a o canal do Grande Pr\u00eamio no YouTube! Clique&nbsp;<a target=\"_blank\" href=\"https:\/\/youtube.com\/GrandePremioTV\" rel=\"noreferrer noopener\">aqui<\/a>.<\/strong><br><strong>Siga o Grande Pr\u00eamio no&nbsp;<a target=\"_blank\" href=\"https:\/\/twitter.com\/grandepremio\" rel=\"noreferrer noopener\">Twitter&nbsp;<\/a>e no&nbsp;<a target=\"_blank\" href=\"https:\/\/instagram.com\/grandepremio\" rel=\"noreferrer noopener\">Instagram<\/a>!<\/strong><\/p>\n\n\n\n<figure class=\"wp-block-image size-large\"><img decoding=\"async\" src=\"https:\/\/www.grandepremio.com\/br\/wp-content\/uploads\/2021\/11\/mercedes-lewishamilton-03-2-1024x683.jpg\" alt=\"\" class=\"wp-image-523931\"\/><figcaption>Lewis Hamilton no primeiro dia de  disputa no GP de S\u00e3o Paulo, em Interlagos (Foto: Mercedes)<\/figcaption><\/figure>\n\n\n\n<p class=\"wp-block-paragraph\"><strong>\u25b6\ufe0f&nbsp;Inscreva-se nos dois canais do GRANDE PR\u00caMIO no YouTube:&nbsp;<a href=\"https:\/\/www.youtube.com\/channel\/UC9OlHEgxoaY6QY6nWPoiqQg?sub_confirmation=1\" target=\"_blank\" rel=\"noreferrer noopener\">GP<\/a>&nbsp;|&nbsp;<a href=\"https:\/\/www.youtube.com\/channel\/UC9csiS6q_C3C0FYhyr1rnFA?sub_confirmation=1\" target=\"_blank\" rel=\"noreferrer noopener\">GP2<\/a><\/strong><\/p>\n\n\n\n<p class=\"wp-block-paragraph\">19 pontos atr\u00e1s de Max Verstappen na classifica\u00e7\u00e3o do Mundial de Pilotos, Hamilton admite que ser\u00e1 dif\u00edcil ca\u00e7ar o holand\u00eas no domingo, especialmente pelas dificuldades de persegui\u00e7\u00e3o com os carros atuais. Lewis tamb\u00e9m foi punido por troca de componentes no GP da Turquia, onde completou apenas em quinto.<\/p>\n\n\n\n<p class=\"wp-block-paragraph\">&#8220;N\u00e3o \u00e9 f\u00e1cil perseguir. Max est\u00e1 na pole agora, vai ser dif\u00edcil peg\u00e1-lo, mas vou dar meu melhor para escalar o pelot\u00e3o. N\u00e3o sei o que amanh\u00e3 reserva, mas espero que o tempo esteja melhor, o que torna um pouco mais dif\u00edcil para todos. Sou muito grato, \u00e9 que faz tanto tempo que parece a primeira&#8221;, concluiu.<\/p>\n\n\n\n<p class=\"wp-block-paragraph\">O&nbsp;<strong>GRANDE PR\u00caMIO<\/strong>&nbsp;acompanha o GP de S\u00e3o Paulo \u2018in loco\u2019 em&nbsp;<a href=\"https:\/\/www.grandepremio.com\/br\/etapa\/f1\/gp-de-sao-paulo-brasil-formula-1-2021\/\" target=\"_blank\" rel=\"noreferrer noopener\">Interlagos<\/a>&nbsp;com os jornalistas Fernando Silva e Gabriel Curty, al\u00e9m de toda equipe de maneira remota. O&nbsp;<strong>GP<\/strong>&nbsp;tamb\u00e9m segue todas as atividades de pista do fim de semana&nbsp;<strong><a href=\"https:\/\/www.grandepremio.com\/br\/ao-vivo\/f1\/\">AO VIVO e EM&nbsp;<\/a><a href=\"https:\/\/www.grandepremio.com\/br\/ao-vivo\/\" target=\"_blank\" rel=\"noreferrer noopener\">TEMPO REAL<\/a><\/strong>.<\/p>\n\n\n\n<figure class=\"wp-block-embed is-type-video is-provider-youtube wp-block-embed-youtube wp-embed-aspect-16-9 wp-has-aspect-ratio\"><div class=\"wp-block-embed__wrapper\">\n<iframe loading=\"lazy\" title=\"F1 EM S\u00c3O PAULO: HAMILTON SOBRA, MAS PODE FICAR SEM A POLE NA CORRIDA SPRINT | Briefing\" width=\"500\" height=\"281\" src=\"https:\/\/www.youtube.com\/embed\/7UsEf0GPlY8?feature=oembed\" frameborder=\"0\" allow=\"accelerometer; autoplay; clipboard-write; encrypted-media; gyroscope; picture-in-picture; web-share\" referrerpolicy=\"strict-origin-when-cross-origin\" allowfullscreen><\/iframe>\n<\/div><figcaption>F1 EM S\u00c3O PAULO: TUDO SOBRE A CLASSIFICA\u00c7\u00c3O EM INTERLAGOS | Briefing<\/figcaption><\/figure>\n","protected":false},"excerpt":{"rendered":"<p>Lewis Hamilton vibrou com o primeiro lugar no grid da corrida sprint. Com puni\u00e7\u00e3o a pagar no domingo, heptacampe\u00e3o mundial espera escalar pelot\u00e3o apesar das dificuldades em S\u00e3o Paulo<\/p>\n","protected":false},"author":0,"featured_media":1000524055,"comment_status":"closed","ping_status":"closed","sticky":false,"template":"","format":"standard","meta":{"42wp_featured_image_caption":"","42wp_featured_image_credits":"","42wp_featured_video":"","42wp_featured_image_hidden":false,"42wp_authors_list":[],"footnotes":""},"categories":[2],"tags":[147,156,24837,28370,124,87,82],"42wp_author":[47119],"class_list":["post-116396","post","type-post","status-publish","format-standard","has-post-thumbnail","hentry","category-f1","tag-f1","tag-f1-2021","tag-formula-1-2","tag-gp-de-sao-paulo-2","tag-interlagos","tag-lewis-hamilton","tag-mercedes","42wp_author-gabriel-carvalho"],"_links":{"self":[{"href":"https:\/\/grandepremio.com\/br\/wp-json\/wp\/v2\/posts\/116396","targetHints":{"allow":["GET"]}}],"collection":[{"href":"https:\/\/grandepremio.com\/br\/wp-json\/wp\/v2\/posts"}],"about":[{"href":"https:\/\/grandepremio.com\/br\/wp-json\/wp\/v2\/types\/post"}],"replies":[{"embeddable":true,"href":"https:\/\/grandepremio.com\/br\/wp-json\/wp\/v2\/comments?post=116396"}],"version-history":[{"count":0,"href":"https:\/\/grandepremio.com\/br\/wp-json\/wp\/v2\/posts\/116396\/revisions"}],"wp:featuredmedia":[{"embeddable":true,"href":"https:\/\/grandepremio.com\/br\/wp-json\/wp\/v2\/media\/1000524055"}],"wp:attachment":[{"href":"https:\/\/grandepremio.com\/br\/wp-json\/wp\/v2\/media?parent=116396"}],"wp:term":[{"taxonomy":"category","embeddable":true,"href":"https:\/\/grandepremio.com\/br\/wp-json\/wp\/v2\/categories?post=116396"},{"taxonomy":"post_tag","embeddable":true,"href":"https:\/\/grandepremio.com\/br\/wp-json\/wp\/v2\/tags?post=116396"},{"taxonomy":"42wp_author","embeddable":true,"href":"https:\/\/grandepremio.com\/br\/wp-json\/wp\/v2\/42wp_author?post=116396"}],"curies":[{"name":"wp","href":"https:\/\/api.w.org\/{rel}","templated":true}]}}