{"id":116405,"date":"2021-11-12T13:15:42","date_gmt":"2021-11-12T16:15:42","guid":{"rendered":"https:\/\/grandepremio.com\/br\/noticias\/band-transmite-classificacao-gp-de-sao-paulo-tv-aberta-nesta-sexta-feira\/"},"modified":"2021-11-12T13:22:28","modified_gmt":"2021-11-12T16:22:28","slug":"band-transmite-classificacao-gp-de-sao-paulo-tv-aberta-nesta-sexta-feira","status":"publish","type":"post","link":"https:\/\/grandepremio.com\/br\/f1\/band-transmite-classificacao-gp-de-sao-paulo-tv-aberta-nesta-sexta-feira\/","title":{"rendered":"Band transmite classifica\u00e7\u00e3o do GP de S\u00e3o Paulo em TV aberta nesta sexta-feira"},"content":{"rendered":"\n<figure class=\"wp-block-embed is-type-video is-provider-youtube wp-block-embed-youtube wp-embed-aspect-16-9 wp-has-aspect-ratio\"><div class=\"wp-block-embed__wrapper\">\n<iframe loading=\"lazy\" title=\"F\u00d3RMULA 1 EM SP: VERSTAPPEN SEM CONSELHOS DE PIQUET | Paddock GP #267\" width=\"500\" height=\"281\" src=\"https:\/\/www.youtube.com\/embed\/Ld6fb3k-pL0?feature=oembed\" frameborder=\"0\" allow=\"accelerometer; autoplay; clipboard-write; encrypted-media; gyroscope; picture-in-picture; web-share\" referrerpolicy=\"strict-origin-when-cross-origin\" allowfullscreen><\/iframe>\n<\/div><\/figure>\n\n\n\n<p class=\"wp-block-paragraph\">A Band vai ter uma<a href=\"https:\/\/www.grandepremio.com\/br\/programacao-da-tv\/\"> programa\u00e7\u00e3o<\/a> especial na TV aberta para o fim de semana do GP de S\u00e3o Paulo e, assim, vai passar a classifica\u00e7\u00e3o. Nesta sexta-feira (12), a emissora do Morumbi exibe a defini\u00e7\u00e3o do grid da sprint race, com um pr\u00e9-sess\u00e3o de 30 minutos, j\u00e1 a partir das 15h30 (em Bras\u00edlia).<\/p>\n\n\n\n<p class=\"wp-block-paragraph\">A Band tem mostrado as classifica\u00e7\u00f5es durante a temporada toda, \u00e9 verdade, mas isso n\u00e3o aconteceu em Silverstone e Monza, que foram justamente as outras corridas que receberam sprint races na temporada 2021, al\u00e9m do GP de S\u00e3o Paulo.<\/p>\n\n\n\n<p class=\"wp-block-paragraph\">Com a mudan\u00e7a, a emissora transmite a classifica\u00e7\u00e3o a partir das 15h30, logo depois do Melhor da Tarde. A sess\u00e3o come\u00e7a \u00e0s 16h e a Band deixou na grade um espa\u00e7o de mais 15 minutos al\u00e9m dos 60 previstos para, ent\u00e3o, iniciar o Brasil Urgente \u00e0s 17h15.<\/p>\n\n\n\n<figure class=\"wp-block-image size-large\"><img decoding=\"async\" src=\"https:\/\/www.grandepremio.com\/br\/wp-content\/uploads\/2021\/09\/astonmartin-sebastianvettel-01-5-1024x682.jpg\" alt=\"\" class=\"wp-image-509044\"\/><figcaption>A Band vai passar a classifica\u00e7\u00e3o do GP de S\u00e3o Paulo, diferentemente do que fez em Monza (Foto: Aston Martin)<\/figcaption><\/figure>\n\n\n\n<p class=\"wp-block-paragraph\">Na semana passada, a Band n\u00e3o transmitiu a classifica\u00e7\u00e3o do GP do M\u00e9xico, mesmo acontecendo no s\u00e1bado. \u00c9 que a emissora destinou o dia quase todo \u00e0 cobertura do dia seguinte da morte de Mar\u00edlia Mendon\u00e7a, com todas as cerim\u00f4nias do adeus \u00e0 cantora.<\/p>\n\n\n\n<p class=\"wp-block-paragraph\">No s\u00e1bado, a Band tamb\u00e9m exibe a sprint race, que come\u00e7a \u00e0s 16h30. A transmiss\u00e3o, por\u00e9m, tamb\u00e9m ser\u00e1 iniciada 30 minutos mais cedo. No domingo, no mesmo esquema, a emissora abre \u00e0s 13h30 para o GP de S\u00e3o Paulo, que tem largada prevista para 14h.<\/p>\n\n\n\n<p class=\"wp-block-paragraph\">O&nbsp;<strong>GRANDE PR\u00caMIO<\/strong>&nbsp;acompanha o GP de S\u00e3o Paulo \u2018in loco\u2019 em&nbsp;<a href=\"https:\/\/www.grandepremio.com\/br\/etapa\/f1\/gp-de-sao-paulo-brasil-formula-1-2021\/\" target=\"_blank\" rel=\"noreferrer noopener\">Interlagos<\/a>&nbsp;com os jornalistas Fernando Silva e Gabriel Curty, al\u00e9m de toda equipe de maneira remota. O&nbsp;<strong>GP<\/strong>&nbsp;tamb\u00e9m segue todas as atividades de pista do fim de semana&nbsp;<strong><a href=\"https:\/\/www.grandepremio.com\/br\/ao-vivo\/f1\/\">AO VIVO e EM&nbsp;<\/a><a href=\"https:\/\/www.grandepremio.com\/br\/ao-vivo\/\" target=\"_blank\" rel=\"noreferrer noopener\">TEMPO REAL<\/a><\/strong>.<\/p>\n\n\n\n<p class=\"wp-block-paragraph\"><strong>\u25b6\ufe0f&nbsp;Inscreva-se nos dois canais do GRANDE PR\u00caMIO no YouTube:&nbsp;<a href=\"https:\/\/www.youtube.com\/channel\/UC9OlHEgxoaY6QY6nWPoiqQg?sub_confirmation=1\" target=\"_blank\" rel=\"noreferrer noopener\">GP<\/a>&nbsp;|&nbsp;<a href=\"https:\/\/www.youtube.com\/channel\/UC9csiS6q_C3C0FYhyr1rnFA?sub_confirmation=1\" target=\"_blank\" rel=\"noreferrer noopener\">GP2<\/a><\/strong><\/p>\n\n\n\n<p class=\"wp-block-paragraph\"><strong>LEIA TAMB\u00c9M<br><a href=\"https:\/\/www.grandepremio.com\/br\/f1\/noticias\/de-olho-1-focado-sem-conselhos-nelson-piquet-1o-dia-max-verstappen-interlagos\/\">De olho no #1, focado e sem conselhos de Piquet: o 1\u00ba dia de Verstappen em&nbsp;<\/a><a href=\"https:\/\/www.grandepremio.com\/br\/etapa\/f1\/gp-de-sao-paulo-brasil-formula-1-2021\/\" target=\"_blank\" rel=\"noreferrer noopener\">Interlagos<\/a><\/strong><\/p>\n\n\n\n<p class=\"wp-block-paragraph\">Acesse as vers\u00f5es em&nbsp;<a href=\"https:\/\/es.grandepremio.com\/\">espanhol<\/a>&nbsp;e&nbsp;<a href=\"https:\/\/grandepremio.pt\/\">portugu\u00eas-PT<\/a>&nbsp;do&nbsp;<strong>GRANDE PR\u00caMIO<\/strong>, al\u00e9m dos parceiros&nbsp;<a href=\"https:\/\/nossopalestra.com.br\/\">Nosso Palestra<\/a>&nbsp;e&nbsp;<a href=\"https:\/\/teleguiado.com\/\">Teleguiado<\/a>.<\/p>\n","protected":false},"excerpt":{"rendered":"<p>A Band mudou a programa\u00e7\u00e3o apresentada nos GPs da Inglaterra e da It\u00e1lia e confirmou a exibi\u00e7\u00e3o ao vivo da classifica\u00e7\u00e3o do GP de S\u00e3o Paulo, mesmo com sprint race no s\u00e1bado, em TV aberta<\/p>\n","protected":false},"author":0,"featured_media":1000523813,"comment_status":"closed","ping_status":"closed","sticky":false,"template":"","format":"standard","meta":{"42wp_featured_image_caption":"","42wp_featured_image_credits":"","42wp_featured_video":"","42wp_featured_image_hidden":false,"42wp_authors_list":[],"footnotes":""},"categories":[2],"tags":[1280,28370,502,24971],"42wp_author":[47117],"class_list":["post-116405","post","type-post","status-publish","format-standard","has-post-thumbnail","hentry","category-f1","tag-band","tag-gp-de-sao-paulo-2","tag-gp-do-brasil","tag-programacao-da-tv","42wp_author-gabriel-curty"],"_links":{"self":[{"href":"https:\/\/grandepremio.com\/br\/wp-json\/wp\/v2\/posts\/116405","targetHints":{"allow":["GET"]}}],"collection":[{"href":"https:\/\/grandepremio.com\/br\/wp-json\/wp\/v2\/posts"}],"about":[{"href":"https:\/\/grandepremio.com\/br\/wp-json\/wp\/v2\/types\/post"}],"replies":[{"embeddable":true,"href":"https:\/\/grandepremio.com\/br\/wp-json\/wp\/v2\/comments?post=116405"}],"version-history":[{"count":0,"href":"https:\/\/grandepremio.com\/br\/wp-json\/wp\/v2\/posts\/116405\/revisions"}],"wp:featuredmedia":[{"embeddable":true,"href":"https:\/\/grandepremio.com\/br\/wp-json\/wp\/v2\/media\/1000523813"}],"wp:attachment":[{"href":"https:\/\/grandepremio.com\/br\/wp-json\/wp\/v2\/media?parent=116405"}],"wp:term":[{"taxonomy":"category","embeddable":true,"href":"https:\/\/grandepremio.com\/br\/wp-json\/wp\/v2\/categories?post=116405"},{"taxonomy":"post_tag","embeddable":true,"href":"https:\/\/grandepremio.com\/br\/wp-json\/wp\/v2\/tags?post=116405"},{"taxonomy":"42wp_author","embeddable":true,"href":"https:\/\/grandepremio.com\/br\/wp-json\/wp\/v2\/42wp_author?post=116405"}],"curies":[{"name":"wp","href":"https:\/\/api.w.org\/{rel}","templated":true}]}}