{"id":116419,"date":"2021-11-12T04:30:00","date_gmt":"2021-11-12T07:30:00","guid":{"rendered":"https:\/\/grandepremio.com\/br\/noticias\/carlos-sainz-elogia-charles-leclerc-quer-acreditar-ferrari-melhor-dupla-f1\/"},"modified":"2021-11-11T19:08:09","modified_gmt":"2021-11-11T22:08:09","slug":"carlos-sainz-elogia-charles-leclerc-quer-acreditar-ferrari-melhor-dupla-f1","status":"publish","type":"post","link":"https:\/\/grandepremio.com\/br\/f1\/carlos-sainz-elogia-charles-leclerc-quer-acreditar-ferrari-melhor-dupla-f1\/","title":{"rendered":"Sainz rasga elogios a Leclerc e &#8220;quer acreditar&#8221; que Ferrari tem melhor dupla da F1"},"content":{"rendered":"\n<figure class=\"wp-block-embed is-type-video is-provider-youtube wp-block-embed-youtube wp-embed-aspect-16-9 wp-has-aspect-ratio\"><div class=\"wp-block-embed__wrapper\">\n<iframe loading=\"lazy\" title=\"F\u00d3RMULA 1 EM SP: VERSTAPPEN SEM CONSELHOS DE PIQUET | Paddock GP #267\" width=\"500\" height=\"281\" src=\"https:\/\/www.youtube.com\/embed\/Ld6fb3k-pL0?feature=oembed\" frameborder=\"0\" allow=\"accelerometer; autoplay; clipboard-write; encrypted-media; gyroscope; picture-in-picture; web-share\" referrerpolicy=\"strict-origin-when-cross-origin\" allowfullscreen><\/iframe>\n<\/div><figcaption>F\u00d3RMULA 1 EM SP: VERSTAPPEN SEM CONSELHO DE PIQUET | Paddock GP #267<\/figcaption><\/figure>\n\n\n\n<p class=\"wp-block-paragraph\">A temporada 2021 da Ferrari est\u00e1 longe das gl\u00f3rias hist\u00f3ricas do time mais campe\u00e3o da F\u00f3rmula 1, mas \u00e9 um sopro de ar primaveral no ambiente da equipe italiana. Ap\u00f3s o desastre esportivo que foi 2020 e a puni\u00e7\u00e3o secreta de 2019, uma das piores sequ\u00eancias da Ferrari na hist\u00f3ria, 2021 \u00e9 a demonstra\u00e7\u00e3o que o amanh\u00e3 chegou. Parte fundamental disso \u00e9 dupla de pilotos, com Charles Leclerc e o novato Carlos Sainz. Competitiva? Sim, mas, segundo Sainz, de sucesso.<\/p>\n\n\n\n<p class=\"wp-block-paragraph\"><strong>\u25b6\ufe0f\u00a0Inscreva-se nos dois canais do GRANDE PR\u00caMIO no YouTube:\u00a0<a href=\"https:\/\/www.youtube.com\/channel\/UC9OlHEgxoaY6QY6nWPoiqQg?sub_confirmation=1\" target=\"_blank\" rel=\"noreferrer noopener\">GP<\/a>\u00a0|\u00a0<a href=\"https:\/\/www.youtube.com\/channel\/UC9csiS6q_C3C0FYhyr1rnFA?sub_confirmation=1\" target=\"_blank\" rel=\"noreferrer noopener\">GP2<\/a><\/strong><\/p>\n\n\n\n<p class=\"wp-block-paragraph\">O espanhol, filho da lenda do rali, tem experi\u00eancia enorme em mudar de equipe apesar da juventude. Sainz tem 27 anos e est\u00e1 na s\u00e9tima temporada na F1, mas j\u00e1 pela quarta equipe. N\u00e3o ficou tanto tempo assim em Toro Rosso e Renault, nem mesmo na McLaren, mas marcou na passagem pela equipe inglesa. L\u00e1, teve Lando Norris como companheiro e amigo, numa dupla que encantou f\u00e3s jovens do esporte. A rela\u00e7\u00e3o pessoal com o piloto da garagem ao lado segue um ponto forte na Ferrari.<\/p>\n\n\n\n<p class=\"wp-block-paragraph\">A Ferrari quis se livrar de Sebastian Vettel no ano passado, entre outros motivos, para entregar a chave da equipe a Leclerc, mas a chegada de Sainz neste ano mostrou que Maranello n\u00e3o est\u00e1 disposta a definir primeiro e segundo piloto. Leclerc tem somente 7.5 a mais que Sainz no campeonato, mas a posi\u00e7\u00e3o dos dois pendulou de vantagem de um para o outro v\u00e1rias vezes. O n\u00edvel tem sido bem parecido.<\/p>\n\n\n\n<figure class=\"wp-block-image size-large\"><img decoding=\"async\" src=\"https:\/\/www.grandepremio.com\/br\/wp-content\/uploads\/2021\/03\/20090-f1-test-bahrain-sf21-day-1-1024x683.jpg\" alt=\"CHARLES LECLERC; CARLOS SAINZ; FERRRI; PR\u00c9-TEMPORADA; F1; F\u00d3RMULA 1;\" class=\"wp-image-456309\"\/><figcaption>Charles Leclerc  e Carlos Sainz t\u00eam \u00f3tima rela\u00e7\u00e3o (Foto: Scuderia Ferrari)<\/figcaption><\/figure>\n\n\n\n<p class=\"wp-block-paragraph\"><strong>Conhe\u00e7a o canal do Grande Pr\u00eamio no YouTube! Clique\u00a0<a target=\"_blank\" href=\"https:\/\/youtube.com\/GrandePremioTV\" rel=\"noreferrer noopener\">aqui<\/a>.<\/strong><br><strong>Siga o Grande Pr\u00eamio no\u00a0<a target=\"_blank\" href=\"https:\/\/twitter.com\/grandepremio\" rel=\"noreferrer noopener\">Twitter\u00a0<\/a>e no\u00a0<a target=\"_blank\" href=\"https:\/\/instagram.com\/grandepremio\" rel=\"noreferrer noopener\">Instagram<\/a>!<\/strong><\/p>\n\n\n\n<p class=\"wp-block-paragraph\">Assim, questionado pelo <strong>GRANDE PR\u00caMIO<\/strong> se a Ferrari tem a mais talentosa dupla de pilotos do grid, quis responder positivamente.<\/p>\n\n\n\n<p class=\"wp-block-paragraph\">&#8220;Eu quero acreditar nisso [que a Ferrari tem a melhor dupla de pilotos da F1 2021]&#8221;, disse.<\/p>\n\n\n\n<p class=\"wp-block-paragraph\">E foi adiante para descrever um pouco mais a rela\u00e7\u00e3o com Leclerc.<\/p>\n\n\n\n<p class=\"wp-block-paragraph\">&#8220;Acho que n\u00f3s nos apoiamos muito, ajudamos um ao outro, tiramos o m\u00e1ximo do carro em todas as corridas. E acima de tudo temos uma boa rela\u00e7\u00e3o, o que deixa o clima e a atmosfera da equipe muito boa&#8221;, comentou. Leclerc, ali\u00e1s, tamb\u00e9m enchera Sainz de <a href=\"https:\/\/www.grandepremio.com\/br\/f1\/noticias\/charles-leclerc-revela-aprendizados-carlos-sainz-preve-mclaren-superior-interlagos\/\">elogios apenas horas antes<\/a>.<\/p>\n\n\n\n<p class=\"wp-block-paragraph\">Com os dois, a Ferrari voltou ao terceiro lugar do <a href=\"https:\/\/www.grandepremio.com\/br\/f1\/noticias\/max-verstappen-dispara-lewis-hamilton-red-bull-cola-mercedes-vitoria-mexico\/\">Mundial de Construtores<\/a>, com 268.5 contra 255 da rival real McLaren.<\/p>\n\n\n\n<p class=\"wp-block-paragraph\">O <strong>GRANDE PR\u00caMIO<\/strong> acompanha o GP de S\u00e3o Paulo &#8216;in loco&#8217; em Interlagos com os jornalistas Fernando Silva e Gabriel Curty, al\u00e9m de toda equipe de maneira remota. O <strong>GP<\/strong> tamb\u00e9m segue todas as atividades de pista do fim de semana <a href=\"https:\/\/www.grandepremio.com\/br\/f1\/ao-vivo\"><strong>AO VIVO<\/strong> e <strong>EM TEMPO REAL<\/strong><\/a>.<\/p>\n\n\n\n<figure class=\"wp-block-embed is-type-rich is-provider-spotify wp-block-embed-spotify wp-embed-aspect-21-9 wp-has-aspect-ratio\"><div class=\"wp-block-embed__wrapper\">\n<iframe title=\"Spotify Embed: Paddockast #129 | Tudo que voc\u00ea precisa saber sobre o GP de S\u00e3o Paulo de F1\" style=\"border-radius: 12px\" width=\"100%\" height=\"152\" frameborder=\"0\" allowfullscreen allow=\"autoplay; clipboard-write; encrypted-media; fullscreen; picture-in-picture\" loading=\"lazy\" src=\"https:\/\/open.spotify.com\/embed\/episode\/5mfaNweOqFbfnVNwo4QrVl?utm_source=oembed\"><\/iframe>\n<\/div><figcaption>Paddockast #129: Tudo que voc\u00ea precisa saber sobre o GP de S\u00e3o Paulo<\/figcaption><\/figure>\n","protected":false},"excerpt":{"rendered":"<p>Carlos Sainz vive o primeiro ano numa Ferrari que indicou nos dois anos anteriores que Charles Leclerc era o futuro. Mas a rela\u00e7\u00e3o dos pilotos \u00e9 t\u00e3o boa quanto competitiva<\/p>\n","protected":false},"author":0,"featured_media":1000522738,"comment_status":"closed","ping_status":"closed","sticky":false,"template":"","format":"standard","meta":{"42wp_featured_image_caption":"","42wp_featured_image_credits":"","42wp_featured_video":"","42wp_featured_image_hidden":false,"42wp_authors_list":[],"footnotes":""},"categories":[2],"tags":[783,546,209,156,207,26275,28370,502,24836,28285,124,2380],"42wp_author":[47139,47110,47117,47120],"class_list":["post-116419","post","type-post","status-publish","format-standard","has-post-thumbnail","hentry","category-f1","tag-brasil","tag-carlos-sainz","tag-charles-leclerc","tag-f1-2021","tag-ferrari","tag-formula-1-2021-3","tag-gp-de-sao-paulo-2","tag-gp-do-brasil","tag-grande-premio-2","tag-grandepremio","tag-interlagos","tag-sao-paulo","42wp_author-ana-cerveira","42wp_author-fernando-silva","42wp_author-gabriel-curty","42wp_author-pedro-henrique-marum"],"_links":{"self":[{"href":"https:\/\/grandepremio.com\/br\/wp-json\/wp\/v2\/posts\/116419","targetHints":{"allow":["GET"]}}],"collection":[{"href":"https:\/\/grandepremio.com\/br\/wp-json\/wp\/v2\/posts"}],"about":[{"href":"https:\/\/grandepremio.com\/br\/wp-json\/wp\/v2\/types\/post"}],"replies":[{"embeddable":true,"href":"https:\/\/grandepremio.com\/br\/wp-json\/wp\/v2\/comments?post=116419"}],"version-history":[{"count":0,"href":"https:\/\/grandepremio.com\/br\/wp-json\/wp\/v2\/posts\/116419\/revisions"}],"wp:featuredmedia":[{"embeddable":true,"href":"https:\/\/grandepremio.com\/br\/wp-json\/wp\/v2\/media\/1000522738"}],"wp:attachment":[{"href":"https:\/\/grandepremio.com\/br\/wp-json\/wp\/v2\/media?parent=116419"}],"wp:term":[{"taxonomy":"category","embeddable":true,"href":"https:\/\/grandepremio.com\/br\/wp-json\/wp\/v2\/categories?post=116419"},{"taxonomy":"post_tag","embeddable":true,"href":"https:\/\/grandepremio.com\/br\/wp-json\/wp\/v2\/tags?post=116419"},{"taxonomy":"42wp_author","embeddable":true,"href":"https:\/\/grandepremio.com\/br\/wp-json\/wp\/v2\/42wp_author?post=116419"}],"curies":[{"name":"wp","href":"https:\/\/api.w.org\/{rel}","templated":true}]}}