{"id":116424,"date":"2021-11-11T20:00:57","date_gmt":"2021-11-11T23:00:57","guid":{"rendered":"https:\/\/grandepremio.com\/br\/noticias\/de-olho-1-focado-sem-conselhos-nelson-piquet-1o-dia-max-verstappen-interlagos\/"},"modified":"2021-11-12T13:19:02","modified_gmt":"2021-11-12T16:19:02","slug":"de-olho-1-focado-sem-conselhos-nelson-piquet-1o-dia-max-verstappen-interlagos","status":"publish","type":"post","link":"https:\/\/grandepremio.com\/br\/f1\/de-olho-1-focado-sem-conselhos-nelson-piquet-1o-dia-max-verstappen-interlagos\/","title":{"rendered":"De olho no #1, focado e sem conselhos de Piquet: o 1\u00ba dia de Verstappen em Interlagos"},"content":{"rendered":"\n<figure class=\"wp-block-embed is-type-video is-provider-youtube wp-block-embed-youtube wp-embed-aspect-16-9 wp-has-aspect-ratio\"><div class=\"wp-block-embed__wrapper\">\n<iframe loading=\"lazy\" title=\"F\u00d3RMULA 1 EM SP: VERSTAPPEN SEM CONSELHOS DE PIQUET | Paddock GP #267\" width=\"500\" height=\"281\" src=\"https:\/\/www.youtube.com\/embed\/Ld6fb3k-pL0?feature=oembed\" frameborder=\"0\" allow=\"accelerometer; autoplay; clipboard-write; encrypted-media; gyroscope; picture-in-picture; web-share\" referrerpolicy=\"strict-origin-when-cross-origin\" allowfullscreen><\/iframe>\n<\/div><\/figure>\n\n\n\n<p class=\"wp-block-paragraph\">Quem esperava um dia de cutucadas entre Max Verstappen e Lewis Hamilton em Interlagos ficou frustrado. L\u00edder do campeonato com quatro provas para o fim da temporada 2021, o holand\u00eas, nesta quinta-feira (11), quase nem falou do rival, evitou qualquer tipo de animosidade e, no fim das contas, chamou bem menos a aten\u00e7\u00e3o em suas falas para a briga pela ta\u00e7a e <a href=\"https:\/\/www.grandepremio.com\/br\/f1\/noticias\/antes-f1-max-verstappen-visita-nelson-piquet-recusa-conselhos-nao-preciso\/\">mais para Nelson Piquet <\/a>e o <a href=\"https:\/\/www.grandepremio.com\/br\/f1\/noticias\/max-verstappen-admite-trocaria-33-1-levar-titulo-2021-oportunidade-unica\/\">poss\u00edvel futuro n\u00famero<\/a> de seu carro na F\u00f3rmula 1.<\/p>\n\n\n\n<p class=\"wp-block-paragraph\">Em um dia em que pouqu\u00edssimo apareceu, Max foi manchete apenas pelo que disse na coletiva de imprensa. Antes disso, foi um dos \u00faltimos a chegar no paddock, de cal\u00e7a jeans e casaco de moletom, discret\u00edssimo. Foi direto ver a equipe, de l\u00e1 para a sala de confer\u00eancia da FIA, falou com as TVs e logo voltou para dentro dos boxes, longe dos flashes e do maior agito.<\/p>\n\n\n\n<p class=\"wp-block-paragraph\">A discri\u00e7\u00e3o foi a marca de Verstappen no dia todo e n\u00e3o fugiu muito disso na entrevista. Longe, muito longe de qualquer tom mais \u00e1cido ao falar de Hamilton e da disputa pelo caneco de 2021, o holand\u00eas acabou virando not\u00edcia ao falar do sonho de correr com o n\u00famero #1 e do encontro na casa de Nelson Piquet, pai de Kelly, namorada do piloto.<\/p>\n\n\n\n<p class=\"wp-block-paragraph\">\u201cN\u00e3o conversamos sobre isso [a disputa com Hamilton]. Eu n\u00e3o preciso de conselhos. Conversamos sobre v\u00e1rias coisas. Foi mais importante passar um tempo com a fam\u00edlia\u201d, disse em um tom menos arrogante do que as aspas acabam sugerindo.<\/p>\n\n\n\n<p class=\"wp-block-paragraph\"><strong>LEIA TAMB\u00c9M<br><a href=\"https:\/\/www.grandepremio.com\/br\/f1\/noticias\/lewis-hamilton-quietao-ciente-favoritismo-red-bull-gp-de-sao-paulo\/\">Hamilton se mostra quiet\u00e3o e ciente de favoritismo da Red Bull no GP de S\u00e3o Paulo<\/a><\/strong><\/p>\n\n\n\n<figure class=\"wp-block-image size-large\"><img decoding=\"async\" src=\"https:\/\/www.grandepremio.com\/br\/wp-content\/uploads\/2021\/11\/000_9RG9BX-1024x683.jpg\" alt=\"\" class=\"wp-image-523667\"\/><figcaption>Max Verstappen chamou mais a aten\u00e7\u00e3o falando de Nelson Piquet do que de Lewis Hamilton em Interlagos (Foto: AFP)<\/figcaption><\/figure>\n\n\n\n<p class=\"wp-block-paragraph\">Ap\u00f3s a curta e \u00fanica resposta sobre o tema Piquet, Verstappen seguiu falando de campeonato, da evolu\u00e7\u00e3o com a Red Bull, do auge t\u00e9cnico, mas tamb\u00e9m de uma poss\u00edvel mudan\u00e7a de n\u00famero no futuro. Afinal: vai trocar o #33 pelo #1 caso seja campe\u00e3o? Sim! Vai!<\/p>\n\n\n\n<p class=\"wp-block-paragraph\">\u201cQuantas vezes voc\u00ea vai ter a oportunidade de guiar com o #1? Sempre sonhei com isso. E \u00e9 bom para propagandas tamb\u00e9m, ent\u00e3o \u00e9 inteligente fazer isso&#8221;, seguiu. A F\u00f3rmula 1, ali\u00e1s, n\u00e3o tem um #1 no grid desde Sebastian Vettel, em 2014, justamente na primeira temporada em que a numera\u00e7\u00e3o proporcional \u00e0 posi\u00e7\u00e3o final de cada equipe no campeonato do ano anterior foi abolida e a fixa foi adotada. Como Nico Rosberg se aposentou logo ap\u00f3s o t\u00edtulo e Hamilton sempre quis ficar com o #44, seria algo quase que hist\u00f3rico na categoria em 2022, caso a conquista se confirme.<\/p>\n\n\n\n<p class=\"wp-block-paragraph\">Fora n\u00famero e quest\u00f5es familiares, o que se viu de Max foi mais do mesmo de 2021, em uma vers\u00e3o cada vez mais p\u00e9s no ch\u00e3o: Verstappen sabe que o campeonato pode virar do avesso com uma quebra, por exemplo.<\/p>\n\n\n\n<p class=\"wp-block-paragraph\">\u201cEm quatro corridas, muitas coisas podem acontecer. Estamos bem, mas as coisas podem mudar rapidamente. Eu disse isso depois da corrida no M\u00e9xico, j\u00e1 tinha uma vantagem maior no campeonato e isso desapareceu em duas corridas\u201d, explicou.<\/p>\n\n\n\n<p class=\"wp-block-paragraph\">Ainda que o p\u00fablico na quinta-feira seja quase zero, concentrado mesmo no paddock e nos camarotes, Max foi um dos mais festejados &#8211; talvez o mais &#8211; pelos f\u00e3s brasileiros. O holand\u00eas sabe disso e fez quest\u00e3o de festejar a torcida local.<\/p>\n\n\n\n<p class=\"wp-block-paragraph\">\u201cEles [os f\u00e3s] amam corrida e esportes a motor. A torcida aqui \u00e9 uma das melhores. Quando vamos ao p\u00f3dio, eles ficam loucos. Ansioso para ter essa experi\u00eancia novamente\u201d, comentou.<\/p>\n\n\n\n<p class=\"wp-block-paragraph\">\u00c9 muito dif\u00edcil crer que algo mude na postura de Verstappen nos pr\u00f3ximos dias em Interlagos. A vers\u00e3o Max focado, tranquilo e quase &#8216;paz e amor&#8217; \u00e9 a mais vista em 2021, mesmo que a Red Bull, por vezes, tenha entrado em um cen\u00e1rio mais b\u00e9lico com a Mercedes.<\/p>\n\n\n\n<p class=\"wp-block-paragraph\">O&nbsp;<strong>GRANDE PR\u00caMIO<\/strong>&nbsp;acompanha o GP de S\u00e3o Paulo \u2018in loco\u2019 em&nbsp;<a href=\"https:\/\/www.grandepremio.com\/br\/etapa\/f1\/gp-de-sao-paulo-brasil-formula-1-2021\/\" target=\"_blank\" rel=\"noreferrer noopener\">Interlagos<\/a>&nbsp;com os jornalistas Fernando Silva e Gabriel Curty, al\u00e9m de toda equipe de maneira remota. O&nbsp;<strong>GP<\/strong>&nbsp;tamb\u00e9m segue todas as atividades de pista do fim de semana&nbsp;<a href=\"https:\/\/www.grandepremio.com\/br\/f1\/ao-vivo\"><strong>AO VIVO<\/strong>&nbsp;e&nbsp;<strong>EM&nbsp;<\/strong><\/a><strong><a href=\"https:\/\/www.grandepremio.com\/br\/ao-vivo\/\" target=\"_blank\" rel=\"noreferrer noopener\">TEMPO REAL<\/a><\/strong>.<\/p>\n\n\n\n<p class=\"wp-block-paragraph\"><strong>LEIA TAMB\u00c9M<\/strong><br><strong>+<a href=\"https:\/\/www.grandepremio.com\/br\/programacao-tv\/noticias\/as-corridas-do-fim-de-semana-na-tv-e-no-streaming-12-e-14-de-novembro\/\">As corridas do fim de semana na TV e&nbsp;<\/a><a href=\"https:\/\/formula1aovivo.com\/\" target=\"_blank\" rel=\"noreferrer noopener\">no streaming<\/a>: 12 e 14 de novembro<\/strong><\/p>\n\n\n\n<p class=\"wp-block-paragraph\"><strong>\u25b6\ufe0f&nbsp;Inscreva-se nos dois canais do GRANDE PR\u00caMIO no YouTube:&nbsp;<\/strong><a href=\"https:\/\/www.youtube.com\/channel\/UC9OlHEgxoaY6QY6nWPoiqQg?sub_confirmation=1\" target=\"_blank\" rel=\"noreferrer noopener\">GP<\/a><strong>&nbsp;|&nbsp;<\/strong><a href=\"https:\/\/www.youtube.com\/channel\/UC9csiS6q_C3C0FYhyr1rnFA?sub_confirmation=1\" target=\"_blank\" rel=\"noreferrer noopener\">GP2<\/a><\/p>\n","protected":false},"excerpt":{"rendered":"<p>Max Verstappen n\u00e3o deu nenhuma resposta hist\u00f3rica, muito menos entrou em guerra com Lewis Hamilton nas palavras, mas garantiu que o encontro com o sogro Nelson Piquet teve tudo, menos conselhos para bater o rival na F1 2021. Al\u00e9m disso, revelou que est\u00e1 doido para assumir o n\u00famero 1 no futuro. Para isso, precisa ser campe\u00e3o<\/p>\n","protected":false},"author":0,"featured_media":1000523664,"comment_status":"closed","ping_status":"closed","sticky":false,"template":"","format":"standard","meta":{"42wp_featured_image_caption":"","42wp_featured_image_credits":"","42wp_featured_video":"","42wp_featured_image_hidden":false,"42wp_authors_list":[],"footnotes":""},"categories":[2],"tags":[147,156,24837,28370,29974,502,124,87,203,1316,204],"42wp_author":[47117],"class_list":["post-116424","post","type-post","status-publish","format-standard","has-post-thumbnail","hentry","category-f1","tag-f1","tag-f1-2021","tag-formula-1-2","tag-gp-de-sao-paulo-2","tag-gp-de-sp","tag-gp-do-brasil","tag-interlagos","tag-lewis-hamilton","tag-max-verstappen","tag-nelson-piquet","tag-red-bull","42wp_author-gabriel-curty"],"_links":{"self":[{"href":"https:\/\/grandepremio.com\/br\/wp-json\/wp\/v2\/posts\/116424","targetHints":{"allow":["GET"]}}],"collection":[{"href":"https:\/\/grandepremio.com\/br\/wp-json\/wp\/v2\/posts"}],"about":[{"href":"https:\/\/grandepremio.com\/br\/wp-json\/wp\/v2\/types\/post"}],"replies":[{"embeddable":true,"href":"https:\/\/grandepremio.com\/br\/wp-json\/wp\/v2\/comments?post=116424"}],"version-history":[{"count":0,"href":"https:\/\/grandepremio.com\/br\/wp-json\/wp\/v2\/posts\/116424\/revisions"}],"wp:featuredmedia":[{"embeddable":true,"href":"https:\/\/grandepremio.com\/br\/wp-json\/wp\/v2\/media\/1000523664"}],"wp:attachment":[{"href":"https:\/\/grandepremio.com\/br\/wp-json\/wp\/v2\/media?parent=116424"}],"wp:term":[{"taxonomy":"category","embeddable":true,"href":"https:\/\/grandepremio.com\/br\/wp-json\/wp\/v2\/categories?post=116424"},{"taxonomy":"post_tag","embeddable":true,"href":"https:\/\/grandepremio.com\/br\/wp-json\/wp\/v2\/tags?post=116424"},{"taxonomy":"42wp_author","embeddable":true,"href":"https:\/\/grandepremio.com\/br\/wp-json\/wp\/v2\/42wp_author?post=116424"}],"curies":[{"name":"wp","href":"https:\/\/api.w.org\/{rel}","templated":true}]}}