{"id":116451,"date":"2021-11-11T04:15:39","date_gmt":"2021-11-11T07:15:39","guid":{"rendered":"https:\/\/grandepremio.com\/br\/noticias\/charles-leclerc-elogia-trabalho-em-equipe-com-carlos-sainz-mas-admite-competicao-quero-vence-lo\/"},"modified":"2021-11-10T22:07:34","modified_gmt":"2021-11-11T01:07:34","slug":"charles-leclerc-elogia-trabalho-em-equipe-com-carlos-sainz-mas-admite-competicao-quero-vence-lo","status":"publish","type":"post","link":"https:\/\/grandepremio.com\/br\/f1\/charles-leclerc-elogia-trabalho-em-equipe-com-carlos-sainz-mas-admite-competicao-quero-vence-lo\/","title":{"rendered":"Leclerc elogia &#8220;trabalho em equipe&#8221; com Sainz, mas admite competi\u00e7\u00e3o: &#8220;Quero venc\u00ea-lo&#8221;"},"content":{"rendered":"\n<figure class=\"wp-block-embed is-type-video is-provider-youtube wp-block-embed-youtube wp-embed-aspect-16-9 wp-has-aspect-ratio\"><div class=\"wp-block-embed__wrapper\">\n<iframe loading=\"lazy\" title=\"MERCEDES ENTREGA OS PONTOS NA F1 2021? MAZEPIN \u00c9 EXPULSO DE BALADA? | Paddock GP #265\" width=\"500\" height=\"281\" src=\"https:\/\/www.youtube.com\/embed\/eoufjTqOjMg?feature=oembed\" frameborder=\"0\" allow=\"accelerometer; autoplay; clipboard-write; encrypted-media; gyroscope; picture-in-picture; web-share\" referrerpolicy=\"strict-origin-when-cross-origin\" allowfullscreen><\/iframe>\n<\/div><figcaption>MERCEDES ENTREGA OS PONTOS NA F1 2021? MAZEPIN \u00c9 EXPULSO DE BALADA? | Paddock GP #265<\/figcaption><\/figure>\n\n\n\n<p class=\"wp-block-paragraph\">A Ferrari conseguiu um \u00f3timo resultado na Cidade do M\u00e9xico, ocupando, respectivamente, quinto e sexto lugares, com Charles Leclerc e Carlos Sainz, rendimento suficiente para ultrapassar a McLaren no Mundial de Construtores e assumir o terceiro lugar. Isso foi poss\u00edvel porque, desde o in\u00edcio do campeonato, o desempenho dos dois pilotos foi equilibrado, somando importantes pontos quando o carro ainda n\u00e3o estava no n\u00edvel atual. E o monegasco falou justamente sobre sua rela\u00e7\u00e3o com o espanhol em coletiva de imprensa nesta quarta-feira (10), j\u00e1 no Brasil para a disputa do GP de S\u00e3o Paulo.<\/p>\n\n\n\n<p class=\"wp-block-paragraph\">&#8220;\u00c9 muito boa [a rela\u00e7\u00e3o com Sainz]. Voc\u00ea sempre precisa achar o equil\u00edbrio certo com seu companheiro de equipe&#8221;, acredita Leclerc. &#8220;Claro, tem um trabalho de equipe que voc\u00ea precisa fazer l\u00e1, porque tem dois pilotos que precisam trabalhar em benef\u00edcio do time. E acho que encontramos o equil\u00edbrio ideal com o Carlos&#8221;, disse o piloto do carro #16.<\/p>\n\n\n\n<p class=\"wp-block-paragraph\">Leclerc afirmou que os dois trabalham juntos em prol da equipe, n\u00e3o apenas em melhorias para o carro em si, mas tamb\u00e9m com o n\u00edvel que apresentam na pista. De acordo com o monegasco, estarem t\u00e3o pr\u00f3ximos um do outro causa uma competitividade positiva, que faz ambos quererem melhorar e a Ferrari sair ganhando.<\/p>\n\n\n\n<p class=\"wp-block-paragraph\"><strong>\u25b6\ufe0f&nbsp;Inscreva-se nos dois canais do GRANDE PR\u00caMIO no YouTube:&nbsp;<a href=\"https:\/\/www.youtube.com\/channel\/UC9OlHEgxoaY6QY6nWPoiqQg?sub_confirmation=1\" target=\"_blank\" rel=\"noreferrer noopener\">GP<\/a>&nbsp;|&nbsp;<a href=\"https:\/\/www.youtube.com\/channel\/UC9csiS6q_C3C0FYhyr1rnFA?sub_confirmation=1\" target=\"_blank\" rel=\"noreferrer noopener\">GP2<\/a><\/strong><\/p>\n\n\n\n<figure class=\"wp-block-image size-large\"><img decoding=\"async\" src=\"https:\/\/www.grandepremio.com\/br\/wp-content\/uploads\/2021\/11\/ferrari-charlesleclerc-02-1-1024x683.jpg\" alt=\"\" class=\"wp-image-522392\"\/><figcaption>Charles Leclerc foi o 5\u00ba colocado no GP da Cidade do M\u00e9xico (Foto: Ferrari)<\/figcaption><\/figure>\n\n\n\n<p class=\"wp-block-paragraph\"><strong>Conhe\u00e7a o canal do Grande Pr\u00eamio no YouTube! Clique&nbsp;<a target=\"_blank\" href=\"https:\/\/youtube.com\/GrandePremioTV\" rel=\"noreferrer noopener\">aqui<\/a>.<\/strong><br><strong>Siga o Grande Pr\u00eamio no&nbsp;<a target=\"_blank\" href=\"https:\/\/twitter.com\/grandepremio\" rel=\"noreferrer noopener\">Twitter&nbsp;<\/a>e no&nbsp;<a target=\"_blank\" href=\"https:\/\/instagram.com\/grandepremio\" rel=\"noreferrer noopener\">Instagram<\/a>!<\/strong><\/p>\n\n\n\n<p class=\"wp-block-paragraph\">&#8220;Estamos trabalhando juntos fora do carro, mas quando botamos o capacete, eu quero venc\u00ea-lo e ele quer me vencer, \u00e9 natural&#8221;, admitiu Charles. &#8220;Todo piloto quer chegar em primeiro, ainda mais quando o outro tem o mesmo carro que voc\u00ea. Mas existe um bom relacionamento, trabalhamos juntos muito bem e acho que \u00e9 ben\u00e9fico a todos: estamos desafiando um ao outro corrida ap\u00f3s corrida a sermos melhores e, ao mesmo tempo, estamos levando a equipe \u00e0 frente&#8221;, encerrou<\/p>\n\n\n\n<p class=\"wp-block-paragraph\">O desempenho de ambos no GP da Cidade do M\u00e9xico foi justamente um indicativo do que disse Leclerc. Charles chegou em quinto, com seu companheiro logo atr\u00e1s, e os dois ainda trocaram de posi\u00e7\u00e3o na pista com o objetivo de tentar alcan\u00e7ar o carro da frente, pilotado por Pierre Gasly. A ultrapassagem n\u00e3o foi poss\u00edvel e os dois voltaram \u00e0s suas posi\u00e7\u00f5es originais.<\/p>\n\n\n\n<p class=\"wp-block-paragraph\">Com o resultado obtido no Hermanos Rodr\u00edguez, a Ferrari conseguiu somar 18 pontos, contra apenas 1 da McLaren, fruto do d\u00e9cimo lugar de Lando Norris. Assim, a escuderia de Maranello n\u00e3o apenas ultrapassou o time de Woking na <a href=\"https:\/\/www.grandepremio.com\/br\/f1\/classificacao\/\" target=\"_blank\" rel=\"noreferrer noopener\">tabela de classifica\u00e7\u00e3o<\/a> do campeonato, como tamb\u00e9m abriu 13,5 pontos de vantagem na terceira coloca\u00e7\u00e3o.<\/p>\n\n\n\n<p class=\"wp-block-paragraph\">O GP de S\u00e3o Paulo acontece entre os dias 12 e 14 de novembro, com direito a cobertura especial e &#8216;in loco&#8217; do <strong>Grande Pr\u00eamio<\/strong>, diretamente do Aut\u00f3dromo de Interlagos.<\/p>\n\n\n\n<figure class=\"wp-block-video\"><video class=\"video-js vjs-big-play-centered\" data-gp-vjs=\"1\" controls src=\"https:\/\/www.grandepremio.com\/br\/wp-content\/uploads\/2021\/11\/OconSandwich.mp4\"><\/video><figcaption>Esteban Ocon foi ensanduichado por Mick Schumacher e Yuki Tsunoda (V\u00eddeo: Reprodu\u00e7\u00e3o)<\/figcaption><\/figure>\n\n\n\n<p class=\"wp-block-paragraph\"><\/p>\n","protected":false},"excerpt":{"rendered":"<p>Charles Leclerc ressaltou ambiente positivo ap\u00f3s chegada de Carlos Sainz, que faz seu primeiro ano na Ferrari em 2021. No entanto, monegasco admitiu competitividade entre os dois<\/p>\n","protected":false},"author":0,"featured_media":1000465601,"comment_status":"closed","ping_status":"closed","sticky":false,"template":"","format":"standard","meta":{"42wp_featured_image_caption":"","42wp_featured_image_credits":"","42wp_featured_video":"","42wp_featured_image_hidden":false,"42wp_authors_list":[],"footnotes":""},"categories":[2],"tags":[783,546,209,147,156,207,24837,28370],"42wp_author":[47117,47142],"class_list":["post-116451","post","type-post","status-publish","format-standard","has-post-thumbnail","hentry","category-f1","tag-brasil","tag-carlos-sainz","tag-charles-leclerc","tag-f1","tag-f1-2021","tag-ferrari","tag-formula-1-2","tag-gp-de-sao-paulo-2","42wp_author-gabriel-curty","42wp_author-jp-nascimento"],"_links":{"self":[{"href":"https:\/\/grandepremio.com\/br\/wp-json\/wp\/v2\/posts\/116451","targetHints":{"allow":["GET"]}}],"collection":[{"href":"https:\/\/grandepremio.com\/br\/wp-json\/wp\/v2\/posts"}],"about":[{"href":"https:\/\/grandepremio.com\/br\/wp-json\/wp\/v2\/types\/post"}],"replies":[{"embeddable":true,"href":"https:\/\/grandepremio.com\/br\/wp-json\/wp\/v2\/comments?post=116451"}],"version-history":[{"count":0,"href":"https:\/\/grandepremio.com\/br\/wp-json\/wp\/v2\/posts\/116451\/revisions"}],"wp:featuredmedia":[{"embeddable":true,"href":"https:\/\/grandepremio.com\/br\/wp-json\/wp\/v2\/media\/1000465601"}],"wp:attachment":[{"href":"https:\/\/grandepremio.com\/br\/wp-json\/wp\/v2\/media?parent=116451"}],"wp:term":[{"taxonomy":"category","embeddable":true,"href":"https:\/\/grandepremio.com\/br\/wp-json\/wp\/v2\/categories?post=116451"},{"taxonomy":"post_tag","embeddable":true,"href":"https:\/\/grandepremio.com\/br\/wp-json\/wp\/v2\/tags?post=116451"},{"taxonomy":"42wp_author","embeddable":true,"href":"https:\/\/grandepremio.com\/br\/wp-json\/wp\/v2\/42wp_author?post=116451"}],"curies":[{"name":"wp","href":"https:\/\/api.w.org\/{rel}","templated":true}]}}