{"id":116452,"date":"2021-11-11T04:00:06","date_gmt":"2021-11-11T07:00:06","guid":{"rendered":"https:\/\/grandepremio.com\/br\/noticias\/charles-leclerc-elogia-interlagos-lembra-estreia-brasil-2018-foi-otima-corrida\/"},"modified":"2021-11-10T21:55:21","modified_gmt":"2021-11-11T00:55:21","slug":"charles-leclerc-elogia-interlagos-lembra-estreia-brasil-2018-foi-otima-corrida","status":"publish","type":"post","link":"https:\/\/grandepremio.com\/br\/f1\/charles-leclerc-elogia-interlagos-lembra-estreia-brasil-2018-foi-otima-corrida\/","title":{"rendered":"Leclerc lembra &#8220;\u00f3tima corrida&#8221; em 2018 e exalta Interlagos: &#8220;Favorita no videogame&#8221;"},"content":{"rendered":"\n<figure class=\"wp-block-embed is-type-video is-provider-youtube wp-block-embed-youtube wp-embed-aspect-16-9 wp-has-aspect-ratio\"><div class=\"wp-block-embed__wrapper\">\n<iframe loading=\"lazy\" title=\"O QUE GP DE S\u00c3O PAULO SIGNIFICA PARA F1 2021? | TT GP #38\" width=\"500\" height=\"281\" src=\"https:\/\/www.youtube.com\/embed\/2cRG2ng2Iew?feature=oembed\" frameborder=\"0\" allow=\"accelerometer; autoplay; clipboard-write; encrypted-media; gyroscope; picture-in-picture; web-share\" referrerpolicy=\"strict-origin-when-cross-origin\" allowfullscreen><\/iframe>\n<\/div><figcaption>O QUE GP DE S\u00c3O PAULO SIGNIFICA PARA F1 2021? | TT GP #38<br><\/figcaption><\/figure>\n\n\n\n<p class=\"wp-block-paragraph\">Charles Leclerc come\u00e7ou na F\u00f3rmula 1 no ano de 2018, ainda na Alfa Romeo. O monegasco foi uma \u00f3tima revela\u00e7\u00e3o, e chegou ao seu primeiro GP do Brasil igualando sua melhor classifica\u00e7\u00e3o na temporada, com um s\u00e9timo lugar, mesma posi\u00e7\u00e3o em que terminou a prova. Por isso, embora ainda tenha pouca experi\u00eancia no circuito de Interlagos, Charles confessa adorar a pista, sobretudo por ser no pa\u00eds de seu \u00eddolo de inf\u00e2ncia, Ayrton Senna.<\/p>\n\n\n\n<p class=\"wp-block-paragraph\">&#8220;Eu gosto muito da pista. Sempre escolhi S\u00e3o Paulo no jogo da F\u00f3rmula 1, no videogame. \u00c9 o que talvez tenha me ajudado a ser mais r\u00e1pido no carro de verdade da F1. Eu gosto da pista. Meu \u00eddolo de inf\u00e2ncia era o [Ayrton] Senna, ent\u00e3o, sim, o Brasil \u00e9 um lugar especial. Vendo as imagens do Ayrton, e tudo o que ele conquistou, sempre sonhei em correr aqui&#8221;, disse Leclerc, quando questionado pelo <strong>GRANDE PR\u00caMIO<\/strong> sobre correr no Brasil.<\/p>\n\n\n\n<p class=\"wp-block-paragraph\">&#8220;2018 foi a minha primeira vez aqui, meu primeiro ano na F\u00f3rmula 1 no geral, ent\u00e3o, tudo me faz lembrar da classifica\u00e7\u00e3o, quando come\u00e7ou a chover e as coisas foram funcionando para mim. Foi uma \u00f3tima corrida&#8221;, acrescentou. <\/p>\n\n\n\n<p class=\"wp-block-paragraph\"><strong>\u25b6\ufe0f&nbsp;Inscreva-se nos dois canais do GRANDE PR\u00caMIO no YouTube:&nbsp;<a href=\"https:\/\/www.youtube.com\/channel\/UC9OlHEgxoaY6QY6nWPoiqQg?sub_confirmation=1\" target=\"_blank\" rel=\"noreferrer noopener\">GP<\/a>&nbsp;|&nbsp;<a href=\"https:\/\/www.youtube.com\/channel\/UC9csiS6q_C3C0FYhyr1rnFA?sub_confirmation=1\" target=\"_blank\" rel=\"noreferrer noopener\">GP2<\/a><\/strong><\/p>\n\n\n\n<figure class=\"wp-block-image size-large\"><img decoding=\"async\" src=\"https:\/\/www.grandepremio.com\/br\/wp-content\/uploads\/2018\/12\/201811111256448_IMG_9538_DMa.jpg\" alt=\"\" class=\"wp-image-124980\"\/><figcaption>Charles Leclerc foi o s\u00e9timo colocado do GP do Brasil de 2018 (Foto: Alfa Romeo)<\/figcaption><\/figure>\n\n\n\n<p class=\"wp-block-paragraph\"><strong>Conhe\u00e7a o canal do Grande Pr\u00eamio no YouTube! Clique&nbsp;<a target=\"_blank\" href=\"https:\/\/youtube.com\/GrandePremioTV\" rel=\"noreferrer noopener\">aqui<\/a>.<\/strong><br><strong>Siga o Grande Pr\u00eamio no&nbsp;<a target=\"_blank\" href=\"https:\/\/twitter.com\/grandepremio\" rel=\"noreferrer noopener\">Twitter&nbsp;<\/a>e no&nbsp;<a target=\"_blank\" href=\"https:\/\/instagram.com\/grandepremio\" rel=\"noreferrer noopener\">Instagram<\/a>!<\/strong><\/p>\n\n\n\n<p class=\"wp-block-paragraph\">Dentre as mem\u00f3rias que t\u00eam no Aut\u00f3dromo Jos\u00e9 Carlos Pace, a prova de 2018 supera positivamente o ocorrido em 2019. Isso porque, j\u00e1 na Ferrari, a equipe de Maranello ficou marcada por uma confus\u00e3o no GP do Brasil daquele ano<a href=\"https:\/\/www.grandepremio.com\/br\/f1\/noticias\/leclerc-e-vettel-batem-e-provocam-duplo-abandono-da-ferrari-no-brasil\/#:~:text=A%20cinco%20voltas%20do%20fim,e%20deixaram%20Interlagos%20a%20p%C3%A9&amp;text=O%20GP%20do%20Brasil%20de,emo%C3%A7%C3%A3o%20especial%20na%20reta%20final.\" target=\"_blank\" rel=\"noreferrer noopener\">: a cinco voltas do fim, Leclerc&nbsp;fechou a porta para uma tentativa de troco de&nbsp;Sebastian Vettel<\/a>. Os dois bateram, quebraram e deixaram Interlagos com enorme frustra\u00e7\u00e3o.<\/p>\n\n\n\n<p class=\"wp-block-paragraph\">Agora, a situa\u00e7\u00e3o \u00e9 diferente. Formando dupla com Carlos Sainz, a temporada de 2021 se mostrou com um clima mais amistoso entre ambos os pilotos. Juntos, levaram a Ferrari \u00e0 briga pela terceira for\u00e7a do campeonato contra a McLaren \u2014 e que, neste momento, soma 13,5 pontos de vantagem sobre a escuderia brit\u00e2nica no Mundial de Construtores. J\u00e1 no de Pilotos, Leclerc e Sainz se encontram na sexta e s\u00e9tima posi\u00e7\u00f5es, com 138 e 130,5 pontos, respectivamente. <\/p>\n\n\n\n<p class=\"wp-block-paragraph\">O GP de S\u00e3o Paulo acontece no final de semana semana, entre 12 e 14 de novembro, com cobertura \u2018in loco\u2019 do\u00a0<strong>GRANDE PR\u00caMIO<\/strong>\u00a0em\u00a0<a href=\"https:\/\/www.grandepremio.com\/br\/etapa\/f1\/gp-de-sao-paulo-brasil-formula-1-2021\/\" target=\"_blank\" rel=\"noreferrer noopener\">Interlagos<\/a>.<\/p>\n\n\n\n<figure class=\"wp-block-embed is-type-video is-provider-youtube wp-block-embed-youtube wp-embed-aspect-16-9 wp-has-aspect-ratio\"><div class=\"wp-block-embed__wrapper\">\n<iframe loading=\"lazy\" title=\"MERCEDES ENTREGA OS PONTOS NA F1 2021? MAZEPIN \u00c9 EXPULSO DE BALADA? | Paddock GP #265\" width=\"500\" height=\"281\" src=\"https:\/\/www.youtube.com\/embed\/eoufjTqOjMg?feature=oembed\" frameborder=\"0\" allow=\"accelerometer; autoplay; clipboard-write; encrypted-media; gyroscope; picture-in-picture; web-share\" referrerpolicy=\"strict-origin-when-cross-origin\" allowfullscreen><\/iframe>\n<\/div><figcaption>MERCEDES ENTREGA OS PONTOS NA F1 2021? MAZEPIN \u00c9 EXPULSO DE BALADA? | Paddock GP&nbsp;<a href=\"https:\/\/www.youtube.com\/hashtag\/265\">#265<\/a><br><\/figcaption><\/figure>\n\n\n\n<p class=\"wp-block-paragraph\"><\/p>\n\n\n\n<p class=\"wp-block-paragraph\"><\/p>\n","protected":false},"excerpt":{"rendered":"<p>Em entrevista coletiva nesta quarta-feira (10), Charles Leclerc lembrou sua primeira corrida no Brasil, em 2018, e garantiu que adora o circuito de Interlagos desde antes de entrar na F1<\/p>\n","protected":false},"author":0,"featured_media":1000521675,"comment_status":"closed","ping_status":"closed","sticky":false,"template":"","format":"standard","meta":{"42wp_featured_image_caption":"","42wp_featured_image_credits":"","42wp_featured_video":"","42wp_featured_image_hidden":false,"42wp_authors_list":[],"footnotes":""},"categories":[2],"tags":[563,209,147,2374,156,1357,207,24837,28370,502,24836,124],"42wp_author":[47139,47117],"class_list":["post-116452","post","type-post","status-publish","format-standard","has-post-thumbnail","hentry","category-f1","tag-carlos-sainz-jr","tag-charles-leclerc","tag-f1","tag-f1-2018","tag-f1-2021","tag-f1-2022","tag-ferrari","tag-formula-1-2","tag-gp-de-sao-paulo-2","tag-gp-do-brasil","tag-grande-premio-2","tag-interlagos","42wp_author-ana-cerveira","42wp_author-gabriel-curty"],"_links":{"self":[{"href":"https:\/\/grandepremio.com\/br\/wp-json\/wp\/v2\/posts\/116452","targetHints":{"allow":["GET"]}}],"collection":[{"href":"https:\/\/grandepremio.com\/br\/wp-json\/wp\/v2\/posts"}],"about":[{"href":"https:\/\/grandepremio.com\/br\/wp-json\/wp\/v2\/types\/post"}],"replies":[{"embeddable":true,"href":"https:\/\/grandepremio.com\/br\/wp-json\/wp\/v2\/comments?post=116452"}],"version-history":[{"count":0,"href":"https:\/\/grandepremio.com\/br\/wp-json\/wp\/v2\/posts\/116452\/revisions"}],"wp:featuredmedia":[{"embeddable":true,"href":"https:\/\/grandepremio.com\/br\/wp-json\/wp\/v2\/media\/1000521675"}],"wp:attachment":[{"href":"https:\/\/grandepremio.com\/br\/wp-json\/wp\/v2\/media?parent=116452"}],"wp:term":[{"taxonomy":"category","embeddable":true,"href":"https:\/\/grandepremio.com\/br\/wp-json\/wp\/v2\/categories?post=116452"},{"taxonomy":"post_tag","embeddable":true,"href":"https:\/\/grandepremio.com\/br\/wp-json\/wp\/v2\/tags?post=116452"},{"taxonomy":"42wp_author","embeddable":true,"href":"https:\/\/grandepremio.com\/br\/wp-json\/wp\/v2\/42wp_author?post=116452"}],"curies":[{"name":"wp","href":"https:\/\/api.w.org\/{rel}","templated":true}]}}