{"id":116454,"date":"2021-11-10T18:30:00","date_gmt":"2021-11-10T21:30:00","guid":{"rendered":"https:\/\/grandepremio.com\/br\/noticias\/266-mercedes-red-bull-voltam-cutucar-ingressos-interlagos\/"},"modified":"2021-11-10T18:21:05","modified_gmt":"2021-11-10T21:21:05","slug":"266-mercedes-red-bull-voltam-cutucar-ingressos-interlagos","status":"publish","type":"post","link":"https:\/\/grandepremio.com\/br\/grande-premio\/266-mercedes-red-bull-voltam-cutucar-ingressos-interlagos\/","title":{"rendered":"#266: Mercedes e Red Bull voltam a se cutucar e ingressos para Interlagos"},"content":{"rendered":"\n<figure class=\"wp-block-embed is-type-video is-provider-youtube wp-block-embed-youtube wp-embed-aspect-16-9 wp-has-aspect-ratio\"><div class=\"wp-block-embed__wrapper\">\n<iframe loading=\"lazy\" title=\"F\u00d3RMULA 1 EM SP: MERCEDES E RED BULL SE CUTUCAM | Paddock GP #266\" width=\"500\" height=\"281\" src=\"https:\/\/www.youtube.com\/embed\/CtefYQMU8IM?feature=oembed\" frameborder=\"0\" allow=\"accelerometer; autoplay; clipboard-write; encrypted-media; gyroscope; picture-in-picture; web-share\" referrerpolicy=\"strict-origin-when-cross-origin\" allowfullscreen><\/iframe>\n<\/div><\/figure>\n\n\n\n<p class=\"wp-block-paragraph\">A edi\u00e7\u00e3o #266 do Paddock GP, a mesa redonda composta por jornalistas do <strong>GRANDE PR\u00caMIO<\/strong> para debater as \u00faltimas novidades do esporte a motor, vai ao ar nesta ter\u00e7a-feira (9), \u00e0s 19h00 (hor\u00e1rio de Bras\u00edlia. GMT -3), no canal do GP no YouTube.<\/p>\n\n\n\n<p class=\"wp-block-paragraph\">Victor Martins comanda a atra\u00e7\u00e3o junto de Evelyn Guimar\u00e3es e Gabriel Curty.<\/p>\n\n\n\n<p class=\"wp-block-paragraph\">O programa aborda a quarta-feira da semana do GP de S\u00e3o Paulo de F\u00f3rmula 1, nova troca de provoca\u00e7\u00f5es entre Mercedes e Red Bull, as primeiras entrevistas coletivas de pilotos e autoridades visando o evento e a nova identidade visual da F1. Al\u00e9m, claro, dos ingressos para o fim de semana em Interlagos: ainda existem para vender?<\/p>\n\n\n\n<p class=\"wp-block-paragraph\"><strong>\u25b6\ufe0f\u00a0Inscreva-se nos dois canais do GRANDE PR\u00caMIO no YouTube:\u00a0<a href=\"https:\/\/www.youtube.com\/channel\/UC9OlHEgxoaY6QY6nWPoiqQg?sub_confirmation=1\" target=\"_blank\" rel=\"noreferrer noopener\">GP<\/a>\u00a0|\u00a0<a href=\"https:\/\/www.youtube.com\/channel\/UC9csiS6q_C3C0FYhyr1rnFA?sub_confirmation=1\" target=\"_blank\" rel=\"noreferrer noopener\">GP2<\/a><\/strong><\/p>\n\n\n\n<p class=\"wp-block-paragraph\">Aproveite para se inscrever no canal do\u00a0<strong>GRANDE PR\u00caMIO<\/strong>\u00a0<a href=\"https:\/\/www.youtube.com\/c\/GrandePremioTV\/videos\">no YouTube<\/a>\u00a0e n\u00e3o perder as atra\u00e7\u00f5es, incluindo o Paddock GP, que vai ao ar toda segunda-feira e\u00a0<a href=\"https:\/\/formula1aovivo.com\/\" target=\"_blank\" rel=\"noreferrer noopener\">ao vivo<\/a>.<\/p>\n\n\n\n<p class=\"wp-block-paragraph\">O Paddock GP tem produ\u00e7\u00e3o de Fernando Silva e Gabriel Carvalho. A dire\u00e7\u00e3o \u00e9 de Rodrigo Berton e o podcast \u00e9 hospedado no feed da Central 3.<\/p>\n","protected":false},"excerpt":{"rendered":"<p>Atra\u00e7\u00e3o vai ao ar \u00e0s 19h00 no YouTube com a quarta em S\u00e3o Paulo. Victor Martins comanda programa com Evelyn Guimar\u00e3es e Gabriel Curty<\/p>\n","protected":false},"author":0,"featured_media":1000523261,"comment_status":"closed","ping_status":"closed","sticky":false,"template":"","format":"standard","meta":{"42wp_featured_image_caption":"","42wp_featured_image_credits":"","42wp_featured_video":"","42wp_featured_image_hidden":false,"42wp_authors_list":[],"footnotes":""},"categories":[4],"tags":[783,156,25536,26680,502,24836,28285,124,1537,25505],"42wp_author":[47120],"class_list":["post-116454","post","type-post","status-publish","format-standard","has-post-thumbnail","hentry","category-grande-premio","tag-brasil","tag-f1-2021","tag-formula-1-2021-2","tag-gp-de-sao-paulo","tag-gp-do-brasil","tag-grande-premio-2","tag-grandepremio","tag-interlagos","tag-paddock-gp","tag-sao-paulo-2","42wp_author-pedro-henrique-marum"],"_links":{"self":[{"href":"https:\/\/grandepremio.com\/br\/wp-json\/wp\/v2\/posts\/116454","targetHints":{"allow":["GET"]}}],"collection":[{"href":"https:\/\/grandepremio.com\/br\/wp-json\/wp\/v2\/posts"}],"about":[{"href":"https:\/\/grandepremio.com\/br\/wp-json\/wp\/v2\/types\/post"}],"replies":[{"embeddable":true,"href":"https:\/\/grandepremio.com\/br\/wp-json\/wp\/v2\/comments?post=116454"}],"version-history":[{"count":0,"href":"https:\/\/grandepremio.com\/br\/wp-json\/wp\/v2\/posts\/116454\/revisions"}],"wp:featuredmedia":[{"embeddable":true,"href":"https:\/\/grandepremio.com\/br\/wp-json\/wp\/v2\/media\/1000523261"}],"wp:attachment":[{"href":"https:\/\/grandepremio.com\/br\/wp-json\/wp\/v2\/media?parent=116454"}],"wp:term":[{"taxonomy":"category","embeddable":true,"href":"https:\/\/grandepremio.com\/br\/wp-json\/wp\/v2\/categories?post=116454"},{"taxonomy":"post_tag","embeddable":true,"href":"https:\/\/grandepremio.com\/br\/wp-json\/wp\/v2\/tags?post=116454"},{"taxonomy":"42wp_author","embeddable":true,"href":"https:\/\/grandepremio.com\/br\/wp-json\/wp\/v2\/42wp_author?post=116454"}],"curies":[{"name":"wp","href":"https:\/\/api.w.org\/{rel}","templated":true}]}}