{"id":116456,"date":"2021-11-10T17:01:58","date_gmt":"2021-11-10T20:01:58","guid":{"rendered":"https:\/\/grandepremio.com\/br\/noticias\/charles-leclerc-lamenta-problemas-em-monaco-e-hungria-mas-ve-passo-a-frente-da-ferrari-em-2021\/"},"modified":"2021-11-10T21:58:18","modified_gmt":"2021-11-11T00:58:18","slug":"charles-leclerc-lamenta-problemas-em-monaco-e-hungria-mas-ve-passo-a-frente-da-ferrari-em-2021","status":"publish","type":"post","link":"https:\/\/grandepremio.com\/br\/f1\/charles-leclerc-lamenta-problemas-em-monaco-e-hungria-mas-ve-passo-a-frente-da-ferrari-em-2021\/","title":{"rendered":"Leclerc lamenta problemas em M\u00f4naco e Hungria, mas v\u00ea &#8220;passo \u00e0 frente&#8221; da Ferrari"},"content":{"rendered":"\n<figure class=\"wp-block-embed is-type-video is-provider-youtube wp-block-embed-youtube wp-embed-aspect-16-9 wp-has-aspect-ratio\"><div class=\"wp-block-embed__wrapper\">\n<iframe loading=\"lazy\" title=\"MERCEDES ENTREGA OS PONTOS NA F1 2021? MAZEPIN \u00c9 EXPULSO DE BALADA? | Paddock GP #265\" width=\"500\" height=\"281\" src=\"https:\/\/www.youtube.com\/embed\/eoufjTqOjMg?feature=oembed\" frameborder=\"0\" allow=\"accelerometer; autoplay; clipboard-write; encrypted-media; gyroscope; picture-in-picture; web-share\" referrerpolicy=\"strict-origin-when-cross-origin\" allowfullscreen><\/iframe>\n<\/div><figcaption>MERCEDES ENTREGA OS PONTOS NA F1 2021? MAZEPIN \u00c9 EXPULSO DE BALADA? | Paddock GP #265<\/figcaption><\/figure>\n\n\n\n<p class=\"wp-block-paragraph\">A F\u00f3rmula 1 j\u00e1 desembarcou no Brasil para a disputa do GP de S\u00e3o Paulo, programado para acontecer neste fim de semana, e os pilotos da categoria concederam as primeiras entrevistas nesta quarta-feira (10). Charles Leclerc fez um balan\u00e7o de sua temporada at\u00e9 aqui, considerada boa pelo monegasco. No entanto, o #16 n\u00e3o deixou de lamentar as oportunidades perdidas pela equipe italiana nos GPs de M\u00f4naco e Hungria.<\/p>\n\n\n\n<p class=\"wp-block-paragraph\">&#8220;Acho que \u00e9 uma boa temporada&#8221;, come\u00e7ou Leclerc ao ser perguntado pelo <strong>GRANDE PR\u00caMIO<\/strong>, em S\u00e3o Paulo. &#8220;Infelizmente, especialmente em duas corridas, pod\u00edamos ter somado mais pontos. Primeiro em M\u00f4naco, come\u00e7ando a corrida na pole, acho que poder\u00edamos ter feito bons pontos l\u00e1. Budapeste tamb\u00e9m, est\u00e1vamos em uma boa posi\u00e7\u00e3o at\u00e9 quebrarmos. Essas duas corridas nos tiraram alguns pontos no campeonato, mas tirando isso, estou feliz com minha temporada at\u00e9 agora&#8221;, disse.<\/p>\n\n\n\n<p class=\"wp-block-paragraph\">Em M\u00f4naco, justamente o lugar onde Leclerc nasceu, o piloto conseguiu fazer a pole-position no s\u00e1bado, mas n\u00e3o pode largar no domingo. Um problema no eixo de transmiss\u00e3o de sua Ferrari impediu que Charles sequer fosse ao grid de largada. No GP da Hungria, por outro lado, o problema n\u00e3o teve nada a ver com as condi\u00e7\u00f5es do carro: Charles foi abalroado pela Aston Martin de Lance Stroll com tanta for\u00e7a que danificou sua unidade de pot\u00eancia.<\/p>\n\n\n\n<p class=\"wp-block-paragraph\"><strong>\u25b6\ufe0f&nbsp;Inscreva-se nos dois canais do GRANDE PR\u00caMIO no YouTube:&nbsp;<a href=\"https:\/\/www.youtube.com\/channel\/UC9OlHEgxoaY6QY6nWPoiqQg?sub_confirmation=1\" target=\"_blank\" rel=\"noreferrer noopener\">GP<\/a>&nbsp;|&nbsp;<a href=\"https:\/\/www.youtube.com\/channel\/UC9csiS6q_C3C0FYhyr1rnFA?sub_confirmation=1\" target=\"_blank\" rel=\"noreferrer noopener\">GP2<\/a><\/strong><\/p>\n\n\n\n<figure class=\"wp-block-image size-large\"><img decoding=\"async\" src=\"https:\/\/www.grandepremio.com\/br\/wp-content\/uploads\/2021\/11\/ferrari-charlesleclerc-02-2-1024x683.jpg\" alt=\"\" class=\"wp-image-522741\"\/><figcaption>Charles Leclerc conquistou bom resultado na Cidade do M\u00e9xico, somando dez pontos com o quinto lugar (Foto: Ferrari)<\/figcaption><\/figure>\n\n\n\n<p class=\"wp-block-paragraph\"><strong>Conhe\u00e7a o canal do Grande Pr\u00eamio no YouTube! Clique&nbsp;<a target=\"_blank\" href=\"https:\/\/youtube.com\/GrandePremioTV\" rel=\"noreferrer noopener\">aqui<\/a>.<\/strong><br><strong>Siga o Grande Pr\u00eamio no&nbsp;<a target=\"_blank\" href=\"https:\/\/twitter.com\/grandepremio\" rel=\"noreferrer noopener\">Twitter&nbsp;<\/a>e no&nbsp;<a target=\"_blank\" href=\"https:\/\/instagram.com\/grandepremio\" rel=\"noreferrer noopener\">Instagram<\/a>!<\/strong><\/p>\n\n\n\n<p class=\"wp-block-paragraph\">O piloto ainda aproveitou para ressaltar as melhorias no carro da Ferrari, j\u00e1 que o ano de 2020 foi o pior dos \u00faltimos 40 anos para a equipe italiana, que consegue ocupar a terceira coloca\u00e7\u00e3o no Mundial de Construtores em 2021. Leclerc relembrou os problemas vividos no ano passado e destacou a subida de produ\u00e7\u00e3o que a equipe teve desde o \u00faltimo upgrade do motor, feito na R\u00fassia no carro de Charles e na Turquia no de Carlos Sainz.<\/p>\n\n\n\n<p class=\"wp-block-paragraph\">&#8220;E como time, demos um grande passo de competitividade desde o ano passado, que foi muito complicado para a equipe&#8221;, reconheceu. &#8220;Est\u00e1vamos tendo problemas com o carro, mas deu tudo certo e demos um passo \u00e0 frente esse ano. Tr\u00eas ou quatro corridas atr\u00e1s, melhoramos o motor, o que nos colocou na dire\u00e7\u00e3o certa. Ent\u00e3o estou feliz com a temporada, o rendimento, ainda h\u00e1 muito trabalho a se fazer, pois quero brigar por vit\u00f3rias e n\u00e3o pelo quinto ou sexto lugar. Mas acho que estamos no caminho certo&#8221;, encerrou.<\/p>\n\n\n\n<p class=\"wp-block-paragraph\">Leclerc \u00e9 o sexto colocado na tabela de classifica\u00e7\u00e3o do Mundial de Piloto, uma posi\u00e7\u00e3o e 7,5 pontos \u00e0 frente de Sainz, seu companheiro de equipe. Entre os Construtores, a Ferrari deu um passo importante na Cidade do M\u00e9xico ao tomar o terceiro posto da McLaren, restando apenas quatro etapas para o encerramento do campeonato.<\/p>\n\n\n\n<p class=\"wp-block-paragraph\">O GP de S\u00e3o Paulo acontece entre os dias 12 e 14 de novembro, com cobertura especial e &#8216;in loco&#8217; do <strong>GRANDE PR\u00caMIO<\/strong>, direto de Interlagos.<\/p>\n\n\n\n<figure class=\"wp-block-video\"><video class=\"video-js vjs-big-play-centered\" data-gp-vjs=\"1\" controls src=\"https:\/\/www.grandepremio.com\/br\/wp-content\/uploads\/2021\/11\/OconSandwich.mp4\"><\/video><figcaption>Esteban Ocon foi ensanduichado por Mick Schumacher e Yuki Tsunoda (V\u00eddeo: Reprodu\u00e7\u00e3o)<\/figcaption><\/figure>\n","protected":false},"excerpt":{"rendered":"<p>Piloto monegasco j\u00e1 est\u00e1 no Brasil para a disputa do GP de S\u00e3o Paulo, e fez um balan\u00e7o da temporada 2021 at\u00e9 aqui. Leclerc reclamou de problemas em duas corridas, mas v\u00ea temporada de forma positiva<\/p>\n","protected":false},"author":0,"featured_media":1000521675,"comment_status":"closed","ping_status":"closed","sticky":false,"template":"","format":"standard","meta":{"42wp_featured_image_caption":"","42wp_featured_image_credits":"","42wp_featured_video":"","42wp_featured_image_hidden":false,"42wp_authors_list":[],"footnotes":""},"categories":[2],"tags":[783,546,209,147,156,207,24837,180,29827,26680,124],"42wp_author":[47117,47142],"class_list":["post-116456","post","type-post","status-publish","format-standard","has-post-thumbnail","hentry","category-f1","tag-brasil","tag-carlos-sainz","tag-charles-leclerc","tag-f1","tag-f1-2021","tag-ferrari","tag-formula-1-2","tag-formula-1","tag-gp-da-cidade-do-mexico","tag-gp-de-sao-paulo","tag-interlagos","42wp_author-gabriel-curty","42wp_author-jp-nascimento"],"_links":{"self":[{"href":"https:\/\/grandepremio.com\/br\/wp-json\/wp\/v2\/posts\/116456","targetHints":{"allow":["GET"]}}],"collection":[{"href":"https:\/\/grandepremio.com\/br\/wp-json\/wp\/v2\/posts"}],"about":[{"href":"https:\/\/grandepremio.com\/br\/wp-json\/wp\/v2\/types\/post"}],"replies":[{"embeddable":true,"href":"https:\/\/grandepremio.com\/br\/wp-json\/wp\/v2\/comments?post=116456"}],"version-history":[{"count":0,"href":"https:\/\/grandepremio.com\/br\/wp-json\/wp\/v2\/posts\/116456\/revisions"}],"wp:featuredmedia":[{"embeddable":true,"href":"https:\/\/grandepremio.com\/br\/wp-json\/wp\/v2\/media\/1000521675"}],"wp:attachment":[{"href":"https:\/\/grandepremio.com\/br\/wp-json\/wp\/v2\/media?parent=116456"}],"wp:term":[{"taxonomy":"category","embeddable":true,"href":"https:\/\/grandepremio.com\/br\/wp-json\/wp\/v2\/categories?post=116456"},{"taxonomy":"post_tag","embeddable":true,"href":"https:\/\/grandepremio.com\/br\/wp-json\/wp\/v2\/tags?post=116456"},{"taxonomy":"42wp_author","embeddable":true,"href":"https:\/\/grandepremio.com\/br\/wp-json\/wp\/v2\/42wp_author?post=116456"}],"curies":[{"name":"wp","href":"https:\/\/api.w.org\/{rel}","templated":true}]}}