{"id":116458,"date":"2021-11-10T15:33:11","date_gmt":"2021-11-10T18:33:11","guid":{"rendered":"https:\/\/grandepremio.com\/br\/noticias\/promotor-do-gp-de-sp-destaca-20-a-mais-de-publico-2021-interlagos-impecavel\/"},"modified":"2021-11-10T15:33:19","modified_gmt":"2021-11-10T18:33:19","slug":"promotor-do-gp-de-sp-destaca-20-a-mais-de-publico-2021-interlagos-impecavel","status":"publish","type":"post","link":"https:\/\/grandepremio.com\/br\/f1\/promotor-do-gp-de-sp-destaca-20-a-mais-de-publico-2021-interlagos-impecavel\/","title":{"rendered":"Promotor do GP de SP destaca &#8220;20% a mais de p\u00fablico&#8221; em 2021 e v\u00ea Interlagos &#8220;impec\u00e1vel&#8221;"},"content":{"rendered":"\n<figure class=\"wp-block-embed is-type-video is-provider-youtube wp-block-embed-youtube wp-embed-aspect-16-9 wp-has-aspect-ratio\"><div class=\"wp-block-embed__wrapper\">\n<iframe loading=\"lazy\" title=\"O QUE GP DE S\u00c3O PAULO SIGNIFICA PARA F1 2021? | TT GP #38\" width=\"500\" height=\"281\" src=\"https:\/\/www.youtube.com\/embed\/2cRG2ng2Iew?feature=oembed\" frameborder=\"0\" allow=\"accelerometer; autoplay; clipboard-write; encrypted-media; gyroscope; picture-in-picture; web-share\" referrerpolicy=\"strict-origin-when-cross-origin\" allowfullscreen><\/iframe>\n<\/div><figcaption>O QUE GP DE S\u00c3O PAULO SIGNIFICA PARA F1 2021? | TT GP #38<\/figcaption><\/figure>\n\n\n\n<p class=\"wp-block-paragraph\">Neste fim de semana, Interlagos recebe o GP de S\u00e3o Paulo, palco da 19\u00ba de 22 etapas da F\u00f3rmula 1 na atual temporada. Nesta quarta-feira (10), uma coletiva de imprensa, detalhes sobre o fim de semana foram divulgados pela organiza\u00e7\u00e3o da prova e pelo Governo de SP.<\/p>\n\n\n\n<p class=\"wp-block-paragraph\">Alan Adler, promotor da prova, comentou diversos assuntos. O dirigente celebrou a realiza\u00e7\u00e3o da corrida ap\u00f3s a pandemia de Covid-19, <a href=\"https:\/\/www.grandepremio.com\/br\/f1\/noticias\/gp-de-sao-paulo-ultimo-lote-de-ingressos-opcoes-todos-os-setores\/\">ainda mais com presen\u00e7a de p\u00fablico<\/a>, e comentou o estado do circuito paulistano ap\u00f3s a aus\u00eancia na temporada passada.<\/p>\n\n\n\n<p class=\"wp-block-paragraph\">&#8220;Estamos muito animados. Gostaria de agradecer ao prefeito [Ricardo Nunes] por entregar um aut\u00f3dromo impec\u00e1vel, est\u00e1 lindo. Um aut\u00f3dromo de primeiro mundo, com estrutura e tudo funcionando. As expectativas s\u00e3o as melhoras poss\u00edveis, pois h\u00e1 um ano que n\u00e3o sab\u00edamos se teria o GP, nem se teria p\u00fablico, mas agora estamos aqui comemorando a corrida com 100% da capacidade. Isso \u00e9 importante para o evento, para a cidade, para o Estado&#8221;, comentou Adler.<\/p>\n\n\n\n<figure class=\"wp-block-image size-large\"><img decoding=\"async\" src=\"https:\/\/www.grandepremio.com\/br\/wp-content\/uploads\/2020\/11\/50248903693_49f4016959_o-1024x682.jpg\" alt=\"\" class=\"wp-image-434149\"\/><figcaption>O GP de S\u00e3o Paulo acontece neste fim de semana (Foto: Duda Bairros\/Vicar)<\/figcaption><\/figure>\n\n\n\n<p class=\"wp-block-paragraph\"><strong>\u25b6\ufe0f\u00a0Inscreva-se nos dois canais do GRANDE PR\u00caMIO no YouTube:\u00a0<a href=\"https:\/\/www.youtube.com\/channel\/UC9OlHEgxoaY6QY6nWPoiqQg?sub_confirmation=1\" target=\"_blank\" rel=\"noreferrer noopener\">GP<\/a>\u00a0|\u00a0<a href=\"https:\/\/www.youtube.com\/channel\/UC9csiS6q_C3C0FYhyr1rnFA?sub_confirmation=1\" target=\"_blank\" rel=\"noreferrer noopener\">GP2<\/a><\/strong><\/p>\n\n\n\n<p class=\"wp-block-paragraph\">&#8220;A gente sempre esteve muito confiante no plano de vacina\u00e7\u00e3o e na realiza\u00e7\u00e3o do GP. A grande d\u00favida era o percentual de p\u00fablico. A gente seguiu nosso planejamento, mas tudo foi empurrado e isso pressionou muito a execu\u00e7\u00e3o. T\u00ednhamos planos A, B e C. Seguimos o curso normal e toda a infraestrutura do aut\u00f3dromo, hoje, comporta o p\u00fablico de 100%&#8221;, seguiu.<\/p>\n\n\n\n<p class=\"wp-block-paragraph\">Adler tamb\u00e9m comentou sobre a capacidade completa no aut\u00f3dromo em 2021 e comparou com a \u00faltima etapa da F1 realizada em Interlagos, em 2019, quando tamb\u00e9m teve casa cheia nos tr\u00eas dias de evento.<\/p>\n\n\n\n<p class=\"wp-block-paragraph\">&#8220;Estamos preparados para receber 20% a mais de p\u00fablico do que em 2019, por isso aumentamos as estruturas. O produto est\u00e1 muito bom e atraindo os jovens. Antes, os pais arrastavam os filhos para a corrida. Agora, os filhos levam os pais para o aut\u00f3dromo&#8221;, declarou.<\/p>\n\n\n\n<figure class=\"wp-block-image size-large\"><img decoding=\"async\" src=\"https:\/\/www.grandepremio.com\/br\/wp-content\/uploads\/2020\/05\/IMG_7919-1024x683.jpg\" alt=\"GP DO BRASIL DE F\u00d3RMULA 1; GP DE S\u00c3O PAULO;\" class=\"wp-image-522963\"\/><figcaption>Torcida faz a festa no GP de S\u00e3o Paulo de F1 (Foto: Rodrigo Berton\/Grande Pr\u00eamio)<\/figcaption><\/figure>\n\n\n\n<p class=\"wp-block-paragraph\">&#8220;Estamos melhorando muito os tel\u00f5es do aut\u00f3dromo, com o dobro do tamanho, al\u00e9m de sistema de \u00e1udio usado em grandes shows. O aut\u00f3dromo ficou praticamente fechado durante a pandemia, ent\u00e3o n\u00e3o teve grandes modifica\u00e7\u00f5es, apenas a recupera\u00e7\u00e3o de seu estado original para receber a F\u00f3rmula 1&#8221;, completou o dirigente.<\/p>\n\n\n\n<p class=\"wp-block-paragraph\">A organiza\u00e7\u00e3o do GP de S\u00e3o Paulo <a href=\"https:\/\/www.grandepremio.com\/br\/f1\/noticias\/gp-de-sao-paulo-exige-vacinacao-completa-1-dose-teste-negativo-interlagos\/\">vai exigir documento com foto e o comprovante de vacina\u00e7\u00e3o completo<\/a> (duas doses ou dose \u00fanica) \u201capresentado obrigatoriamente atrav\u00e9s do aplicativo Chronus i-Passport, o passaporte sanit\u00e1rio oficial do evento, que estar\u00e1 dispon\u00edvel gratuitamente e o cadastro dever\u00e1 ser feito at\u00e9 o dia 10 de novembro\u201d.<\/p>\n\n\n\n<p class=\"wp-block-paragraph\">Ainda, os promotores exigem para quem n\u00e3o completou o esquema de vacinas \u2013 crian\u00e7as entre 5 e 12 anos \u2013 ou aqueles que tomaram apenas uma dose a obrigatoriedade da apresenta\u00e7\u00e3o de um teste negativo para Covid-19 do tipo Ant\u00edgeno (realizado at\u00e9 24 horas antes de cada acesso ao aut\u00f3dromo) ou RT-PCR (realizado at\u00e9 48 horas antes de cada acesso ao aut\u00f3dromo).<\/p>\n\n\n\n<figure class=\"wp-block-embed is-type-video is-provider-youtube wp-block-embed-youtube wp-embed-aspect-16-9 wp-has-aspect-ratio\"><div class=\"wp-block-embed__wrapper\">\n<iframe loading=\"lazy\" title=\"MERCEDES ENTREGA OS PONTOS NA F1 2021? MAZEPIN \u00c9 EXPULSO DE BALADA? | Paddock GP #265\" width=\"500\" height=\"281\" src=\"https:\/\/www.youtube.com\/embed\/eoufjTqOjMg?feature=oembed\" frameborder=\"0\" allow=\"accelerometer; autoplay; clipboard-write; encrypted-media; gyroscope; picture-in-picture; web-share\" referrerpolicy=\"strict-origin-when-cross-origin\" allowfullscreen><\/iframe>\n<\/div><figcaption>MERCEDES ENTREGA OS PONTOS NA F1 2021? MAZEPIN \u00c9 EXPULSO DE BALADA? | Paddock GP\u00a0<a href=\"https:\/\/www.youtube.com\/hashtag\/265\">#265<\/a><\/figcaption><\/figure>\n","protected":false},"excerpt":{"rendered":"<p>A F\u00f3rmula 1 volta a Interlagos neste fim de semana, ap\u00f3s a aus\u00eancia em 2020. Por isso, a organiza\u00e7\u00e3o da prova est\u00e1 animada para receber a categoria, ainda mais com todos os ingressos vendidos e altera\u00e7\u00f5es feitas para o GP de S\u00e3o Paulo<\/p>\n","protected":false},"author":0,"featured_media":1000511705,"comment_status":"closed","ping_status":"closed","sticky":false,"template":"","format":"standard","meta":{"42wp_featured_image_caption":"","42wp_featured_image_credits":"","42wp_featured_video":"","42wp_featured_image_hidden":false,"42wp_authors_list":[],"footnotes":""},"categories":[2],"tags":[27077,147,156,642,24837,25536,26680,124,27179],"42wp_author":[47135],"class_list":["post-116458","post","type-post","status-publish","format-standard","has-post-thumbnail","hentry","category-f1","tag-alan-adler","tag-f1","tag-f1-2021","tag-f1-ao-vivo","tag-formula-1-2","tag-formula-1-2021-2","tag-gp-de-sao-paulo","tag-interlagos","tag-temporada-f1-2021","42wp_author-pedro-luis-cuenca"],"_links":{"self":[{"href":"https:\/\/grandepremio.com\/br\/wp-json\/wp\/v2\/posts\/116458","targetHints":{"allow":["GET"]}}],"collection":[{"href":"https:\/\/grandepremio.com\/br\/wp-json\/wp\/v2\/posts"}],"about":[{"href":"https:\/\/grandepremio.com\/br\/wp-json\/wp\/v2\/types\/post"}],"replies":[{"embeddable":true,"href":"https:\/\/grandepremio.com\/br\/wp-json\/wp\/v2\/comments?post=116458"}],"version-history":[{"count":0,"href":"https:\/\/grandepremio.com\/br\/wp-json\/wp\/v2\/posts\/116458\/revisions"}],"wp:featuredmedia":[{"embeddable":true,"href":"https:\/\/grandepremio.com\/br\/wp-json\/wp\/v2\/media\/1000511705"}],"wp:attachment":[{"href":"https:\/\/grandepremio.com\/br\/wp-json\/wp\/v2\/media?parent=116458"}],"wp:term":[{"taxonomy":"category","embeddable":true,"href":"https:\/\/grandepremio.com\/br\/wp-json\/wp\/v2\/categories?post=116458"},{"taxonomy":"post_tag","embeddable":true,"href":"https:\/\/grandepremio.com\/br\/wp-json\/wp\/v2\/tags?post=116458"},{"taxonomy":"42wp_author","embeddable":true,"href":"https:\/\/grandepremio.com\/br\/wp-json\/wp\/v2\/42wp_author?post=116458"}],"curies":[{"name":"wp","href":"https:\/\/api.w.org\/{rel}","templated":true}]}}