{"id":116466,"date":"2021-11-10T11:22:10","date_gmt":"2021-11-10T14:22:10","guid":{"rendered":"https:\/\/grandepremio.com\/br\/noticias\/charles-leclerc-briga-aberta-mclaren-ferrari-por-3-lugar-vence-quem-errar-menos\/"},"modified":"2021-11-10T11:22:21","modified_gmt":"2021-11-10T14:22:21","slug":"charles-leclerc-briga-aberta-mclaren-ferrari-por-3-lugar-vence-quem-errar-menos","status":"publish","type":"post","link":"https:\/\/grandepremio.com\/br\/f1\/charles-leclerc-briga-aberta-mclaren-ferrari-por-3-lugar-vence-quem-errar-menos\/","title":{"rendered":"Leclerc v\u00ea briga aberta entre McLaren e Ferrari por 3\u00ba lugar: &#8220;Vence quem errar menos&#8221;"},"content":{"rendered":"\n<figure class=\"wp-block-embed is-type-video is-provider-youtube wp-block-embed-youtube wp-embed-aspect-16-9 wp-has-aspect-ratio\"><div class=\"wp-block-embed__wrapper\">\n<iframe loading=\"lazy\" title=\"MERCEDES ENTREGA OS PONTOS NA F1 2021? MAZEPIN \u00c9 EXPULSO DE BALADA? | Paddock GP #265\" width=\"500\" height=\"281\" src=\"https:\/\/www.youtube.com\/embed\/eoufjTqOjMg?feature=oembed\" frameborder=\"0\" allow=\"accelerometer; autoplay; clipboard-write; encrypted-media; gyroscope; picture-in-picture; web-share\" referrerpolicy=\"strict-origin-when-cross-origin\" allowfullscreen><\/iframe>\n<\/div><figcaption>MERCEDES ENTREGA OS PONTOS NA F1 2021? MAZEPIN \u00c9 EXPULSO DE BALADA? | Paddock GP #265<\/figcaption><\/figure>\n\n\n\n<p class=\"wp-block-paragraph\">A Ferrari vinha se aproximando da McLaren na tabela de classifica\u00e7\u00e3o do campeonato nas \u00faltimas etapas, principalmente depois da queda de rendimento da equipe de Woking ap\u00f3s a dobradinha conquistada no GP da It\u00e1lia. No <a href=\"https:\/\/www.grandepremio.com\/br\/f1\/noticias\/max-verstappen-vence-gp-cidade-do-mexico-lewis-hamilton-segura-sergio-perez-segundo\/\">GP da Cidade do M\u00e9xico<\/a>, 18\u00aa etapa do ano, enfim a escuderia italiana conseguiu passar \u00e0 frente, inclusive abrindo 13,5 pontos de vantagem para os concorrentes no \u00faltimo domingo. Charles Leclerc, piloto do time de Maranello, n\u00e3o acredita que a velocidade dos carros vai definir o vencedor, mas sim aquele que errar menos.<\/p>\n\n\n\n<p class=\"wp-block-paragraph\">&#8220;Ser\u00e1 decidido para o time que cometer menos erros, pois estamos muito, muito perto [da McLaren]&#8221;, opinou Leclerc. &#8220;Podem haver corridas em que estaremos um pouco \u00e0 frente, e outras em que eles estar\u00e3o. Mas n\u00e3o acho que isso v\u00e1 fazer a diferen\u00e7a. Acho que vencer\u00e1 aquele que cometer menos erros, e domingo foi um exemplo disso&#8221;, afirmou.<\/p>\n\n\n\n<p class=\"wp-block-paragraph\">Al\u00e9m do bom ritmo alcan\u00e7ado pelas duas Ferrari no Aut\u00f3dromo Hermanos Rodr\u00edguez, suficiente para colocar Leclerc em quinto lugar e Carlos Sainz em sexto, o piloto ressaltou ter sido um dia em que a McLaren teve dificuldades para acompanhar o ritmo dos italianos, e a Ferrari aproveitou bem: 18 pontos contra um dos ingleses \u2014 somado gra\u00e7as ao d\u00e9cimo lugar de Lando Norris.<\/p>\n\n\n\n<p class=\"wp-block-paragraph\">&#8220;Aproveitamos uma grande oportunidade com as duas McLaren bem atr\u00e1s de n\u00f3s&#8221;, comemorou o monegasco. &#8220;Conseguimos somar v\u00e1rios pontos, no que considero um momento importante para o terceiro lugar no campeonato&#8221;, disse.<\/p>\n\n\n\n<p class=\"wp-block-paragraph\"><strong>\u25b6\ufe0f&nbsp;Inscreva-se nos dois canais do GRANDE PR\u00caMIO no YouTube:&nbsp;<a href=\"https:\/\/www.youtube.com\/channel\/UC9OlHEgxoaY6QY6nWPoiqQg?sub_confirmation=1\" target=\"_blank\" rel=\"noreferrer noopener\">GP<\/a>&nbsp;|&nbsp;<a href=\"https:\/\/www.youtube.com\/channel\/UC9csiS6q_C3C0FYhyr1rnFA?sub_confirmation=1\" target=\"_blank\" rel=\"noreferrer noopener\">GP2<\/a><\/strong><\/p>\n\n\n\n<figure class=\"wp-block-image size-large\"><img decoding=\"async\" src=\"https:\/\/www.grandepremio.com\/br\/wp-content\/uploads\/2021\/11\/ferrari-charlesleclerc-01-1-1024x683.jpg\" alt=\"\" class=\"wp-image-522391\"\/><figcaption>Charles Leclerc fez boa corrida no M\u00e9xico, e ajudou Ferrari a ultrapassar a McLaren no Mundial de Construtores (Foto: Ferrari)<\/figcaption><\/figure>\n\n\n\n<p class=\"wp-block-paragraph\">Companheiro de equipe de Leclerc, Sainz foi na mesma linha do #16. O espanhol relembrou a largada de Daniel Ricciardo no M\u00e9xico, quando o piloto australiano largou entre os dois carros da Ferrari e chegou \u00e0 primeira curva \u00e0 frente de ambos. No entanto, o #3 se envolveu em acidente com Valtteri Bottas e prejudicou toda sua corrida a partir de ent\u00e3o.<\/p>\n\n\n\n<p class=\"wp-block-paragraph\">&#8220;Vai ser super apertado at\u00e9 o fim. Voc\u00ea tem um exemplo de hoje, na curva 1, Daniel estava \u00e0 nossa frente e isso \u00e9 um fato&#8221;, lembrou Sainz. &#8220;A McLaren est\u00e1 na briga em todos os finais de semana. Ent\u00e3o, obviamente, ele teve um acidente. At\u00e9 a curva 1, havia uma McLaren na frente das duas Ferrari. Eles t\u00eam seus pontos fortes. Eles t\u00eam largadas muito boas, t\u00eam um carro que \u00e9 muito bom em curvas de alta velocidade&#8221;, disse.<\/p>\n\n\n\n<p class=\"wp-block-paragraph\">Sainz relembrou de ocasi\u00f5es na temporada em que a McLaren apresentou um conjunto forte, como na dobradinha em Monza ou durante o GP da R\u00fassia, em que Norris liderava a parte final da corrida. Quando a chuva caiu no circuito russo, entretanto, o ingl\u00eas demorou demais a parar e trocar os pneus, o que lhe custou o resultado \u2014 no que poderia ser sua primeira vit\u00f3ria na F\u00f3rmula 1.<\/p>\n\n\n\n<p class=\"wp-block-paragraph\">O espanhol acredita que, caso a F1 v\u00e1 a outros circuitos com caracter\u00edsticas que favore\u00e7am ao time de Woking, ser\u00e1 poss\u00edvel ver a McLaren subir de n\u00edvel novamente. At\u00e9 o encerramento da temporada, a categoria vai visitar mais quatro pa\u00edses: Brasil, Catar, Ar\u00e1bia Saudita e Abu Dhabi.<\/p>\n\n\n\n<figure class=\"wp-block-image size-large\"><img decoding=\"async\" src=\"https:\/\/www.grandepremio.com\/br\/wp-content\/uploads\/2021\/11\/FDnQiivXEAcBAPb-1024x576.jpg\" alt=\"DANIEL RICCIARDO; VALTTERI BOTTAS; F\u00d3RMULA 1; F1;\" class=\"wp-image-522605\"\/><figcaption>Daniel Ricciardo acertou Valtteri Bottas no come\u00e7o do GP no M\u00e9xico (Foto: Reprodu\u00e7\u00e3o)<\/figcaption><\/figure>\n\n\n\n<p class=\"wp-block-paragraph\"><strong>Conhe\u00e7a o canal do Grande Pr\u00eamio no YouTube! Clique&nbsp;<a target=\"_blank\" href=\"https:\/\/youtube.com\/GrandePremioTV\" rel=\"noreferrer noopener\">aqui<\/a>.<\/strong><br><strong>Siga o Grande Pr\u00eamio no&nbsp;<a target=\"_blank\" href=\"https:\/\/twitter.com\/grandepremio\" rel=\"noreferrer noopener\">Twitter&nbsp;<\/a>e no&nbsp;<a target=\"_blank\" href=\"https:\/\/instagram.com\/grandepremio\" rel=\"noreferrer noopener\">Instagram<\/a>!<\/strong><\/p>\n\n\n\n<p class=\"wp-block-paragraph\">&#8220;Portanto, assim que formos para pistas que sejam mais favor\u00e1veis \u200b\u200ba eles, como Monza ou S\u00f3chi, onde eles estavam quil\u00f4metros \u00e0 frente, ser\u00e1 dif\u00edcil venc\u00ea-los&#8221;, acredita o espanhol. &#8220;O que esta nova unidade de for\u00e7a nos permitiu \u00e9 nos manter na briga em todas as pistas e fazer uma boa luta, e no momento estamos executando essa luta muito bem e estamos finalmente \u00e0 frente no campeonato&#8221;, encerrou.<\/p>\n\n\n\n<p class=\"wp-block-paragraph\">Pelo outro lado, o chefe de equipe da McLaren, Andreas Seidl, culpou a imprevisibilidade como fator fundamental para o resultado. O dirigente ressaltou que mesmo com o planejamento sendo feito antes da corrida, no momento em que os carros v\u00e3o \u00e0 pista, o resultado pode ser diferente do esperado na F\u00f3rmula 1.<\/p>\n\n\n\n<p class=\"wp-block-paragraph\">&#8220;Existem muitos fatores que desempenham um papel aqui: temperatura, sele\u00e7\u00e3o de pneus, n\u00edvel de downforce, caracter\u00edsticas da pista, obviamente&#8221; afirmou Seidl. &#8220;J\u00e1 vimos isso muitas vezes este ano, que era dif\u00edcil de prever e pode ser diferente do que todos esperavam&#8221;, lembrou.<\/p>\n\n\n\n<figure class=\"wp-block-video\"><video class=\"video-js vjs-big-play-centered\" data-gp-vjs=\"1\" controls src=\"https:\/\/www.grandepremio.com\/br\/wp-content\/uploads\/2021\/11\/OconSandwich.mp4\"><\/video><figcaption>Esteban Ocon foi ensanduichado por Mick Schumacher e Yuki Tsunoda (V\u00eddeo: Reprodu\u00e7\u00e3o)<\/figcaption><\/figure>\n","protected":false},"excerpt":{"rendered":"<p>Piloto viu Ferrari conseguiu um bom resultado na Cidade do M\u00e9xico e ultrapassar a McLaren na tabela de classifica\u00e7\u00e3o, mas n\u00e3o acredita que a velocidade tenha sido o fator mais importante<\/p>\n","protected":false},"author":0,"featured_media":1000518453,"comment_status":"closed","ping_status":"closed","sticky":false,"template":"","format":"standard","meta":{"42wp_featured_image_caption":"","42wp_featured_image_credits":"","42wp_featured_video":"","42wp_featured_image_hidden":false,"42wp_authors_list":[],"footnotes":""},"categories":[2],"tags":[545,546,209,211,147,156,207,180,24837,29827,547,90],"42wp_author":[47142],"class_list":["post-116466","post","type-post","status-publish","format-standard","has-post-thumbnail","hentry","category-f1","tag-andreas-seidl","tag-carlos-sainz","tag-charles-leclerc","tag-daniel-ricciardo","tag-f1","tag-f1-2021","tag-ferrari","tag-formula-1","tag-formula-1-2","tag-gp-da-cidade-do-mexico","tag-lando-norris","tag-mclaren","42wp_author-jp-nascimento"],"_links":{"self":[{"href":"https:\/\/grandepremio.com\/br\/wp-json\/wp\/v2\/posts\/116466","targetHints":{"allow":["GET"]}}],"collection":[{"href":"https:\/\/grandepremio.com\/br\/wp-json\/wp\/v2\/posts"}],"about":[{"href":"https:\/\/grandepremio.com\/br\/wp-json\/wp\/v2\/types\/post"}],"replies":[{"embeddable":true,"href":"https:\/\/grandepremio.com\/br\/wp-json\/wp\/v2\/comments?post=116466"}],"version-history":[{"count":0,"href":"https:\/\/grandepremio.com\/br\/wp-json\/wp\/v2\/posts\/116466\/revisions"}],"wp:featuredmedia":[{"embeddable":true,"href":"https:\/\/grandepremio.com\/br\/wp-json\/wp\/v2\/media\/1000518453"}],"wp:attachment":[{"href":"https:\/\/grandepremio.com\/br\/wp-json\/wp\/v2\/media?parent=116466"}],"wp:term":[{"taxonomy":"category","embeddable":true,"href":"https:\/\/grandepremio.com\/br\/wp-json\/wp\/v2\/categories?post=116466"},{"taxonomy":"post_tag","embeddable":true,"href":"https:\/\/grandepremio.com\/br\/wp-json\/wp\/v2\/tags?post=116466"},{"taxonomy":"42wp_author","embeddable":true,"href":"https:\/\/grandepremio.com\/br\/wp-json\/wp\/v2\/42wp_author?post=116466"}],"curies":[{"name":"wp","href":"https:\/\/api.w.org\/{rel}","templated":true}]}}