{"id":116470,"date":"2021-11-10T09:26:12","date_gmt":"2021-11-10T12:26:12","guid":{"rendered":"https:\/\/grandepremio.com\/br\/noticias\/max-verstappen-muito-baixo-culpar-valtteri-bottas-derrota-mercedes-mexico\/"},"modified":"2021-11-10T10:10:07","modified_gmt":"2021-11-10T13:10:07","slug":"max-verstappen-muito-baixo-culpar-valtteri-bottas-derrota-mercedes-mexico","status":"publish","type":"post","link":"https:\/\/grandepremio.com\/br\/f1\/max-verstappen-muito-baixo-culpar-valtteri-bottas-derrota-mercedes-mexico\/","title":{"rendered":"Verstappen diz que \u00e9 \u201cmuito baixo\u201d culpar Bottas pela derrota da Mercedes no M\u00e9xico"},"content":{"rendered":"\n<figure class=\"wp-block-embed is-type-video is-provider-youtube wp-block-embed-youtube wp-embed-aspect-16-9 wp-has-aspect-ratio\"><div class=\"wp-block-embed__wrapper\">\n<iframe loading=\"lazy\" title=\"MAZEPIN \u00c9 EXPULSO DE BALADA NO M\u00c9XICO DEPOIS DE CORRIDA DA F1 #shorts\" width=\"500\" height=\"281\" src=\"https:\/\/www.youtube.com\/embed\/hcxjoL7QrXo?feature=oembed\" frameborder=\"0\" allow=\"accelerometer; autoplay; clipboard-write; encrypted-media; gyroscope; picture-in-picture; web-share\" referrerpolicy=\"strict-origin-when-cross-origin\" allowfullscreen><\/iframe>\n<\/div><figcaption>MAZEPIN \u00c9 EXPULSO DE BALADA NO M\u00c9XICO DEPOIS DE CORRIDA DA F1&nbsp;<a href=\"https:\/\/www.youtube.com\/hashtag\/shorts\">#shorts<\/a><\/figcaption><\/figure>\n\n\n\n<p class=\"wp-block-paragraph\">Max Verstappen avaliou que \u00e9 \u201cmuito baixo\u201d culpar Valtteri Bottas pela derrota da Mercedes no GP da Cidade do M\u00e9xico. O titular da Red Bull avaliou que o finland\u00eas fez o certo ao deixar espa\u00e7o e criticou diretamente Toto Wolff, chefe da equipe rival.<\/p>\n\n\n\n<p class=\"wp-block-paragraph\">Dono da pole no Hermanos Rodr\u00edguez, Bottas foi criticado por deixar espa\u00e7o na esquerda antes da curva 1, o que acabou abrindo caminho para a ultrapassagem de Verstappen, que venceu a corrida.<\/p>\n\n\n\n<figure class=\"wp-block-image size-large\"><img decoding=\"async\" src=\"https:\/\/www.grandepremio.com\/br\/wp-content\/uploads\/2021\/11\/FDnPMXsXMAo7A4D-1024x576.jpg\" alt=\"LARGADA; GP DA CIDADE DO M\u00c9XICO; MAX VERSTAPPEN;\" class=\"wp-image-522602\"\/><figcaption>Antes do salseiro na curva 1, Max Verstappen assumiu a ponta na largada no M\u00e9xico (Foto: F1\/Twitter)<\/figcaption><\/figure>\n\n\n\n<p class=\"wp-block-paragraph\"><strong>\u25b6\ufe0f&nbsp;Inscreva-se nos dois canais do GRANDE PR\u00caMIO no YouTube:&nbsp;<a href=\"https:\/\/www.youtube.com\/channel\/UC9OlHEgxoaY6QY6nWPoiqQg?sub_confirmation=1\" target=\"_blank\" rel=\"noreferrer noopener\">GP<\/a>&nbsp;|&nbsp;<a href=\"https:\/\/www.youtube.com\/channel\/UC9csiS6q_C3C0FYhyr1rnFA?sub_confirmation=1\" target=\"_blank\" rel=\"noreferrer noopener\">GP2<\/a><\/strong><\/p>\n\n\n\n<p class=\"wp-block-paragraph\">Ap\u00f3s a corrida, Hamilton criticou Bottas por deixar espa\u00e7o para o rival rubro-taurino.<\/p>\n\n\n\n<p class=\"wp-block-paragraph\">\u201cEu tinha visualizado de forma diferente, naturalmente, no sentido de que Valtteri talvez tivesse uma largada melhor e eu tentaria pegar seu v\u00e1cuo\u201d, afirmou Lewis. \u201cMas ent\u00e3o fiquei ao seu lado, o que era bom. Eu estava apenas cobrindo meu lado da pista, tentando garantir que ningu\u00e9m poderia vir por dentro, tentando manter atr\u00e1s qualquer Red Bull que eu visse no retrovisor\u201d, seguiu.<\/p>\n\n\n\n<p class=\"wp-block-paragraph\">\u201cAchei que Valtteri fosse fazer o mesmo, mas ele obviamente deixou a porta aberta para o Max\u201d, reclamou. \u201cE Max estava na linha de corrida, ele fez um grande trabalho freando na curva 1, porque eu estava por dentro, no lado sujo, ent\u00e3o n\u00e3o tinha esperan\u00e7a para mim\u201d, lamentou.<\/p>\n\n\n\n<p class=\"wp-block-paragraph\">Chefe da Mercedes, <a href=\"https:\/\/www.grandepremio.com\/br\/f1\/noticias\/mercedes-reconhece-derrota-mexico-critica-largada-abriram-mar-max-verstappen\/\">Toto Wolff tamb\u00e9m reclamou da atua\u00e7\u00e3o de Bottas na largada<\/a> e lamentou o fato de o piloto ter rodado depois de um toque com Daniel Ricciardo.<\/p>\n\n\n\n<p class=\"wp-block-paragraph\">\u201cAquilo n\u00e3o pode acontecer. Acho que t\u00ednhamos dois carros na frente e parece que abrimos o mar para Max vir por fora. E mesmo depois da rodada, n\u00e3o somar pontos com Valtteri, quando poderia ser terceiro ou quarto, incomoda\u201d, disparou Wolff.<\/p>\n\n\n\n<p class=\"wp-block-paragraph\">Verstappen, por\u00e9m, considera que as criticas n\u00e3o s\u00e3o justas, j\u00e1 que entende que Bottas atuou como deveria no M\u00e9xico.<\/p>\n\n\n\n<p class=\"wp-block-paragraph\">\u201cVoc\u00ea precisa deixar espa\u00e7o da largura de um carro, do contr\u00e1rio, ele teria recebido uma puni\u00e7\u00e3o\u201d, disse Verstappen \u00e0 publica\u00e7\u00e3o holandesa De Telegraaf. \u201cN\u00e3o sei do que Toto est\u00e1 falando. Voc\u00ea pode facilmente culpar Valtteri, mas acho que isso \u00e9 muito baixo\u201d, frisou.<\/p>\n\n\n\n<p class=\"wp-block-paragraph\">Pelo Instagram, Hamilton tratou de esclarecer as declara\u00e7\u00f5es que deu no M\u00e9xico e incentivou Bottas para o restante da temporada.<\/p>\n\n\n\n<p class=\"wp-block-paragraph\">\u201cTodos n\u00f3s temos dias ruins. Vivemos e aprendemos. Disse que Valtteri deixou a porta aberta e, naturalmente, as pessoas surgiram para critic\u00e1-lo\u201d, escreveu o brit\u00e2nico. \u201cSomos uma equipe e ganhamos e perdemos como tal. N\u00e3o h\u00e1 uma \u00fanica pessoa respons\u00e1vel por ganhar o perder, fazemos isso juntos, bem ou mal. Voc\u00ea pode ser capaz de nos vencer, mas n\u00e3o pode nos destruir! Vamos para a pr\u00f3xima, Valtteri, vamos seguir lutando, irm\u00e3o\u201d, completou.<\/p>\n\n\n\n<p class=\"wp-block-paragraph\">A pr\u00f3xima etapa da temporada \u00e9 especial porque vai marcar o retorno da&nbsp;<a href=\"https:\/\/www.grandepremio.com\/formula-1\/\" target=\"_blank\" rel=\"noreferrer noopener\">F\u00f3rmula 1<\/a>&nbsp;ao Brasil depois de um ano de aus\u00eancia. O GP de S\u00e3o Paulo acontece logo nesta semana, entre 12 e 14 de novembro, com cobertura \u2018in loco\u2019 do&nbsp;<strong>GRANDE PR\u00caMIO<\/strong>&nbsp;em&nbsp;<a href=\"https:\/\/www.grandepremio.com\/br\/etapa\/f1\/gp-de-sao-paulo-brasil-formula-1-2021\/\" target=\"_blank\" rel=\"noreferrer noopener\">Interlagos<\/a>.<\/p>\n\n\n\n<figure class=\"wp-block-embed is-type-video is-provider-youtube wp-block-embed-youtube wp-embed-aspect-16-9 wp-has-aspect-ratio\"><div class=\"wp-block-embed__wrapper\">\n<iframe loading=\"lazy\" title=\"MERCEDES ENTREGA OS PONTOS NA F1 2021? MAZEPIN \u00c9 EXPULSO DE BALADA? | Paddock GP #265\" width=\"500\" height=\"281\" src=\"https:\/\/www.youtube.com\/embed\/eoufjTqOjMg?feature=oembed\" frameborder=\"0\" allow=\"accelerometer; autoplay; clipboard-write; encrypted-media; gyroscope; picture-in-picture; web-share\" referrerpolicy=\"strict-origin-when-cross-origin\" allowfullscreen><\/iframe>\n<\/div><figcaption>MERCEDES ENTREGA OS PONTOS NA F1 2021? MAZEPIN \u00c9 EXPULSO DE BALADA? | Paddock GP&nbsp;<a href=\"https:\/\/www.youtube.com\/hashtag\/265\">#265<\/a><br><\/figcaption><\/figure>\n","protected":false},"excerpt":{"rendered":"<p>Piloto da Red Bull avaliou que o finland\u00eas agiu correto ao deixar espa\u00e7o, pois, do contr\u00e1rio, teria sido punido. O holand\u00eas criticou diretamente a postura de Toto Wolff<\/p>\n","protected":false},"author":0,"featured_media":1000522764,"comment_status":"closed","ping_status":"closed","sticky":false,"template":"","format":"standard","meta":{"42wp_featured_image_caption":"","42wp_featured_image_credits":"","42wp_featured_video":"","42wp_featured_image_hidden":false,"42wp_authors_list":[],"footnotes":""},"categories":[2],"tags":[27040,147,156,24837,25536,26868,203,612],"42wp_author":[47113],"class_list":["post-116470","post","type-post","status-publish","format-standard","has-post-thumbnail","hentry","category-f1","tag-calendario-formula-1-2021","tag-f1","tag-f1-2021","tag-formula-1-2","tag-formula-1-2021-2","tag-formula-1-classificacao-2020","tag-max-verstappen","tag-valtteri-bottas","42wp_author-juliana-tesser"],"_links":{"self":[{"href":"https:\/\/grandepremio.com\/br\/wp-json\/wp\/v2\/posts\/116470","targetHints":{"allow":["GET"]}}],"collection":[{"href":"https:\/\/grandepremio.com\/br\/wp-json\/wp\/v2\/posts"}],"about":[{"href":"https:\/\/grandepremio.com\/br\/wp-json\/wp\/v2\/types\/post"}],"replies":[{"embeddable":true,"href":"https:\/\/grandepremio.com\/br\/wp-json\/wp\/v2\/comments?post=116470"}],"version-history":[{"count":0,"href":"https:\/\/grandepremio.com\/br\/wp-json\/wp\/v2\/posts\/116470\/revisions"}],"wp:featuredmedia":[{"embeddable":true,"href":"https:\/\/grandepremio.com\/br\/wp-json\/wp\/v2\/media\/1000522764"}],"wp:attachment":[{"href":"https:\/\/grandepremio.com\/br\/wp-json\/wp\/v2\/media?parent=116470"}],"wp:term":[{"taxonomy":"category","embeddable":true,"href":"https:\/\/grandepremio.com\/br\/wp-json\/wp\/v2\/categories?post=116470"},{"taxonomy":"post_tag","embeddable":true,"href":"https:\/\/grandepremio.com\/br\/wp-json\/wp\/v2\/tags?post=116470"},{"taxonomy":"42wp_author","embeddable":true,"href":"https:\/\/grandepremio.com\/br\/wp-json\/wp\/v2\/42wp_author?post=116470"}],"curies":[{"name":"wp","href":"https:\/\/api.w.org\/{rel}","templated":true}]}}