{"id":116487,"date":"2021-11-09T11:45:42","date_gmt":"2021-11-09T14:45:42","guid":{"rendered":"https:\/\/grandepremio.com\/br\/noticias\/charles-leclerc-descarta-ter-ignorado-ordem-da-ferrari-no-mexico-reitera-espirito-de-equipe\/"},"modified":"2021-11-09T11:45:50","modified_gmt":"2021-11-09T14:45:50","slug":"charles-leclerc-descarta-ter-ignorado-ordem-da-ferrari-no-mexico-reitera-espirito-de-equipe","status":"publish","type":"post","link":"https:\/\/grandepremio.com\/br\/f1\/charles-leclerc-descarta-ter-ignorado-ordem-da-ferrari-no-mexico-reitera-espirito-de-equipe\/","title":{"rendered":"Leclerc descarta ter ignorado ordem da Ferrari no M\u00e9xico e reafirma &#8220;esp\u00edrito de equipe&#8221;"},"content":{"rendered":"\n<figure class=\"wp-block-embed is-type-video is-provider-youtube wp-block-embed-youtube wp-embed-aspect-16-9 wp-has-aspect-ratio\"><div class=\"wp-block-embed__wrapper\">\n<iframe loading=\"lazy\" title=\"F1: VERSTAPPEN VENCE IMPASSE MEXICANO NA LARGADA E SE APROXIMA DE T\u00cdTULO | Paddock GP #264\" width=\"500\" height=\"281\" src=\"https:\/\/www.youtube.com\/embed\/Frbd-d4_Om8?feature=oembed\" frameborder=\"0\" allow=\"accelerometer; autoplay; clipboard-write; encrypted-media; gyroscope; picture-in-picture; web-share\" referrerpolicy=\"strict-origin-when-cross-origin\" allowfullscreen><\/iframe>\n<\/div><figcaption>F1: VERSTAPPEN VENCE IMPASSE MEXICANO NA LARGADA E SE APROXIMA DE T\u00cdTULO | Paddock GP 264<\/figcaption><\/figure>\n\n\n\n<p class=\"wp-block-paragraph\">Durante a disputa do GP da Cidade do M\u00e9xico, <a href=\"https:\/\/www.grandepremio.com\/br\/f1\/noticias\/max-verstappen-vence-gp-cidade-do-mexico-lewis-hamilton-segura-sergio-perez-segundo\/\" target=\"_blank\" rel=\"noreferrer noopener\">realizado no \u00faltimo domingo (7) com vit\u00f3ria de Max Verstappen<\/a>, a Ferrari tentou uma estrat\u00e9gia diferente no final da corrida para tentar alcan\u00e7ar a AlphaTauri de Pierre Gasly, que ocupava a 4\u00aa coloca\u00e7\u00e3o. Com seus dois carros imediatamente atr\u00e1s do franc\u00eas, a escuderia de Maranello pediu duas vezes a Charles Leclerc que deixasse Carlos Sainz passar, de modo a permitir que o espanhol buscasse a ultrapassagem, o que n\u00e3o aconteceu. Entretanto, Leclerc s\u00f3 atendeu ao segundo chamado da Ferrari para abrir passagem e explicou sua postura logo ap\u00f3s a corrida no Aut\u00f3dromo Hermanos Rodr\u00edguez.<\/p>\n\n\n\n<p class=\"wp-block-paragraph\">&#8220;Isso j\u00e1 tinha sido discutido antes&#8221;, revelou Leclerc sobre a estrat\u00e9gia. &#8220;Teve apenas uma volta em que eles me pediram para deix\u00e1-lo passar, mas eu estava ultrapassando, eu acho, um retardat\u00e1rio na minha frente \u2014 ent\u00e3o n\u00e3o fiz naquela volta. Na volta seguinte, a ordem foi para n\u00e3o fazer mais, ent\u00e3o seguramos e trocamos um pouco mais tarde. Mas foi tudo muito claro e assim que me pediram, fiz&#8221;, explicou.<\/p>\n\n\n\n<p class=\"wp-block-paragraph\">Leclerc explicou que a estrat\u00e9gia da Ferrari era usar os dois carros para colocar press\u00e3o em Gasly, que n\u00e3o tinha a outra AlphaTauri por perto para auxili\u00e1-lo \u2014 Yuki Tsunoda abandonou logo na primeira volta, ap\u00f3s incidente com Mick Schumacher e Esteban Ocon.<\/p>\n\n\n\n<p class=\"wp-block-paragraph\">Assim, quando chegasse no final da corrida, uma das Ferrari teria pneus em melhores condi\u00e7\u00f5es do que Pierre, algo parecido com o que Sergio P\u00e9rez fez com Lewis Hamilton \u2014 o mexicano quase conseguiu passar o ingl\u00eas nas voltas finais da corrida. Mas a estrat\u00e9gia da escuderia italiana, assim como para P\u00e9rez, n\u00e3o foi bem-sucedida.<\/p>\n\n\n\n<p class=\"wp-block-paragraph\"><strong>\u25b6\ufe0f&nbsp;Inscreva-se nos dois canais do GRANDE PR\u00caMIO no YouTube:&nbsp;<a href=\"https:\/\/www.youtube.com\/channel\/UC9OlHEgxoaY6QY6nWPoiqQg?sub_confirmation=1\" target=\"_blank\" rel=\"noreferrer noopener\">GP<\/a>&nbsp;|&nbsp;<a href=\"https:\/\/www.youtube.com\/channel\/UC9csiS6q_C3C0FYhyr1rnFA?sub_confirmation=1\" target=\"_blank\" rel=\"noreferrer noopener\">GP2<\/a><\/strong><\/p>\n\n\n\n<figure class=\"wp-block-image size-large\"><img decoding=\"async\" src=\"https:\/\/www.grandepremio.com\/br\/wp-content\/uploads\/2021\/11\/FDnho0LXEAcaNVF-1024x576.jpg\" alt=\"CARLOS SAINZ; CHARLES LECLERC; FERRARI; M\u00c9XICO;\" class=\"wp-image-522619\"\/><figcaption>Momento em que Leclerc abre caminho para Sainz passar no GP da Cidade do M\u00e9xico (Foto: Reprodu\u00e7\u00e3o)<\/figcaption><\/figure>\n\n\n\n<p class=\"wp-block-paragraph\"><strong>Conhe\u00e7a o canal do Grande Pr\u00eamio no YouTube! Clique&nbsp;<a target=\"_blank\" href=\"https:\/\/youtube.com\/GrandePremioTV\" rel=\"noreferrer noopener\">aqui<\/a>.<\/strong><br><strong>Siga o Grande Pr\u00eamio no&nbsp;<a target=\"_blank\" href=\"https:\/\/twitter.com\/grandepremio\" rel=\"noreferrer noopener\">Twitter&nbsp;<\/a>e no&nbsp;<a target=\"_blank\" href=\"https:\/\/instagram.com\/grandepremio\" rel=\"noreferrer noopener\">Instagram<\/a>!<\/strong><\/p>\n\n\n\n<p class=\"wp-block-paragraph\">&#8220;Da minha parte, paramos bem cedo para tentar colocar press\u00e3o em Pierre [Gasly]&#8221;, disse o piloto. &#8220;A inten\u00e7\u00e3o era ele parar e Carlos [Sainz] ficar na pista, buscando um delta nos pneus que durasse at\u00e9 o final da corrida. Tudo funcionou bem, mas quando fomos para os pneus duros, tive grandes dificuldades. Carlos [teve] um pouco menos, mas ainda assim n\u00e3o t\u00ednhamos o ritmo de Pierre. Mas acho que hoje mostra o esp\u00edrito de equipe que temos aqui, e sim, \u00e9 bom de ver&#8221;, admitiu.<\/p>\n\n\n\n<p class=\"wp-block-paragraph\">Chefe da Ferrari, Mattia Binotto foi na mesma linha de Leclerc e confirmou que a estrat\u00e9gia havia sido pr\u00e9-combinada antes da corrida come\u00e7ar. O italiano ressaltou que o plano era deixar o carro mais r\u00e1pido tentar alcan\u00e7ar o franc\u00eas, e caso n\u00e3o conseguisse, a equipe reestabeleceria as posi\u00e7\u00f5es, exatamente como ocorreu nas voltas finais da corrida.<\/p>\n\n\n\n<p class=\"wp-block-paragraph\">&#8220;Falamos sobre isso pela manh\u00e3&#8221;, come\u00e7ou o dirigente \u00edtalo-su\u00ed\u00e7o ao portal italiano da Sky Sports. &#8220;Foi uma decis\u00e3o em conjunto que um dos pilotos iria parar cedo, no caso Charles, para for\u00e7ar Gasly a parar. O outro piloto, ent\u00e3o, continuaria na pista para ter uma vantagem com pneus novos ao final da corrida&#8221;, explicou.<\/p>\n\n\n\n<p class=\"wp-block-paragraph\"><strong>LEIA TAMB\u00c9M<\/strong><br><strong><a href=\"https:\/\/grandepremium.grandepremio.com\/br\/10\/f1\/materias\/as-grandes-atracoes-do-gp-de-sao-paulo-de-formula-1\/\">+ESPECIAL: As grandes atra\u00e7\u00f5es do GP de S\u00e3o Paulo de\u00a0<\/a><a href=\"https:\/\/www.grandepremio.com\/formula-1\/\" target=\"_blank\" rel=\"noreferrer noopener\">F\u00f3rmula 1<\/a><\/strong><br><strong><a href=\"https:\/\/www.grandepremio.com\/br\/f1\/noticias\/opiniao-gp-mais-perto-do-titulo-max-verstappen-neutraliza-lewis-hamilton-com-atuacao-decisiva\/\">+OPINI\u00c3O: Mais perto do t\u00edtulo, Verstappen neutraliza Hamilton com atua\u00e7\u00e3o decisiva<\/a><\/strong><\/p>\n\n\n\n<p class=\"wp-block-paragraph\">&#8220;Decidimos que se algu\u00e9m se recuperasse, deixar\u00edamos passar para ver se seria poss\u00edvel alcan\u00e7ar o piloto da frente, no caso, Gasly&#8221;, disse Binotto. &#8220;Se n\u00e3o fosse o caso, devolver\u00edamos a posi\u00e7\u00e3o. Foi o que fizemos. Os dois aceitaram e compartilharam isso, e fizemos na corrida sem discuss\u00f5es&#8221;, encerrou o italiano.<\/p>\n\n\n\n<p class=\"wp-block-paragraph\">Apesar de n\u00e3o terem conseguido alcan\u00e7ar o franc\u00eas na pista, os dois pilotos asseguraram um \u00f3timo resultado para a Ferrari na <a href=\"https:\/\/www.grandepremio.com\/br\/f1\/classificacao\/\" target=\"_blank\" rel=\"noreferrer noopener\">tabela de classifica\u00e7\u00e3o<\/a> do campeonato. Com seus carros em quinto e sexto no M\u00e9xico, a escuderia de Maranello conseguiu enfim ultrapassar a McLaren no Mundial de Construtores, assumindo a terceira posi\u00e7\u00e3o, al\u00e9m de abrir 13,5 pontos para os ingleses.<\/p>\n\n\n\n<p class=\"wp-block-paragraph\">A pr\u00f3xima etapa da temporada \u00e9 especial porque vai marcar o retorno da\u00a0<a href=\"https:\/\/www.grandepremio.com\/formula-1\/\" target=\"_blank\" rel=\"noreferrer noopener\">F\u00f3rmula 1<\/a>\u00a0ao Brasil depois de um ano de aus\u00eancia. O GP de S\u00e3o Paulo acontece logo nesta semana, entre 12 e 14 de novembro, com cobertura \u2018in loco\u2019 do\u00a0<strong>GRANDE PR\u00caMIO<\/strong>\u00a0em\u00a0<a href=\"https:\/\/www.grandepremio.com\/br\/etapa\/f1\/gp-de-sao-paulo-brasil-formula-1-2021\/\" target=\"_blank\" rel=\"noreferrer noopener\">Interlagos<\/a>.<\/p>\n\n\n\n<figure class=\"wp-block-embed is-type-rich is-provider-spotify wp-block-embed-spotify wp-embed-aspect-21-9 wp-has-aspect-ratio\"><div class=\"wp-block-embed__wrapper\">\n<iframe title=\"Spotify Embed: VERSTAPPEN QUER FICAR NA RED BULL. E SAINZ DE OLHO NA AUDI \u00c9 AMEA\u00c7A A BORTOLETO? | WGP\" style=\"border-radius: 12px\" width=\"100%\" height=\"152\" frameborder=\"0\" allowfullscreen allow=\"autoplay; clipboard-write; encrypted-media; fullscreen; picture-in-picture\" loading=\"lazy\" src=\"https:\/\/open.spotify.com\/embed\/show\/5OBbp8MzxQymoyneX4IviF?utm_source=oembed\"><\/iframe>\n<\/div><\/figure>\n\n\n\n<p class=\"wp-block-paragraph\"><\/p>\n","protected":false},"excerpt":{"rendered":"<p>Ferrari pediu que Charles Leclerc abrisse passagem para Carlos Sainz. Mas o monegasco n\u00e3o atendeu de cara porque estava ultrapassando um retardat\u00e1rio<\/p>\n","protected":false},"author":0,"featured_media":1000522742,"comment_status":"closed","ping_status":"closed","sticky":false,"template":"","format":"standard","meta":{"42wp_featured_image_caption":"","42wp_featured_image_credits":"","42wp_featured_video":"","42wp_featured_image_hidden":false,"42wp_authors_list":[],"footnotes":""},"categories":[2],"tags":[524,25640,546,209,147,156,207,180,24837,29827,442,676],"42wp_author":[47142],"class_list":["post-116487","post","type-post","status-publish","format-standard","has-post-thumbnail","hentry","category-f1","tag-alphatauri","tag-autodromo-hermanos-rodriguez-2","tag-carlos-sainz","tag-charles-leclerc","tag-f1","tag-f1-2021","tag-ferrari","tag-formula-1","tag-formula-1-2","tag-gp-da-cidade-do-mexico","tag-mattia-binotto","tag-pierre-gasly","42wp_author-jp-nascimento"],"_links":{"self":[{"href":"https:\/\/grandepremio.com\/br\/wp-json\/wp\/v2\/posts\/116487","targetHints":{"allow":["GET"]}}],"collection":[{"href":"https:\/\/grandepremio.com\/br\/wp-json\/wp\/v2\/posts"}],"about":[{"href":"https:\/\/grandepremio.com\/br\/wp-json\/wp\/v2\/types\/post"}],"replies":[{"embeddable":true,"href":"https:\/\/grandepremio.com\/br\/wp-json\/wp\/v2\/comments?post=116487"}],"version-history":[{"count":0,"href":"https:\/\/grandepremio.com\/br\/wp-json\/wp\/v2\/posts\/116487\/revisions"}],"wp:featuredmedia":[{"embeddable":true,"href":"https:\/\/grandepremio.com\/br\/wp-json\/wp\/v2\/media\/1000522742"}],"wp:attachment":[{"href":"https:\/\/grandepremio.com\/br\/wp-json\/wp\/v2\/media?parent=116487"}],"wp:term":[{"taxonomy":"category","embeddable":true,"href":"https:\/\/grandepremio.com\/br\/wp-json\/wp\/v2\/categories?post=116487"},{"taxonomy":"post_tag","embeddable":true,"href":"https:\/\/grandepremio.com\/br\/wp-json\/wp\/v2\/tags?post=116487"},{"taxonomy":"42wp_author","embeddable":true,"href":"https:\/\/grandepremio.com\/br\/wp-json\/wp\/v2\/42wp_author?post=116487"}],"curies":[{"name":"wp","href":"https:\/\/api.w.org\/{rel}","templated":true}]}}