{"id":116512,"date":"2021-11-08T09:53:08","date_gmt":"2021-11-08T12:53:08","guid":{"rendered":"https:\/\/grandepremio.com\/br\/noticias\/mercedes-ve-nao-punicao-de-daniel-ricciardo-surpreendente-e-michael-masi-defende-decisao\/"},"modified":"2021-11-08T10:09:03","modified_gmt":"2021-11-08T13:09:03","slug":"mercedes-ve-nao-punicao-de-daniel-ricciardo-surpreendente-e-michael-masi-defende-decisao","status":"publish","type":"post","link":"https:\/\/grandepremio.com\/br\/f1\/mercedes-ve-nao-punicao-de-daniel-ricciardo-surpreendente-e-michael-masi-defende-decisao\/","title":{"rendered":"Mercedes v\u00ea n\u00e3o-puni\u00e7\u00e3o a Ricciardo no M\u00e9xico &#8220;surpreendente&#8221;. FIA defende decis\u00e3o"},"content":{"rendered":"\n<figure class=\"wp-block-embed is-type-video is-provider-youtube wp-block-embed-youtube wp-embed-aspect-16-9 wp-has-aspect-ratio\"><div class=\"wp-block-embed__wrapper\">\n<iframe loading=\"lazy\" title=\"VERSTAPPEN ENGOLE MERCEDES NA LARGADA E VENCE GP DA CIDADE DO M\u00c9XICO DE F1 | Briefing\" width=\"500\" height=\"281\" src=\"https:\/\/www.youtube.com\/embed\/6FiOMKhZgQE?feature=oembed\" frameborder=\"0\" allow=\"accelerometer; autoplay; clipboard-write; encrypted-media; gyroscope; picture-in-picture; web-share\" referrerpolicy=\"strict-origin-when-cross-origin\" allowfullscreen><\/iframe>\n<\/div><figcaption>VERSTAPPEN ENGOLE MERCEDES NA LARGADA E VENCE GP DA CIDADE DO M\u00c9XICO DE F1 | Briefing<\/figcaption><\/figure>\n\n\n\n<p class=\"wp-block-paragraph\">Logo na primeira curva do GP da Cidade do M\u00e9xico, <a href=\"https:\/\/www.grandepremio.com\/br\/f1\/noticias\/max-verstappen-vence-gp-cidade-do-mexico-lewis-hamilton-segura-sergio-perez-segundo\/\" target=\"_blank\" rel=\"noreferrer noopener\">disputado no \u00faltimo domingo (7)<\/a> e vencido por Max Verstappen, o pole Valtteri Bottas teve sua corrida arruinada. O finland\u00eas foi ultrapassado tanto pelo holand\u00eas quanto por Lewis Hamilton e, metros depois, foi tocado por Daniel Ricciardo na virada para a curva 1 e rodou. Valtteri caiu para o fim do pelot\u00e3o e teve sua corrida toda prejudicada. No fim das contas, o piloto do carro #77 terminou s\u00f3 em 15\u00ba. Chefe da Mercedes, Toto Wolff, afirmou n\u00e3o entender porque o australiano n\u00e3o foi punido, enquanto Michael Masi, diretor de prova da F\u00f3rmula 1, defendeu a decis\u00e3o dos comiss\u00e1rios.<\/p>\n\n\n\n<p class=\"wp-block-paragraph\">&#8220;Sim, eu acho que os comiss\u00e1rios deveriam dar uma olhada nisso, mas nesse ponto\u2026&#8221;, disse um resignado Wolff ap\u00f3s a corrida. &#8220;Em retrospecto, foi surpreendente que eles n\u00e3o avaliaram uma puni\u00e7\u00e3o&#8221;, reclamou.<\/p>\n\n\n\n<p class=\"wp-block-paragraph\">Ap\u00f3s o acidente, ambos os pilotos precisaram retornar aos boxes, o que os jogou para o fundo do grid. Em seguida, Bottas ficou preso justamente atr\u00e1s de Ricciardo, que tinha ritmo suficiente para n\u00e3o deixar o finland\u00eas da Mercedes passar.<\/p>\n\n\n\n<p class=\"wp-block-paragraph\">O diretor de provas da FIA, Michael Masi, discordou da opini\u00e3o de Wollf e alegou n\u00e3o ter havido nenhum problema com a forma que os comiss\u00e1rios lidaram com o incidente. Na \u00faltima vez em que dois carros se tocaram logo ap\u00f3s a largada, Pierre Gasly foi punido por acertar Fernando Alonso no GP da Turquia.<\/p>\n\n\n\n<p class=\"wp-block-paragraph\"><strong>\u25b6\ufe0f&nbsp;Inscreva-se nos dois canais do GRANDE PR\u00caMIO no YouTube:&nbsp;<a href=\"https:\/\/www.youtube.com\/channel\/UC9OlHEgxoaY6QY6nWPoiqQg?sub_confirmation=1\" target=\"_blank\" rel=\"noreferrer noopener\">GP<\/a>&nbsp;|&nbsp;<a href=\"https:\/\/www.youtube.com\/channel\/UC9csiS6q_C3C0FYhyr1rnFA?sub_confirmation=1\" target=\"_blank\" rel=\"noreferrer noopener\">GP2<\/a><\/strong><\/p>\n\n\n\n<figure class=\"wp-block-image size-large\"><img decoding=\"async\" src=\"https:\/\/www.grandepremio.com\/br\/wp-content\/uploads\/2021\/11\/000_9R92HK-1024x683.jpg\" alt=\"\" class=\"wp-image-522665\"\/><figcaption>Momento em que Bottas roda na pista ap\u00f3s ser tocado por Ricciardo (Foto: Alfredo Estrella\/AFP)<\/figcaption><\/figure>\n\n\n\n<p class=\"wp-block-paragraph\"><strong>Conhe\u00e7a o canal do Grande Pr\u00eamio no YouTube! Clique&nbsp;<a target=\"_blank\" href=\"https:\/\/youtube.com\/GrandePremioTV\" rel=\"noreferrer noopener\">aqui<\/a>.<\/strong><br><strong>Siga o Grande Pr\u00eamio no&nbsp;<a target=\"_blank\" href=\"https:\/\/twitter.com\/grandepremio\" rel=\"noreferrer noopener\">Twitter&nbsp;<\/a>e no&nbsp;<a target=\"_blank\" href=\"https:\/\/instagram.com\/grandepremio\" rel=\"noreferrer noopener\">Instagram<\/a>!<\/strong><\/p>\n\n\n\n<p class=\"wp-block-paragraph\">&#8220;N\u00e3o acho que tenha uma falta de consist\u00eancia [nas decis\u00f5es] se voc\u00ea olhar as coisas de certos \u00e2ngulos&#8221;, opinou Masi. &#8220;Voc\u00ea precisa olhar para cada incidente individualmente. Para come\u00e7ar, na Turquia estava molhado, aqui estava seco, configura\u00e7\u00f5es completamente diferentes para as curvas. Existem muitas coisas. Mas como disse, n\u00e3o olhei muito para o incidente&#8221;, admitiu.<\/p>\n\n\n\n<p class=\"wp-block-paragraph\">Em seguida, Masi foi questionado se teria feito diferen\u00e7a caso Ricciardo conseguisse contornar a curva antes de acertar Bottas e considerou o cen\u00e1rio. &#8220;\u00c9 uma hip\u00f3tese&#8221;, reconheceu.<\/p>\n\n\n\n<figure class=\"wp-block-video\"><video class=\"video-js vjs-big-play-centered\" data-gp-vjs=\"1\" controls src=\"https:\/\/www.grandepremio.com\/br\/wp-content\/uploads\/2021\/11\/LargadaMexico.mp4\"><\/video><figcaption>A confus\u00e3o da largada no GP do M\u00e9xico (V\u00eddeo: Band)<\/figcaption><\/figure>\n\n\n\n<p class=\"wp-block-paragraph\"> &#8220;Olhando de perto a proximidade dos carros e onde eles est\u00e3o, comparados uns aos outros, existem muitos fatores diferentes que afetam nisso. A vis\u00e3o dos comiss\u00e1rios foi de que, nessa ocasi\u00e3o, foi um incidente de corrida na curva 1&#8221;, encerrou.<\/p>\n\n\n\n<p class=\"wp-block-paragraph\">O resultado foi catastr\u00f3fico para as pretens\u00f5es da Mercedes <a href=\"https:\/\/www.grandepremio.com\/br\/f1\/classificacao\/\" target=\"_blank\" rel=\"noreferrer noopener\">nos dois campeonatos<\/a>. No Mundial de Pilotos, Verstappen abriu 19 pontos de diferen\u00e7a em rela\u00e7\u00e3o a Hamilton. E no de Construtores, a Red Bull demoliu a vantagem da escuderia alem\u00e3 na lideran\u00e7a para apenas 1 ponto.<\/p>\n\n\n\n<p class=\"wp-block-paragraph\">A pr\u00f3xima etapa da temporada \u00e9 especial porque vai marcar o retorno da F\u00f3rmula 1 ao Brasil depois de um ano de aus\u00eancia. O GP de S\u00e3o Paulo acontece logo nesta semana, entre 12 e 14 de novembro, com cobertura \u2018in loco\u2019 do\u00a0<strong>GRANDE PR\u00caMIO<\/strong>\u00a0em\u00a0<a href=\"https:\/\/www.grandepremio.com\/br\/etapa\/f1\/gp-de-sao-paulo-brasil-formula-1-2021\/\" target=\"_blank\" rel=\"noreferrer noopener\">Interlagos<\/a>.<\/p>\n\n\n\n<figure class=\"wp-block-embed is-type-rich is-provider-spotify wp-block-embed-spotify wp-embed-aspect-21-9 wp-has-aspect-ratio\"><div class=\"wp-block-embed__wrapper\">\n<iframe title=\"Spotify Embed: Paddockast #128: O que falta para Hamilton x Verstappen virar novo Senna x Prost?\" style=\"border-radius: 12px\" width=\"100%\" height=\"152\" frameborder=\"0\" allowfullscreen allow=\"autoplay; clipboard-write; encrypted-media; fullscreen; picture-in-picture\" loading=\"lazy\" src=\"https:\/\/open.spotify.com\/embed\/episode\/3NMNLwZZp9zi4f0YDme3HO?si=f7e9f123431c47ba&amp;utm_source=oembed\"><\/iframe>\n<\/div><\/figure>\n","protected":false},"excerpt":{"rendered":"<p>Chefe da Mercedes, Toto Wolff queria puni\u00e7\u00e3o a Daniel Ricciardo por toque em Valtteri Bottas logo na primeira curva do GP da Cidade do M\u00e9xico. Michael Masi justificou a n\u00e3o-puni\u00e7\u00e3o<\/p>\n","protected":false},"author":0,"featured_media":1000522605,"comment_status":"closed","ping_status":"closed","sticky":false,"template":"","format":"standard","meta":{"42wp_featured_image_caption":"","42wp_featured_image_credits":"","42wp_featured_video":"","42wp_featured_image_hidden":false,"42wp_authors_list":[],"footnotes":""},"categories":[2],"tags":[25640,211,147,156,180,24837,29827,87,203,90,82,1385,150,612],"42wp_author":[47142],"class_list":["post-116512","post","type-post","status-publish","format-standard","has-post-thumbnail","hentry","category-f1","tag-autodromo-hermanos-rodriguez-2","tag-daniel-ricciardo","tag-f1","tag-f1-2021","tag-formula-1","tag-formula-1-2","tag-gp-da-cidade-do-mexico","tag-lewis-hamilton","tag-max-verstappen","tag-mclaren","tag-mercedes","tag-michael-masi","tag-toto-wolff","tag-valtteri-bottas","42wp_author-jp-nascimento"],"_links":{"self":[{"href":"https:\/\/grandepremio.com\/br\/wp-json\/wp\/v2\/posts\/116512","targetHints":{"allow":["GET"]}}],"collection":[{"href":"https:\/\/grandepremio.com\/br\/wp-json\/wp\/v2\/posts"}],"about":[{"href":"https:\/\/grandepremio.com\/br\/wp-json\/wp\/v2\/types\/post"}],"replies":[{"embeddable":true,"href":"https:\/\/grandepremio.com\/br\/wp-json\/wp\/v2\/comments?post=116512"}],"version-history":[{"count":0,"href":"https:\/\/grandepremio.com\/br\/wp-json\/wp\/v2\/posts\/116512\/revisions"}],"wp:featuredmedia":[{"embeddable":true,"href":"https:\/\/grandepremio.com\/br\/wp-json\/wp\/v2\/media\/1000522605"}],"wp:attachment":[{"href":"https:\/\/grandepremio.com\/br\/wp-json\/wp\/v2\/media?parent=116512"}],"wp:term":[{"taxonomy":"category","embeddable":true,"href":"https:\/\/grandepremio.com\/br\/wp-json\/wp\/v2\/categories?post=116512"},{"taxonomy":"post_tag","embeddable":true,"href":"https:\/\/grandepremio.com\/br\/wp-json\/wp\/v2\/tags?post=116512"},{"taxonomy":"42wp_author","embeddable":true,"href":"https:\/\/grandepremio.com\/br\/wp-json\/wp\/v2\/42wp_author?post=116512"}],"curies":[{"name":"wp","href":"https:\/\/api.w.org\/{rel}","templated":true}]}}