{"id":116527,"date":"2021-11-07T19:46:44","date_gmt":"2021-11-07T22:46:44","guid":{"rendered":"https:\/\/grandepremio.com\/br\/noticias\/red-bull-admite-surpresa-largada-vibra-atuacao-fantastica-max-verstappen\/"},"modified":"2021-11-07T19:46:51","modified_gmt":"2021-11-07T22:46:51","slug":"red-bull-admite-surpresa-largada-vibra-atuacao-fantastica-max-verstappen","status":"publish","type":"post","link":"https:\/\/grandepremio.com\/br\/f1\/red-bull-admite-surpresa-largada-vibra-atuacao-fantastica-max-verstappen\/","title":{"rendered":"Red Bull admite surpresa com largada e vibra por &#8220;atua\u00e7\u00e3o fant\u00e1stica&#8221; de Verstappen"},"content":{"rendered":"\n<figure class=\"wp-block-video\"><video class=\"video-js vjs-big-play-centered\" data-gp-vjs=\"1\" controls src=\"https:\/\/www.grandepremio.com\/br\/wp-content\/uploads\/2021\/11\/LargadaMexico.mp4\"><\/video><figcaption>A confus\u00e3o da largada no GP do M\u00e9xico (V\u00eddeo: Band)<\/figcaption><\/figure>\n\n\n\n<p class=\"wp-block-paragraph\">A Red Bull terminou o s\u00e1bado da classifica\u00e7\u00e3o tonta com a derrota surpreendente, mas se recuperou de maneira contundente neste domingo (7). Max Verstappen tomou a frente na largada ap\u00f3s se impulsionar com v\u00e1cuo dado pelo pole Valtteri Bottas e partiu para uma vit\u00f3ria tranquila. O chefe da Red Bull, Christian Horner, exaltou a atua\u00e7\u00e3o do holand\u00eas no <a href=\"https:\/\/www.grandepremio.com\/br\/f1\/noticias\/max-verstappen-vence-gp-cidade-do-mexico-lewis-hamilton-segura-sergio-perez-segundo\/\">GP da Cidade do M\u00e9xico<\/a>.<\/p>\n\n\n\n<p class=\"wp-block-paragraph\"><strong>\u25b6\ufe0f\u00a0Inscreva-se nos dois canais do GRANDE PR\u00caMIO no YouTube:\u00a0<a href=\"https:\/\/www.youtube.com\/channel\/UC9OlHEgxoaY6QY6nWPoiqQg?sub_confirmation=1\" target=\"_blank\" rel=\"noreferrer noopener\">GP<\/a>\u00a0|\u00a0<a href=\"https:\/\/www.youtube.com\/channel\/UC9csiS6q_C3C0FYhyr1rnFA?sub_confirmation=1\" target=\"_blank\" rel=\"noreferrer noopener\">GP2<\/a><\/strong><\/p>\n\n\n\n<p class=\"wp-block-paragraph\">Horner admitiu que n\u00e3o esperava que a Mercedes, com os dois carros na dianteira, permitisse v\u00e1cuo e tanto espa\u00e7o para Verstappen. Contou, ainda, que Max treinou a freada extremamente tardia de que lan\u00e7ou m\u00e3o na curva um.<\/p>\n\n\n\n<p class=\"wp-block-paragraph\">&#8220;Hoje foi um dia enorme. S\u00f3 consigo escutar pouca coisa [por causa da torcida] depois de tudo isso. Foi uma atua\u00e7\u00e3o fant\u00e1stica de Max&#8221;, disse.<\/p>\n\n\n\n<figure class=\"wp-block-image size-large\"><img decoding=\"async\" src=\"https:\/\/www.grandepremio.com\/br\/wp-content\/uploads\/2021\/11\/redbull-maxverstappen-01-1-1024x683.jpg\" alt=\"\" class=\"wp-image-522378\"\/><figcaption>Max Verstappen (Foto: Red Bull Content Pool)<\/figcaption><\/figure>\n\n\n\n<figure class=\"wp-block-embed is-type-rich is-provider-spotify wp-block-embed-spotify wp-embed-aspect-21-9 wp-has-aspect-ratio\"><div class=\"wp-block-embed__wrapper\">\n<iframe title=\"Spotify Embed: Paddockast #128: O que falta para Hamilton x Verstappen virar novo Senna x Prost?\" style=\"border-radius: 12px\" width=\"100%\" height=\"152\" frameborder=\"0\" allowfullscreen allow=\"autoplay; clipboard-write; encrypted-media; fullscreen; picture-in-picture\" loading=\"lazy\" src=\"https:\/\/open.spotify.com\/embed\/episode\/3NMNLwZZp9zi4f0YDme3HO?utm_source=oembed\"><\/iframe>\n<\/div><figcaption>Paddockast #128: O que falta para Hamilton x Verstappen virar novo Senna x Prost?<\/figcaption><\/figure>\n\n\n\n<p class=\"wp-block-paragraph\">&#8220;A parte mais importante foi a largada, onde ele encontrou espa\u00e7o que me deixou surpreso por eles [Mercedes] terem deixado. Valtteri foi muito justo, e achei que Max tinha perdido o ponto de frenagem, ele freou bem tarde na curva um e conseguiu manter a posi\u00e7\u00e3o e controlou a corrida a partir da\u00ed. Foi uma vit\u00f3ria direta&#8221;, afirmou.<\/p>\n\n\n\n<p class=\"wp-block-paragraph\">&#8220;Na volta de apresenta\u00e7\u00e3o ele freou daquele mesmo jeito e no mesmo lugar, ent\u00e3o praticamente treinou&#8221;, finalizou.<\/p>\n\n\n\n<p class=\"wp-block-paragraph\">Verstappen tem 19 pontos de frente para Hamilton na <a href=\"https:\/\/www.grandepremio.com\/br\/f1\/noticias\/max-verstappen-dispara-lewis-hamilton-red-bull-cola-mercedes-vitoria-mexico\/\">lideran\u00e7a do campeonato<\/a>, enquanto o Mundial de Construtores apertou de vez.<\/p>\n\n\n\n<p class=\"wp-block-paragraph\">A F\u00f3rmula 1 volta j\u00e1 na semana que vem, no retorno do Brasil ap\u00f3s dois anos: o GP de S\u00e3o Paulo, em Interlagos.<\/p>\n\n\n\n<figure class=\"wp-block-embed is-type-video is-provider-youtube wp-block-embed-youtube wp-embed-aspect-16-9 wp-has-aspect-ratio\"><div class=\"wp-block-embed__wrapper\">\n<iframe loading=\"lazy\" title=\"VERSTAPPEN ENGOLE MERCEDES NA LARGADA E VENCE GP DA CIDADE DO M\u00c9XICO DE F1 | Briefing\" width=\"500\" height=\"281\" src=\"https:\/\/www.youtube.com\/embed\/6FiOMKhZgQE?feature=oembed\" frameborder=\"0\" allow=\"accelerometer; autoplay; clipboard-write; encrypted-media; gyroscope; picture-in-picture; web-share\" referrerpolicy=\"strict-origin-when-cross-origin\" allowfullscreen><\/iframe>\n<\/div><figcaption>F1 AO VIVO! VERSTAPPEN ENGOLE MERCEDES NA LARGADA E VENCE GP DA CIDADE DO M\u00c9XICO DA F1 2021 | Briefing<\/figcaption><\/figure>\n\n\n\n<p class=\"wp-block-paragraph\"><strong>Conhe\u00e7a o canal do Grande Pr\u00eamio no YouTube! Clique\u00a0<a target=\"_blank\" href=\"https:\/\/youtube.com\/GrandePremioTV\" rel=\"noreferrer noopener\">aqui<\/a>.<\/strong><br><strong>Siga o Grande Pr\u00eamio no\u00a0<a target=\"_blank\" href=\"https:\/\/twitter.com\/grandepremio\" rel=\"noreferrer noopener\">Twitter\u00a0<\/a>e no\u00a0<a target=\"_blank\" href=\"https:\/\/instagram.com\/grandepremio\" rel=\"noreferrer noopener\">Instagram<\/a>!<\/strong><\/p>\n","protected":false},"excerpt":{"rendered":"<p>Christian Horner, chefe da Red Bull, ficou maravilhado com a forma como Max Verstappen assumiu o controle do GP da Cidade do M\u00e9xico<\/p>\n","protected":false},"author":0,"featured_media":1000522651,"comment_status":"closed","ping_status":"closed","sticky":false,"template":"","format":"standard","meta":{"42wp_featured_image_caption":"","42wp_featured_image_credits":"","42wp_featured_video":"","42wp_featured_image_hidden":false,"42wp_authors_list":[],"footnotes":""},"categories":[2],"tags":[655,156,25536,29827,24836,28285,24919,203,82,25217,204],"42wp_author":[47120],"class_list":["post-116527","post","type-post","status-publish","format-standard","has-post-thumbnail","hentry","category-f1","tag-christian-horner","tag-f1-2021","tag-formula-1-2021-2","tag-gp-da-cidade-do-mexico","tag-grande-premio-2","tag-grandepremio","tag-hermanos-rodriguez-2","tag-max-verstappen","tag-mercedes","tag-mexico-2","tag-red-bull","42wp_author-pedro-henrique-marum"],"_links":{"self":[{"href":"https:\/\/grandepremio.com\/br\/wp-json\/wp\/v2\/posts\/116527","targetHints":{"allow":["GET"]}}],"collection":[{"href":"https:\/\/grandepremio.com\/br\/wp-json\/wp\/v2\/posts"}],"about":[{"href":"https:\/\/grandepremio.com\/br\/wp-json\/wp\/v2\/types\/post"}],"replies":[{"embeddable":true,"href":"https:\/\/grandepremio.com\/br\/wp-json\/wp\/v2\/comments?post=116527"}],"version-history":[{"count":0,"href":"https:\/\/grandepremio.com\/br\/wp-json\/wp\/v2\/posts\/116527\/revisions"}],"wp:featuredmedia":[{"embeddable":true,"href":"https:\/\/grandepremio.com\/br\/wp-json\/wp\/v2\/media\/1000522651"}],"wp:attachment":[{"href":"https:\/\/grandepremio.com\/br\/wp-json\/wp\/v2\/media?parent=116527"}],"wp:term":[{"taxonomy":"category","embeddable":true,"href":"https:\/\/grandepremio.com\/br\/wp-json\/wp\/v2\/categories?post=116527"},{"taxonomy":"post_tag","embeddable":true,"href":"https:\/\/grandepremio.com\/br\/wp-json\/wp\/v2\/tags?post=116527"},{"taxonomy":"42wp_author","embeddable":true,"href":"https:\/\/grandepremio.com\/br\/wp-json\/wp\/v2\/42wp_author?post=116527"}],"curies":[{"name":"wp","href":"https:\/\/api.w.org\/{rel}","templated":true}]}}