{"id":116543,"date":"2021-11-07T13:04:13","date_gmt":"2021-11-07T16:04:13","guid":{"rendered":"https:\/\/grandepremio.com\/br\/noticias\/domingo-cidade-do-mexico-amanhece-sem-previsao-de-chuva-para-gp-de-formula-1\/"},"modified":"2021-11-07T13:04:22","modified_gmt":"2021-11-07T16:04:22","slug":"domingo-cidade-do-mexico-amanhece-sem-previsao-de-chuva-para-gp-de-formula-1","status":"publish","type":"post","link":"https:\/\/grandepremio.com\/br\/f1\/domingo-cidade-do-mexico-amanhece-sem-previsao-de-chuva-para-gp-de-formula-1\/","title":{"rendered":"Domingo na Cidade do M\u00e9xico amanhece sem previs\u00e3o de chuva para GP de F\u00f3rmula 1"},"content":{"rendered":"\n<figure class=\"wp-block-video\"><video class=\"video-js vjs-big-play-centered\" data-gp-vjs=\"1\" controls src=\"https:\/\/www.grandepremio.com\/br\/wp-content\/uploads\/2021\/11\/StrollCrash-1.mp4\"><\/video><figcaption>Lance Stroll bateu e causou bandeira vermelha no come\u00e7o do Q1 (V\u00eddeo: Reprodu\u00e7\u00e3o)<\/figcaption><\/figure>\n\n\n\n<p class=\"wp-block-paragraph\">A meteorologia traz uma clara previs\u00e3o para o GP da Cidade do M\u00e9xico de F\u00f3rmula 1, logo mais, \u00e0s 16h (de Bras\u00edlia, GMT-3): n\u00e3o h\u00e1 a menor chance de chuva para a disputa da 18\u00aa etapa da temporada 2021 do Mundial.<\/p>\n\n\n\n<p class=\"wp-block-paragraph\">Na verdade, a meteorologia apenas confirma para domingo o cen\u00e1rio clim\u00e1tico do restante do fim de semana na capital mexicana. Tanto na sexta-feira como tamb\u00e9m no s\u00e1bado, o que se viu foi um horizonte de c\u00e9u parcialmente nublado e de temperaturas amenas neste outono na Am\u00e9rica do Norte.<\/p>\n\n\n\n<p class=\"wp-block-paragraph\">Para o domingo, a temperatura ambiente registra ligeira alta. Segundo o site especializado Weather Channel, a m\u00e1xima a ser registrada durante o GP da Cidade do M\u00e9xico ser\u00e1 de 22\u00baC e sensa\u00e7\u00e3o t\u00e9rmica semelhante na regi\u00e3o do Aut\u00f3dromo Hermanos Rodr\u00edguez.<\/p>\n\n\n\n<p class=\"wp-block-paragraph\"><strong>LEIA TAMB\u00c9M<\/strong><br><strong><a href=\"https:\/\/www.grandepremio.com\/br\/f1\/noticias\/mercedes-inverte-papeis-e-tem-vantagem-inesperada-red-bull-perde-para-si-no-mexico\/\">+AN\u00c1LISE: Mercedes inverte papeis e tem vantagem inesperada. Red Bull perde para si no M\u00e9xico<\/a><\/strong><\/p>\n\n\n\n<figure class=\"wp-block-image size-large\"><img decoding=\"async\" src=\"https:\/\/www.grandepremio.com\/br\/wp-content\/uploads\/2021\/11\/FDjnYKdX0AQZotD-1024x683.jpg\" alt=\"GP DA CIDADE DO M\u00c9XICO; DOMINGO;\" class=\"wp-image-522553\"\/><figcaption>Tudo pronto para o GP da Cidade do M\u00e9xico de F1 (Foto: F\u00f3rmula 1\/Twitter)<\/figcaption><\/figure>\n\n\n\n<p class=\"wp-block-paragraph\">Um fator clim\u00e1tico que tende a se tornar um desafio para os pilotos ao longo da corrida \u00e9 o vento. A velocidade das rajadas est\u00e1 estimada entre 12 e 14 km\/h, soprando na dire\u00e7\u00e3o Nordeste. J\u00e1 a umidade relativa do ar vai variar entre 23 e 24%.<\/p>\n\n\n\n<p class=\"wp-block-paragraph\">H\u00e1 ainda uma preocupa\u00e7\u00e3o sobre a poeira na pista, um dos grandes advers\u00e1rios dos competidores neste fim de semana no M\u00e9xico. A falta de ader\u00eancia foi muito grande na sexta-feira, mas mesmo no s\u00e1bado o problema foi bastante sentido.<\/p>\n\n\n\n<p class=\"wp-block-paragraph\">Logo mais, Valtteri Bottas vai largar na pole-position e ter\u00e1 ao seu lado o companheiro de equipe na Mercedes, Lewis Hamilton. Max Verstappen, l\u00edder do campeonato, partir\u00e1 da terceira posi\u00e7\u00e3o e dividir\u00e1 a segunda fila do grid com Sergio P\u00e9rez, dono da casa.<\/p>\n\n\n\n<p class=\"wp-block-paragraph\"><strong>\u25b6\ufe0f\u00a0Inscreva-se nos dois canais do GRANDE PR\u00caMIO no YouTube:\u00a0<a href=\"https:\/\/www.youtube.com\/channel\/UC9OlHEgxoaY6QY6nWPoiqQg?sub_confirmation=1\" target=\"_blank\" rel=\"noreferrer noopener\">GP<\/a>\u00a0|\u00a0<a href=\"https:\/\/www.youtube.com\/channel\/UC9csiS6q_C3C0FYhyr1rnFA?sub_confirmation=1\" target=\"_blank\" rel=\"noreferrer noopener\">GP2<\/a><\/strong><\/p>\n\n\n\n<p class=\"wp-block-paragraph\">Um dos pontos que podem ser decisivos na prova ser\u00e1 justamente na largada, j\u00e1 que h\u00e1 uma grande dist\u00e2ncia entre o ponto de partida e a curva 1, de modo que os pilotos tendem a buscar o v\u00e1cuo dos carros \u00e0 frente para ganhar vantagem e obter algumas posi\u00e7\u00f5es.<\/p>\n\n\n\n<p class=\"wp-block-paragraph\">O GP da Cidade do M\u00e9xico tem largada prevista para 16h (de Bras\u00edlia) e vai contar com transmiss\u00e3o ao vivo da emissora aberta Band e do servi\u00e7o de streaming F1 TV Pro.<\/p>\n\n\n\n<p class=\"wp-block-paragraph\">Uma hora antes da largada, portanto \u00e0s 15h (de Bras\u00edlia, GMT-3), o <strong>GRANDE PR\u00caMIO<\/strong> abre a transmiss\u00e3o do <strong>BRIEFING<\/strong>, o pr\u00e9-hora com o esquenta com todas as informa\u00e7\u00f5es que antecedem o in\u00edcio da prova no Aut\u00f3dromo Hermanos Rodr\u00edguez. Com apresenta\u00e7\u00e3o de Victor Martins e coment\u00e1rios de Fernando Silva e Pedro Henrique Marum. Tudo <strong><a href=\"https:\/\/www.youtube.com\/c\/GrandePremioTV\/videos\">AO VIVO na GPTV, o canal do GRANDE PR\u00caMIO no YouTube<\/a><\/strong>.<\/p>\n\n\n\n<figure class=\"wp-block-embed is-type-video is-provider-youtube wp-block-embed-youtube wp-embed-aspect-16-9 wp-has-aspect-ratio\"><div class=\"wp-block-embed__wrapper\">\n<iframe loading=\"lazy\" title=\"F1 NO M\u00c9XICO! BOTTAS \u00c9 POLE, HAMILTON \u00c9 2\u00ba E VERSTAPPEN XINGA MUITO NO R\u00c1DIO | Briefing\" width=\"500\" height=\"281\" src=\"https:\/\/www.youtube.com\/embed\/Z1xMqj3XR70?feature=oembed\" frameborder=\"0\" allow=\"accelerometer; autoplay; clipboard-write; encrypted-media; gyroscope; picture-in-picture; web-share\" referrerpolicy=\"strict-origin-when-cross-origin\" allowfullscreen><\/iframe>\n<\/div><figcaption>F1 NO M\u00c9XICO! BOTTAS \u00c9 POLE, HAMILTON \u00c9 2\u00ba E VERSTAPPEN XINGA MUITO NO R\u00c1DIO | Briefing<\/figcaption><\/figure>\n","protected":false},"excerpt":{"rendered":"<p>A temperatura ambiente para o domingo na Cidade do M\u00e9xico est\u00e1 ligeiramente mais alta na compara\u00e7\u00e3o com sexta-feira e s\u00e1bado, mas o cen\u00e1rio clim\u00e1tico \u2014 c\u00e9u parcialmente nublado e sem chance de chuva \u2014 segue no Aut\u00f3dromo Hermanos Rodr\u00edguez<\/p>\n","protected":false},"author":0,"featured_media":1000522552,"comment_status":"closed","ping_status":"closed","sticky":false,"template":"","format":"standard","meta":{"42wp_featured_image_caption":"","42wp_featured_image_credits":"","42wp_featured_video":"","42wp_featured_image_hidden":false,"42wp_authors_list":[],"footnotes":""},"categories":[2],"tags":[147,156,24837,29827,24918,24836,2326,25217,25333],"42wp_author":[47110],"class_list":["post-116543","post","type-post","status-publish","format-standard","has-post-thumbnail","hentry","category-f1","tag-f1","tag-f1-2021","tag-formula-1-2","tag-gp-da-cidade-do-mexico","tag-gp-do-mexico-2","tag-grande-premio-2","tag-meteorologia","tag-mexico-2","tag-previsao-do-tempo","42wp_author-fernando-silva"],"_links":{"self":[{"href":"https:\/\/grandepremio.com\/br\/wp-json\/wp\/v2\/posts\/116543","targetHints":{"allow":["GET"]}}],"collection":[{"href":"https:\/\/grandepremio.com\/br\/wp-json\/wp\/v2\/posts"}],"about":[{"href":"https:\/\/grandepremio.com\/br\/wp-json\/wp\/v2\/types\/post"}],"replies":[{"embeddable":true,"href":"https:\/\/grandepremio.com\/br\/wp-json\/wp\/v2\/comments?post=116543"}],"version-history":[{"count":0,"href":"https:\/\/grandepremio.com\/br\/wp-json\/wp\/v2\/posts\/116543\/revisions"}],"wp:featuredmedia":[{"embeddable":true,"href":"https:\/\/grandepremio.com\/br\/wp-json\/wp\/v2\/media\/1000522552"}],"wp:attachment":[{"href":"https:\/\/grandepremio.com\/br\/wp-json\/wp\/v2\/media?parent=116543"}],"wp:term":[{"taxonomy":"category","embeddable":true,"href":"https:\/\/grandepremio.com\/br\/wp-json\/wp\/v2\/categories?post=116543"},{"taxonomy":"post_tag","embeddable":true,"href":"https:\/\/grandepremio.com\/br\/wp-json\/wp\/v2\/tags?post=116543"},{"taxonomy":"42wp_author","embeddable":true,"href":"https:\/\/grandepremio.com\/br\/wp-json\/wp\/v2\/42wp_author?post=116543"}],"curies":[{"name":"wp","href":"https:\/\/api.w.org\/{rel}","templated":true}]}}