{"id":116551,"date":"2021-11-06T22:45:50","date_gmt":"2021-11-07T01:45:50","guid":{"rendered":"https:\/\/grandepremio.com\/br\/noticias\/sergio-perez-lamenta-erro-q3-podia-melhorar-tempo-mercedes-era-bem-veloz\/"},"modified":"2021-11-06T22:46:35","modified_gmt":"2021-11-07T01:46:35","slug":"sergio-perez-lamenta-erro-q3-podia-melhorar-tempo-mercedes-era-bem-veloz","status":"publish","type":"post","link":"https:\/\/grandepremio.com\/br\/f1\/sergio-perez-lamenta-erro-q3-podia-melhorar-tempo-mercedes-era-bem-veloz\/","title":{"rendered":"P\u00e9rez lamenta erro e diz que podia melhorar tempo, mas &#8220;Mercedes era bem veloz&#8221;"},"content":{"rendered":"\n<figure class=\"wp-block-embed is-type-video is-provider-youtube wp-block-embed-youtube wp-embed-aspect-16-9 wp-has-aspect-ratio\"><div class=\"wp-block-embed__wrapper\">\n<iframe loading=\"lazy\" title=\"F1 NO M\u00c9XICO! BOTTAS \u00c9 POLE, HAMILTON \u00c9 2\u00ba E VERSTAPPEN XINGA MUITO NO R\u00c1DIO | Briefing\" width=\"500\" height=\"281\" src=\"https:\/\/www.youtube.com\/embed\/Z1xMqj3XR70?feature=oembed\" frameborder=\"0\" allow=\"accelerometer; autoplay; clipboard-write; encrypted-media; gyroscope; picture-in-picture; web-share\" referrerpolicy=\"strict-origin-when-cross-origin\" allowfullscreen><\/iframe>\n<\/div><figcaption>F1 NO M\u00c9XICO AO VIVO! TUDO SOBRE A CLASSIFICA\u00c7\u00c3O NO HERMANOS RODR\u00cdGUES | Briefing<\/figcaption><\/figure>\n\n\n\n<p class=\"wp-block-paragraph\">A Red Bull come\u00e7ou a classifica\u00e7\u00e3o com a faca e o queijo na m\u00e3o para terminar este s\u00e1bado (6) dono de toda a primeira fila no grid de largada do GP da Cidade do M\u00e9xico. <a href=\"https:\/\/www.grandepremio.com\/br\/f1\/noticias\/valtteri-bottas-brilha-conquista-pole-formula-1-mexico-lewis-hamilton-segundo-max-verstappen-terceiro\/\">Mas deu tudo errado<\/a>. A Mercedes cresceu, dominou e deixou Max Verstappen e Sergio P\u00e9rez para tr\u00e1s. Em casa, o mexicano ainda cometeu um erro.<\/p>\n\n\n\n<p class=\"wp-block-paragraph\"><strong>\u25b6\ufe0f\u00a0Inscreva-se nos dois canais do GRANDE PR\u00caMIO no YouTube:\u00a0<a href=\"https:\/\/www.youtube.com\/channel\/UC9OlHEgxoaY6QY6nWPoiqQg?sub_confirmation=1\" target=\"_blank\" rel=\"noreferrer noopener\">GP<\/a>\u00a0|\u00a0<a href=\"https:\/\/www.youtube.com\/channel\/UC9csiS6q_C3C0FYhyr1rnFA?sub_confirmation=1\" target=\"_blank\" rel=\"noreferrer noopener\">GP2<\/a><\/strong><\/p>\n\n\n\n<p class=\"wp-block-paragraph\">Na \u00faltima volta r\u00e1pida do Q3, com o cron\u00f4metro chegando ao fim, P\u00e9rez vinha logo atr\u00e1s de Yuki Tsunoda e saiu da pista instantes depois o japon\u00eas fazer o mesmo. Com isso, n\u00e3o apenas n\u00e3o fez a volta r\u00e1pida como nem mesmo ajudou Verstappen: o holand\u00eas n\u00e3o teve v\u00e1cuo e ainda tirou o p\u00e9 do acelerador imaginando uma bandeira amarela. Assim, P\u00e9rez larga s\u00f3 em quarto.<\/p>\n\n\n\n<p class=\"wp-block-paragraph\">&#8220;Yuki estava logo \u00e0 frente, eu estava perto e tinha perdido um pouco de dire\u00e7\u00e3o depois de passar pela parte de alta velocidade. \u00c9 bem dif\u00edcil passar por essa parte quando tem um carro logo na sua frente. Infelizmente, perdi o controle. Poderia ter melhorado a volta em alguns d\u00e9cimos, mas a Mercedes tamb\u00e9m estava bem veloz&#8221;, afirmou.<\/p>\n\n\n\n<figure class=\"wp-block-image size-large\"><img decoding=\"async\" src=\"https:\/\/www.grandepremio.com\/br\/wp-content\/uploads\/2021\/11\/redbull-sergioperez-02-1-1024x649.jpg\" alt=\"\" class=\"wp-image-522382\"\/><figcaption>Sergio P\u00e9rez errou no fim da classifica\u00e7\u00e3o (Foto: Red Bull Content Pool)<\/figcaption><\/figure>\n\n\n\n<p class=\"wp-block-paragraph\"><strong>Conhe\u00e7a o canal do Grande Pr\u00eamio no YouTube! Clique\u00a0<a target=\"_blank\" href=\"https:\/\/youtube.com\/GrandePremioTV\" rel=\"noreferrer noopener\">aqui<\/a>.<\/strong><br><strong>Siga o Grande Pr\u00eamio no\u00a0<a target=\"_blank\" href=\"https:\/\/twitter.com\/grandepremio\" rel=\"noreferrer noopener\">Twitter\u00a0<\/a>e no\u00a0<a target=\"_blank\" href=\"https:\/\/instagram.com\/grandepremio\" rel=\"noreferrer noopener\">Instagram<\/a>!<\/strong><\/p>\n\n\n\n<p class=\"wp-block-paragraph\">Com rela\u00e7\u00e3o \u00e0 tentativa de dar v\u00e1cuo para aumentar a velocidade de Verstappen, lamentou n\u00e3o ter funcionado t\u00e3o bem quanto era poss\u00edvel. A corrida, por\u00e9m, \u00e9 longa.<\/p>\n\n\n\n<p class=\"wp-block-paragraph\">&#8220;N\u00e3o deu certo, mas a corrida de amanh\u00e3 \u00e9 bem longa. Estamos decepcionados porque fomos t\u00e3o fortes nos treinos, mas a Mercedes virou a mesa&#8221;, finalizou.<\/p>\n\n\n\n<p class=\"wp-block-paragraph\">O <strong>GRANDE PR\u00caMIO<\/strong> acompanha todas as atividades <a href=\"https:\/\/www.grandepremio.com\/br\/f1\/ao-vivo\"><strong>AO VIVO<\/strong> e <strong>EM TEMPO REAL<\/strong><\/a>. A largada da corrida est\u00e1 marcada para as 16h (de Bras\u00edlia) do domingo.<\/p>\n\n\n\n<figure class=\"wp-block-embed is-type-rich is-provider-spotify wp-block-embed-spotify wp-embed-aspect-21-9 wp-has-aspect-ratio\"><div class=\"wp-block-embed__wrapper\">\n<iframe title=\"Spotify Embed: Paddockast #128: O que falta para Hamilton x Verstappen virar novo Senna x Prost?\" style=\"border-radius: 12px\" width=\"100%\" height=\"152\" frameborder=\"0\" allowfullscreen allow=\"autoplay; clipboard-write; encrypted-media; fullscreen; picture-in-picture\" loading=\"lazy\" src=\"https:\/\/open.spotify.com\/embed\/episode\/3NMNLwZZp9zi4f0YDme3HO?utm_source=oembed\"><\/iframe>\n<\/div><figcaption>Paddockast #128: O que falta para Hamilton x Verstappen virar novo Senna x Prost?<\/figcaption><\/figure>\n","protected":false},"excerpt":{"rendered":"<p>Sergio P\u00e9rez saiu da pista na \u00faltima tentativa de melhorar volta na classifica\u00e7\u00e3o e ajudou a desmanchar a estrat\u00e9gia dos austr\u00edacos<\/p>\n","protected":false},"author":0,"featured_media":1000522381,"comment_status":"closed","ping_status":"closed","sticky":false,"template":"","format":"standard","meta":{"42wp_featured_image_caption":"","42wp_featured_image_credits":"","42wp_featured_video":"","42wp_featured_image_hidden":false,"42wp_authors_list":[],"footnotes":""},"categories":[2],"tags":[156,25536,29827,24836,28285,24919,203,25217,204,24863],"42wp_author":[47120],"class_list":["post-116551","post","type-post","status-publish","format-standard","has-post-thumbnail","hentry","category-f1","tag-f1-2021","tag-formula-1-2021-2","tag-gp-da-cidade-do-mexico","tag-grande-premio-2","tag-grandepremio","tag-hermanos-rodriguez-2","tag-max-verstappen","tag-mexico-2","tag-red-bull","tag-sergio-perez-2","42wp_author-pedro-henrique-marum"],"_links":{"self":[{"href":"https:\/\/grandepremio.com\/br\/wp-json\/wp\/v2\/posts\/116551","targetHints":{"allow":["GET"]}}],"collection":[{"href":"https:\/\/grandepremio.com\/br\/wp-json\/wp\/v2\/posts"}],"about":[{"href":"https:\/\/grandepremio.com\/br\/wp-json\/wp\/v2\/types\/post"}],"replies":[{"embeddable":true,"href":"https:\/\/grandepremio.com\/br\/wp-json\/wp\/v2\/comments?post=116551"}],"version-history":[{"count":0,"href":"https:\/\/grandepremio.com\/br\/wp-json\/wp\/v2\/posts\/116551\/revisions"}],"wp:featuredmedia":[{"embeddable":true,"href":"https:\/\/grandepremio.com\/br\/wp-json\/wp\/v2\/media\/1000522381"}],"wp:attachment":[{"href":"https:\/\/grandepremio.com\/br\/wp-json\/wp\/v2\/media?parent=116551"}],"wp:term":[{"taxonomy":"category","embeddable":true,"href":"https:\/\/grandepremio.com\/br\/wp-json\/wp\/v2\/categories?post=116551"},{"taxonomy":"post_tag","embeddable":true,"href":"https:\/\/grandepremio.com\/br\/wp-json\/wp\/v2\/tags?post=116551"},{"taxonomy":"42wp_author","embeddable":true,"href":"https:\/\/grandepremio.com\/br\/wp-json\/wp\/v2\/42wp_author?post=116551"}],"curies":[{"name":"wp","href":"https:\/\/api.w.org\/{rel}","templated":true}]}}