{"id":116566,"date":"2021-11-06T17:08:54","date_gmt":"2021-11-06T20:08:54","guid":{"rendered":"https:\/\/grandepremio.com\/br\/noticias\/formula-1-promete-apresentar-nova-logomarca-durante-gp-de-sao-paulo\/"},"modified":"2021-11-06T17:09:01","modified_gmt":"2021-11-06T20:09:01","slug":"formula-1-promete-apresentar-nova-logomarca-durante-gp-de-sao-paulo","status":"publish","type":"post","link":"https:\/\/grandepremio.com\/br\/f1\/formula-1-promete-apresentar-nova-logomarca-durante-gp-de-sao-paulo\/","title":{"rendered":"F\u00f3rmula 1 surpreende e promete apresentar nova logomarca durante GP de S\u00e3o Paulo"},"content":{"rendered":"\n<figure class=\"wp-block-embed is-type-video is-provider-youtube wp-block-embed-youtube wp-embed-aspect-16-9 wp-has-aspect-ratio\"><div class=\"wp-block-embed__wrapper\">\n<iframe loading=\"lazy\" title=\"F1 NO M\u00c9XICO! VERSTAPPEN x HAMILTON NOS TREINOS LIVRES DO GP DO M\u00c9XICO + MAR\u00cdLIA MENDON\u00c7A | Briefing\" width=\"500\" height=\"281\" src=\"https:\/\/www.youtube.com\/embed\/XMQk9JPLsz8?feature=oembed\" frameborder=\"0\" allow=\"accelerometer; autoplay; clipboard-write; encrypted-media; gyroscope; picture-in-picture; web-share\" referrerpolicy=\"strict-origin-when-cross-origin\" allowfullscreen><\/iframe>\n<\/div><figcaption>F1 AO VIVO! VERSTAPPEN x HAMILTON NOS TREINOS LIVRES DO GP DO M\u00c9XICO + MAR\u00cdLIA MENDON\u00c7A | Briefing<\/figcaption><\/figure>\n\n\n\n<p class=\"wp-block-paragraph\">A F\u00f3rmula 1 vai apresentar uma nova identidade a partir da mudan\u00e7a da logomarca. Quem anunciou foi Stefano Domenicali, diretor-executivo do Mundial, minutos antes da classifica\u00e7\u00e3o para o GP da Cidade do M\u00e9xico neste s\u00e1bado (6). A novidade ser\u00e1 apresentada logo no Brasil, na semana que vem, ao longo do fim de semana do GP de S\u00e3o Paulo.<\/p>\n\n\n\n<p class=\"wp-block-paragraph\">Domenicali n\u00e3o disse exatamente em que dia ser\u00e1 a apresenta\u00e7\u00e3o e se vai acontecer em Interlagos ou algum outro evento, por\u00e9m. De acordo com o italiano, que assumiu o comando da F1 no in\u00edcio do ano, a mudan\u00e7a tem a ver com a quest\u00e3o ambiental e a jura da competi\u00e7\u00e3o de se tornar cada vez mais sustent\u00e1vel.<\/p>\n\n\n\n<p class=\"wp-block-paragraph\"><strong>\u25b6\ufe0f\u00a0Inscreva-se nos dois canais do GRANDE PR\u00caMIO no YouTube:\u00a0<a href=\"https:\/\/www.youtube.com\/channel\/UC9OlHEgxoaY6QY6nWPoiqQg?sub_confirmation=1\" target=\"_blank\" rel=\"noreferrer noopener\">GP<\/a>\u00a0|\u00a0<a href=\"https:\/\/www.youtube.com\/channel\/UC9csiS6q_C3C0FYhyr1rnFA?sub_confirmation=1\" target=\"_blank\" rel=\"noreferrer noopener\">GP2<\/a><\/strong><\/p>\n\n\n\n<figure class=\"wp-block-image size-large\"><img decoding=\"async\" src=\"https:\/\/www.grandepremio.com\/br\/wp-content\/uploads\/2017\/11\/201711261259455_F1-logo_O.png\" alt=\"\" class=\"wp-image-171630\"\/><figcaption>Hora de se despedir da atual logo da F\u00f3rmula 1 (Foto: F1)<\/figcaption><\/figure>\n\n\n\n<p class=\"wp-block-paragraph\">&#8220;Vamos apresentar uma nova logo no Brasil. \u00c9 apenas para lembrar quem n\u00f3s somos, porque \u00e9 f\u00e1cil crucificar algu\u00e9m apesar de n\u00e3o saber o que os outros est\u00e3o fazendo. N\u00e3o estamos aqui falando de mobilidade, mas de um esporte&#8221;, disse em r\u00e1pida entrevista \u00e0 rede inglesa de TV Sky Sports.<\/p>\n\n\n\n<p class=\"wp-block-paragraph\">&#8220;Acredito &#8211; todos acreditamos &#8211; que \u00e9 poss\u00edvel oferecer alternativas a algo que todos est\u00e3o falando, que \u00e9 a tend\u00eancia da eletrifica\u00e7\u00e3o. Mas n\u00e3o podemos esquecer que temos investimento num combust\u00edvel que podemos oferecer para carros ao redor do planeta&#8221;, colocou.<\/p>\n\n\n\n<p class=\"wp-block-paragraph\">A logomarca atual da F\u00f3rmula 1 foi concebida h\u00e1 pouco tempo, no final da temporada 2017. Desta maneira, serviu como a identidade do campeonato por somente quatro anos &#8211; em 2020, ganhou a companhia do n\u00famero 70, em homenagem aos 70 anos da categoria.<\/p>\n\n\n\n<p class=\"wp-block-paragraph\">O <strong>GRANDE PR\u00caMIO<\/strong> acompanha todas as atividades <a href=\"https:\/\/www.grandepremio.com\/br\/f1\/ao-vivo\"><strong>AO VIVO<\/strong> e <strong>EM TEMPO REAL<\/strong><\/a>. A largada da corrida est\u00e1 marcada para as 16h (de Bras\u00edlia) do domingo.<\/p>\n\n\n\n<figure class=\"wp-block-embed is-type-rich is-provider-spotify wp-block-embed-spotify wp-embed-aspect-21-9 wp-has-aspect-ratio\"><div class=\"wp-block-embed__wrapper\">\n<iframe title=\"Spotify Embed: Paddockast #128: O que falta para Hamilton x Verstappen virar novo Senna x Prost?\" style=\"border-radius: 12px\" width=\"100%\" height=\"152\" frameborder=\"0\" allowfullscreen allow=\"autoplay; clipboard-write; encrypted-media; fullscreen; picture-in-picture\" loading=\"lazy\" src=\"https:\/\/open.spotify.com\/embed\/episode\/3NMNLwZZp9zi4f0YDme3HO?utm_source=oembed\"><\/iframe>\n<\/div><figcaption>Paddockast #128: O que falta para Hamilton x Verstappen virar novo Senna x Prost?<\/figcaption><\/figure>\n","protected":false},"excerpt":{"rendered":"<p>Stefano Domenicali, diretor-executivo da F\u00f3rmula 1, afirmou que a categoria ter\u00e1 uma nova identidade a partir da corrida brasileira<\/p>\n","protected":false},"author":0,"featured_media":1000508092,"comment_status":"closed","ping_status":"closed","sticky":false,"template":"","format":"standard","meta":{"42wp_featured_image_caption":"","42wp_featured_image_credits":"","42wp_featured_video":"","42wp_featured_image_hidden":false,"42wp_authors_list":[],"footnotes":""},"categories":[2],"tags":[156,25536,29827,26680,24836,28285,24919,25217],"42wp_author":[47120],"class_list":["post-116566","post","type-post","status-publish","format-standard","has-post-thumbnail","hentry","category-f1","tag-f1-2021","tag-formula-1-2021-2","tag-gp-da-cidade-do-mexico","tag-gp-de-sao-paulo","tag-grande-premio-2","tag-grandepremio","tag-hermanos-rodriguez-2","tag-mexico-2","42wp_author-pedro-henrique-marum"],"_links":{"self":[{"href":"https:\/\/grandepremio.com\/br\/wp-json\/wp\/v2\/posts\/116566","targetHints":{"allow":["GET"]}}],"collection":[{"href":"https:\/\/grandepremio.com\/br\/wp-json\/wp\/v2\/posts"}],"about":[{"href":"https:\/\/grandepremio.com\/br\/wp-json\/wp\/v2\/types\/post"}],"replies":[{"embeddable":true,"href":"https:\/\/grandepremio.com\/br\/wp-json\/wp\/v2\/comments?post=116566"}],"version-history":[{"count":0,"href":"https:\/\/grandepremio.com\/br\/wp-json\/wp\/v2\/posts\/116566\/revisions"}],"wp:featuredmedia":[{"embeddable":true,"href":"https:\/\/grandepremio.com\/br\/wp-json\/wp\/v2\/media\/1000508092"}],"wp:attachment":[{"href":"https:\/\/grandepremio.com\/br\/wp-json\/wp\/v2\/media?parent=116566"}],"wp:term":[{"taxonomy":"category","embeddable":true,"href":"https:\/\/grandepremio.com\/br\/wp-json\/wp\/v2\/categories?post=116566"},{"taxonomy":"post_tag","embeddable":true,"href":"https:\/\/grandepremio.com\/br\/wp-json\/wp\/v2\/tags?post=116566"},{"taxonomy":"42wp_author","embeddable":true,"href":"https:\/\/grandepremio.com\/br\/wp-json\/wp\/v2\/42wp_author?post=116566"}],"curies":[{"name":"wp","href":"https:\/\/api.w.org\/{rel}","templated":true}]}}