{"id":116574,"date":"2021-11-06T14:18:00","date_gmt":"2021-11-06T17:18:00","guid":{"rendered":"https:\/\/grandepremio.com\/br\/noticias\/mclaren-troca-motor-inteiro-forca-lando-norris-largar-fim-grid-cidade-do-mexico\/"},"modified":"2021-11-06T14:18:07","modified_gmt":"2021-11-06T17:18:07","slug":"mclaren-troca-motor-inteiro-forca-lando-norris-largar-fim-grid-cidade-do-mexico","status":"publish","type":"post","link":"https:\/\/grandepremio.com\/br\/f1\/mclaren-troca-motor-inteiro-forca-lando-norris-largar-fim-grid-cidade-do-mexico\/","title":{"rendered":"McLaren troca motor inteiro e for\u00e7a Norris a largar do fim do grid na Cidade do M\u00e9xico"},"content":{"rendered":"\n<figure class=\"wp-block-embed is-type-video is-provider-youtube wp-block-embed-youtube wp-embed-aspect-16-9 wp-has-aspect-ratio\"><div class=\"wp-block-embed__wrapper\">\n<iframe loading=\"lazy\" title=\"F1 NO M\u00c9XICO! VERSTAPPEN x HAMILTON NOS TREINOS LIVRES DO GP DO M\u00c9XICO + MAR\u00cdLIA MENDON\u00c7A | Briefing\" width=\"500\" height=\"281\" src=\"https:\/\/www.youtube.com\/embed\/XMQk9JPLsz8?feature=oembed\" frameborder=\"0\" allow=\"accelerometer; autoplay; clipboard-write; encrypted-media; gyroscope; picture-in-picture; web-share\" referrerpolicy=\"strict-origin-when-cross-origin\" allowfullscreen><\/iframe>\n<\/div><figcaption>F1 AO VIVO! VERSTAPPEN x HAMILTON NOS TREINOS LIVRES DO GP DO M\u00c9XICO + MAR\u00cdLIA MENDON\u00c7A | Briefing<\/figcaption><\/figure>\n\n\n\n<p class=\"wp-block-paragraph\">Antes do come\u00e7o do terceiro e \u00faltimo treino livre para o GP da Cidade do M\u00e9xico, na tarde deste s\u00e1bado (6), surgiu a quarta puni\u00e7\u00e3o para o grid de largada da corrida do domingo: Lando Norris. A McLaren decidiu trocar toda a unidade motriz do carro do ingl\u00eas e, assim, faz com que parta das \u00faltimas posi\u00e7\u00f5es.<\/p>\n\n\n\n<p class=\"wp-block-paragraph\">N\u00e3o d\u00e1 para dizer que Norris larga em \u00faltimo, porque outros dois pilotos ter\u00e3o <a href=\"https:\/\/www.grandepremio.com\/br\/f1\/noticias\/lance-stroll-e-yuki-tsunoda-marcha-punicao-largam-fim-do-grid-mexico\/\">exatamente a mesma puni\u00e7\u00e3o<\/a>: Lance Stroll e Yuki Tsunoda, de Aston Martin e AlphaTauri, tamb\u00e9m trocaram a unidade motriz completa. Desta feita, quem se sair melhor entre os tr\u00eas na classifica\u00e7\u00e3o ser\u00e1 o 18\u00ba, enquanto o pior, evidentemente, ser\u00e1 o 20\u00ba.<\/p>\n\n\n\n<p class=\"wp-block-paragraph\"><strong>\u25b6\ufe0f\u00a0Inscreva-se nos dois canais do GRANDE PR\u00caMIO no YouTube:\u00a0<a href=\"https:\/\/www.youtube.com\/channel\/UC9OlHEgxoaY6QY6nWPoiqQg?sub_confirmation=1\" target=\"_blank\" rel=\"noreferrer noopener\">GP<\/a>\u00a0|\u00a0<a href=\"https:\/\/www.youtube.com\/channel\/UC9csiS6q_C3C0FYhyr1rnFA?sub_confirmation=1\" target=\"_blank\" rel=\"noreferrer noopener\">GP2<\/a><\/strong><\/p>\n\n\n\n<figure class=\"wp-block-image size-large\"><img decoding=\"async\" src=\"https:\/\/www.grandepremio.com\/br\/wp-content\/uploads\/2021\/10\/mclaren-afp-landonorris-01-1024x683.jpg\" alt=\"\" class=\"wp-image-519869\"\/><figcaption>Lando Norris troca o motor para o M\u00e9xico (Foto: AFP)<\/figcaption><\/figure>\n\n\n\n<p class=\"wp-block-paragraph\"><strong>Conhe\u00e7a o canal do Grande Pr\u00eamio no YouTube! Clique\u00a0<a target=\"_blank\" href=\"https:\/\/youtube.com\/GrandePremioTV\" rel=\"noreferrer noopener\">aqui<\/a>.<\/strong><br><strong>Siga o Grande Pr\u00eamio no\u00a0<a target=\"_blank\" href=\"https:\/\/twitter.com\/grandepremio\" rel=\"noreferrer noopener\">Twitter\u00a0<\/a>e no\u00a0<a target=\"_blank\" href=\"https:\/\/instagram.com\/grandepremio\" rel=\"noreferrer noopener\">Instagram<\/a>!<\/strong><\/p>\n\n\n\n<p class=\"wp-block-paragraph\">O fim de semana do Hermanos Rodr\u00edguez n\u00e3o come\u00e7ou positivo para a McLaren: na sexta-feira dos dois treinos livres iniciais, os carros laranjas passaram quase todo o tempo fora do top-10. O rendimento, ao menos por enquanto, n\u00e3o se apresentou como promissor.<\/p>\n\n\n\n<p class=\"wp-block-paragraph\">Al\u00e9m dos tr\u00eas punidos que largam no fim do pelot\u00e3o, George Russell carrega uma perda de cinco posi\u00e7\u00f5es no grid ap\u00f3s a Williams resolver <a href=\"https:\/\/www.grandepremio.com\/br\/f1\/noticias\/williams-troca-cambio-george-russell-perder-cinco-posicoes-grid-largada-mexico\/\">trocar o c\u00e2mbio do carro branco e azul<\/a>.<\/p>\n\n\n\n<p class=\"wp-block-paragraph\">O <strong>GRANDE PR\u00caMIO<\/strong> acompanha todas as atividades <a href=\"https:\/\/www.grandepremio.com\/br\/f1\/ao-vivo\"><strong>AO VIVO<\/strong> e <strong>EM TEMPO REAL<\/strong><\/a>. No s\u00e1bado, o terceiro e \u00faltimo treino livre come\u00e7a \u00e0s 14h (de Bras\u00edlia), enquanto a classifica\u00e7\u00e3o inicia \u00e0s 17h.<\/p>\n\n\n\n<figure class=\"wp-block-embed is-type-rich is-provider-spotify wp-block-embed-spotify wp-embed-aspect-21-9 wp-has-aspect-ratio\"><div class=\"wp-block-embed__wrapper\">\n<iframe title=\"Spotify Embed: Paddockast #128: O que falta para Hamilton x Verstappen virar novo Senna x Prost?\" style=\"border-radius: 12px\" width=\"100%\" height=\"152\" frameborder=\"0\" allowfullscreen allow=\"autoplay; clipboard-write; encrypted-media; fullscreen; picture-in-picture\" loading=\"lazy\" src=\"https:\/\/open.spotify.com\/embed\/episode\/3NMNLwZZp9zi4f0YDme3HO?utm_source=oembed\"><\/iframe>\n<\/div><figcaption>Paddockast #128: O que falta para Hamilton x Verstappen virar novo Senna x Prost?<\/figcaption><\/figure>\n","protected":false},"excerpt":{"rendered":"<p>Lando Norris \u00e9 mais um dos punidos para o fim de semana da F\u00f3rmula 1 no M\u00e9xico ap\u00f3s a decis\u00e3o da McLaren na manh\u00e3 do s\u00e1bado<\/p>\n","protected":false},"author":0,"featured_media":1000521920,"comment_status":"closed","ping_status":"closed","sticky":false,"template":"","format":"standard","meta":{"42wp_featured_image_caption":"","42wp_featured_image_credits":"","42wp_featured_video":"","42wp_featured_image_hidden":false,"42wp_authors_list":[],"footnotes":""},"categories":[2],"tags":[156,25536,29827,24836,28285,24919,547,90,25217],"42wp_author":[47120],"class_list":["post-116574","post","type-post","status-publish","format-standard","has-post-thumbnail","hentry","category-f1","tag-f1-2021","tag-formula-1-2021-2","tag-gp-da-cidade-do-mexico","tag-grande-premio-2","tag-grandepremio","tag-hermanos-rodriguez-2","tag-lando-norris","tag-mclaren","tag-mexico-2","42wp_author-pedro-henrique-marum"],"_links":{"self":[{"href":"https:\/\/grandepremio.com\/br\/wp-json\/wp\/v2\/posts\/116574","targetHints":{"allow":["GET"]}}],"collection":[{"href":"https:\/\/grandepremio.com\/br\/wp-json\/wp\/v2\/posts"}],"about":[{"href":"https:\/\/grandepremio.com\/br\/wp-json\/wp\/v2\/types\/post"}],"replies":[{"embeddable":true,"href":"https:\/\/grandepremio.com\/br\/wp-json\/wp\/v2\/comments?post=116574"}],"version-history":[{"count":0,"href":"https:\/\/grandepremio.com\/br\/wp-json\/wp\/v2\/posts\/116574\/revisions"}],"wp:featuredmedia":[{"embeddable":true,"href":"https:\/\/grandepremio.com\/br\/wp-json\/wp\/v2\/media\/1000521920"}],"wp:attachment":[{"href":"https:\/\/grandepremio.com\/br\/wp-json\/wp\/v2\/media?parent=116574"}],"wp:term":[{"taxonomy":"category","embeddable":true,"href":"https:\/\/grandepremio.com\/br\/wp-json\/wp\/v2\/categories?post=116574"},{"taxonomy":"post_tag","embeddable":true,"href":"https:\/\/grandepremio.com\/br\/wp-json\/wp\/v2\/tags?post=116574"},{"taxonomy":"42wp_author","embeddable":true,"href":"https:\/\/grandepremio.com\/br\/wp-json\/wp\/v2\/42wp_author?post=116574"}],"curies":[{"name":"wp","href":"https:\/\/api.w.org\/{rel}","templated":true}]}}