{"id":116578,"date":"2021-11-06T11:18:56","date_gmt":"2021-11-06T14:18:56","guid":{"rendered":"https:\/\/grandepremio.com\/br\/noticias\/red-bull-elege-maior-adversaria-cidade-do-mexico-e-nao-e-a-mercedes\/"},"modified":"2021-11-06T11:19:03","modified_gmt":"2021-11-06T14:19:03","slug":"red-bull-elege-maior-adversaria-cidade-do-mexico-e-nao-e-a-mercedes","status":"publish","type":"post","link":"https:\/\/grandepremio.com\/br\/f1\/red-bull-elege-maior-adversaria-cidade-do-mexico-e-nao-e-a-mercedes\/","title":{"rendered":"Consultor elege maior advers\u00e1ria da Red Bull na Cidade do M\u00e9xico. E n\u00e3o \u00e9 a Mercedes"},"content":{"rendered":"\n<figure class=\"wp-block-embed is-type-video is-provider-youtube wp-block-embed-youtube wp-embed-aspect-16-9 wp-has-aspect-ratio\"><div class=\"wp-block-embed__wrapper\">\n<iframe loading=\"lazy\" title=\"F1 NO M\u00c9XICO! VERSTAPPEN x HAMILTON NOS TREINOS LIVRES DO GP DO M\u00c9XICO + MAR\u00cdLIA MENDON\u00c7A | Briefing\" width=\"500\" height=\"281\" src=\"https:\/\/www.youtube.com\/embed\/XMQk9JPLsz8?feature=oembed\" frameborder=\"0\" allow=\"accelerometer; autoplay; clipboard-write; encrypted-media; gyroscope; picture-in-picture; web-share\" referrerpolicy=\"strict-origin-when-cross-origin\" allowfullscreen><\/iframe>\n<\/div><figcaption>F1 AO VIVO! VERSTAPPEN x HAMILTON NOS TREINOS LIVRES DO GP DO M\u00c9XICO + MAR\u00cdLIA MENDON\u00c7A | Briefing<\/figcaption><\/figure>\n\n\n\n<p class=\"wp-block-paragraph\">A Red Bull concluiu o <a href=\"https:\/\/www.grandepremio.com\/br\/f1\/noticias\/max-verstappen-lidera-treino-livre-2-fecha-na-frente-sexta-feira-formula-1-mexico\/\">primeiro dia de treinos livres para o GP da Cidade do M\u00e9xico com Max Verstappen muito superior \u00e0 Mercedes<\/a>. O tempo que colocou o holand\u00eas, l\u00edder do campeonato, no topo da tabela de tempos da sexta-feira (5) no Aut\u00f3dromo Hermanos Rodr\u00edguez, foi 0s4 mais r\u00e1pido que Valtteri Bottas, o segundo colocado, e 0s5 melhor que Lewis Hamilton, o terceiro. Desta forma, Helmut Marko entende que h\u00e1 um grande advers\u00e1rio na sequ\u00eancia deste fim de semana, e n\u00e3o \u00e9 a rival Mercedes.<\/p>\n\n\n\n<p class=\"wp-block-paragraph\">Em entrevista ao site alem\u00e3o Motorsport-Magazin, o dirigente austr\u00edaco foi claro. \u201cNosso maior oponente no M\u00e9xico somos n\u00f3s mesmos. Existem muitos obst\u00e1culos. Uma falha t\u00e9cnica, um pit-stop que d\u00e1 errado&#8230; Voc\u00ea simplesmente n\u00e3o sabe o que pode acontecer\u201d.<\/p>\n\n\n\n<p class=\"wp-block-paragraph\"><strong>LEIA TAMB\u00c9M<\/strong><br><strong><a href=\"https:\/\/www.grandepremio.com\/br\/f1\/noticias\/red-bull-ratifica-forca-no-mexico-e-mercedes-pede-aderencia-e-procura-velocidade\/\">+AN\u00c1LISE: Red Bull ratifica for\u00e7a no M\u00e9xico e Mercedes pede ader\u00eancia e procura velocidade<\/a><\/strong><\/p>\n\n\n\n<figure class=\"wp-block-image size-large\"><img decoding=\"async\" src=\"https:\/\/www.grandepremio.com\/br\/wp-content\/uploads\/2020\/05\/SI202111050797_hires_jpeg_24bit_rgb-1024x683.jpg\" alt=\"\" class=\"wp-image-521982\"\/><figcaption>Max Verstappen foi o mais r\u00e1pido do dia nesta sexta-feira no M\u00e9xico (Foto: Red Bull Content Pool)<\/figcaption><\/figure>\n\n\n\n<p class=\"wp-block-paragraph\">\u201cVoc\u00ea tem tamb\u00e9m a primeira volta, claro, um safety-car que pode entrar na hora errada&#8230; Existem muitos imprevistos que podem acontecer\u201d, citou o consultor taurino.<\/p>\n\n\n\n<p class=\"wp-block-paragraph\">Na avalia\u00e7\u00e3o de Marko, embora a Red Bull tenha uma apregoada vantagem em raz\u00e3o do melhor desempenho do motor Honda na altitude de 2.200m em rela\u00e7\u00e3o \u00e0 unidade motriz da Mercedes, s\u00f3 este quesito n\u00e3o basta para que o fim de semana como um todo seja bem-sucedido na Cidade do M\u00e9xico.<\/p>\n\n\n\n<p class=\"wp-block-paragraph\">\u201cN\u00e3o podemos mais depender apenas do motor. O pacote completo tem de ser o correto agora\u201d, alertou.<\/p>\n\n\n\n<p class=\"wp-block-paragraph\">Por fim, embora entenda que a melhor volta feita por Hamilton no treino livre 2, na sexta-feira, ficou longe de ser perfeita, Marko salientou que Verstappen tem muito mais a apresentar no Hermanos Rodr\u00edguez.<\/p>\n\n\n\n<p class=\"wp-block-paragraph\"><strong>\u25b6\ufe0f\u00a0Inscreva-se nos dois canais do GRANDE PR\u00caMIO no YouTube:\u00a0<a href=\"https:\/\/www.youtube.com\/channel\/UC9OlHEgxoaY6QY6nWPoiqQg?sub_confirmation=1\" target=\"_blank\" rel=\"noreferrer noopener\">GP<\/a>\u00a0|\u00a0<a href=\"https:\/\/www.youtube.com\/channel\/UC9csiS6q_C3C0FYhyr1rnFA?sub_confirmation=1\" target=\"_blank\" rel=\"noreferrer noopener\">GP2<\/a><\/strong><\/p>\n\n\n\n<p class=\"wp-block-paragraph\">\u201cHamilton deslizou algumas vezes na sua volta r\u00e1pida. Isso deve ter custado de 0s2 a 0s3. A volta de Verstappen tamb\u00e9m n\u00e3o foi muito boa\u201d, concluiu.<\/p>\n\n\n\n<p class=\"wp-block-paragraph\">A F\u00f3rmula 1 volta a acelerar neste s\u00e1bado no Aut\u00f3dromo Hermanos Rodr\u00edguez. O TL3 est\u00e1 marcado para 14h (de Bras\u00edlia, GMT-3), enquanto a defini\u00e7\u00e3o do grid de largada acontece \u00e0s 17h. O <strong>GRANDE PR\u00caMIO<\/strong> acompanha tudo <strong><a href=\"https:\/\/www.grandepremio.com\/br\/ao-vivo\/f1\/\">AO VIVO e em TEMPO REAL<\/a><\/strong>.<\/p>\n\n\n\n<figure class=\"wp-block-video\"><video class=\"video-js vjs-big-play-centered\" data-gp-vjs=\"1\" controls src=\"https:\/\/www.grandepremio.com\/br\/wp-content\/uploads\/2021\/11\/MotoGP-TL4-PolEspargaro-crash.mp4\"><\/video><figcaption>Pol Espargar\u00f3 perdeu o controle e caiu na curva 1 no Algarve (V\u00eddeo: MotoGP)<\/figcaption><\/figure>\n","protected":false},"excerpt":{"rendered":"<p>Na vis\u00e3o de Helmut Marko, consultor da Red Bull, a equipe taurina precisa se atentar com outros fatores que podem colocar uma jornada, que se desenha dominante, em risco no M\u00e9xico<\/p>\n","protected":false},"author":0,"featured_media":1000517165,"comment_status":"closed","ping_status":"closed","sticky":false,"template":"","format":"standard","meta":{"42wp_featured_image_caption":"","42wp_featured_image_credits":"","42wp_featured_video":"","42wp_featured_image_hidden":false,"42wp_authors_list":[],"footnotes":""},"categories":[2],"tags":[147,156,24837,25536,29827,29902,24836,82,204],"42wp_author":[47110],"class_list":["post-116578","post","type-post","status-publish","format-standard","has-post-thumbnail","hentry","category-f1","tag-f1","tag-f1-2021","tag-formula-1-2","tag-formula-1-2021-2","tag-gp-da-cidade-do-mexico","tag-gp-da-cidade-do-mexico-de-f1","tag-grande-premio-2","tag-mercedes","tag-red-bull","42wp_author-fernando-silva"],"_links":{"self":[{"href":"https:\/\/grandepremio.com\/br\/wp-json\/wp\/v2\/posts\/116578","targetHints":{"allow":["GET"]}}],"collection":[{"href":"https:\/\/grandepremio.com\/br\/wp-json\/wp\/v2\/posts"}],"about":[{"href":"https:\/\/grandepremio.com\/br\/wp-json\/wp\/v2\/types\/post"}],"replies":[{"embeddable":true,"href":"https:\/\/grandepremio.com\/br\/wp-json\/wp\/v2\/comments?post=116578"}],"version-history":[{"count":0,"href":"https:\/\/grandepremio.com\/br\/wp-json\/wp\/v2\/posts\/116578\/revisions"}],"wp:featuredmedia":[{"embeddable":true,"href":"https:\/\/grandepremio.com\/br\/wp-json\/wp\/v2\/media\/1000517165"}],"wp:attachment":[{"href":"https:\/\/grandepremio.com\/br\/wp-json\/wp\/v2\/media?parent=116578"}],"wp:term":[{"taxonomy":"category","embeddable":true,"href":"https:\/\/grandepremio.com\/br\/wp-json\/wp\/v2\/categories?post=116578"},{"taxonomy":"post_tag","embeddable":true,"href":"https:\/\/grandepremio.com\/br\/wp-json\/wp\/v2\/tags?post=116578"},{"taxonomy":"42wp_author","embeddable":true,"href":"https:\/\/grandepremio.com\/br\/wp-json\/wp\/v2\/42wp_author?post=116578"}],"curies":[{"name":"wp","href":"https:\/\/api.w.org\/{rel}","templated":true}]}}