{"id":116588,"date":"2021-11-05T22:40:10","date_gmt":"2021-11-06T01:40:10","guid":{"rendered":"https:\/\/grandepremio.com\/br\/noticias\/fernando-alonso-alpine-trabalho-fazer-pista-pouca-aderencia-mexico\/"},"modified":"2021-11-05T22:40:17","modified_gmt":"2021-11-06T01:40:17","slug":"fernando-alonso-alpine-trabalho-fazer-pista-pouca-aderencia-mexico","status":"publish","type":"post","link":"https:\/\/grandepremio.com\/br\/f1\/fernando-alonso-alpine-trabalho-fazer-pista-pouca-aderencia-mexico\/","title":{"rendered":"Alonso v\u00ea Alpine com &#8220;trabalho a fazer&#8221; em pista de pouca ader\u00eancia no M\u00e9xico"},"content":{"rendered":"\n<figure class=\"wp-block-embed is-type-video is-provider-youtube wp-block-embed-youtube wp-embed-aspect-16-9 wp-has-aspect-ratio\"><div class=\"wp-block-embed__wrapper\">\n<iframe loading=\"lazy\" title=\"F1 NO M\u00c9XICO! VERSTAPPEN x HAMILTON NOS TREINOS LIVRES DO GP DO M\u00c9XICO + MAR\u00cdLIA MENDON\u00c7A | Briefing\" width=\"500\" height=\"281\" src=\"https:\/\/www.youtube.com\/embed\/XMQk9JPLsz8?feature=oembed\" frameborder=\"0\" allow=\"accelerometer; autoplay; clipboard-write; encrypted-media; gyroscope; picture-in-picture; web-share\" referrerpolicy=\"strict-origin-when-cross-origin\" allowfullscreen><\/iframe>\n<\/div><figcaption>F1 AO VIVO! VERSTAPPEN x HAMILTON NOS TREINOS LIVRES DO GP DO M\u00c9XICO + MAR\u00cdLIA MENDON\u00c7A | Briefing<\/figcaption><\/figure>\n\n\n\n<p class=\"wp-block-paragraph\">Ap\u00f3s um GP dos Estados Unidos em que largou da \u00faltima coloca\u00e7\u00e3o por estar punido e teve problemas ao longo dos primeiros treinos, Fernando Alonso terminou esta sexta-feira (5) aliviado com a falta de sobressaltos na Cidade do M\u00e9xico. De acordo com o bicampe\u00e3o, por\u00e9m, a Alpine ainda tem muito trabalho a fazer antes da classifica\u00e7\u00e3o do s\u00e1bado.<\/p>\n\n\n\n<p class=\"wp-block-paragraph\">Alonso avaliou que as condi\u00e7\u00f5es da pista tornam muito complicado entender se as mudan\u00e7as efetuadas de um treino para outro foram boas ou n\u00e3o, umas vez que o TL2 apresentou uma pista bastante mais limpa. Alonso, ali\u00e1s, foi o d\u00e9cimo, \u00e0 frente das duas McLaren e do companheiro Esteban Ocon.<\/p>\n\n\n\n<p class=\"wp-block-paragraph\"><strong>\u25b6\ufe0f\u00a0Inscreva-se nos dois canais do GRANDE PR\u00caMIO no YouTube:\u00a0<a href=\"https:\/\/www.youtube.com\/channel\/UC9OlHEgxoaY6QY6nWPoiqQg?sub_confirmation=1\" target=\"_blank\" rel=\"noreferrer noopener\">GP<\/a>\u00a0|\u00a0<a href=\"https:\/\/www.youtube.com\/channel\/UC9csiS6q_C3C0FYhyr1rnFA?sub_confirmation=1\" target=\"_blank\" rel=\"noreferrer noopener\">GP2<\/a><\/strong><\/p>\n\n\n\n<figure class=\"wp-block-image size-large\"><img decoding=\"async\" src=\"https:\/\/www.grandepremio.com\/br\/wp-content\/uploads\/2021\/11\/alpine-fernandoalonso-03-1024x683.jpg\" alt=\"\" class=\"wp-image-521901\"\/><figcaption>Fernando Alonso finalizou a sexta-feira com o d\u00e9cimo tempo (Foto: Alpine)<\/figcaption><\/figure>\n\n\n\n<p class=\"wp-block-paragraph\">&#8220;A pista come\u00e7ou o dia com ader\u00eancia muito baixa por causa da altitude e estava bastante empoeirada pela manh\u00e3, o que deixou algumas partes da pista muito escorregadias. A evolu\u00e7\u00e3o da pista \u00e9 muito importante e bem \u00f3bvia quando voc\u00ea avalia os tempos dos dois treinos livres. Isso torna a compreens\u00e3o de qualquer mudan\u00e7a no carro entre o TL1 e o TL2 muito dif\u00edcil&#8221;, disse.<\/p>\n\n\n\n<p class=\"wp-block-paragraph\">&#8220;Temos algum trabalho a fazer ainda, mas veremos se \u00e9 poss\u00edvel encontrar solu\u00e7\u00f5es para o s\u00e1bado. Foi bom voltar a ter uma sexta-feira relativamente normal depois de uma dif\u00edcil em Austin. Tamb\u00e9m foi bom ver a paix\u00e3o dos f\u00e3s aqui e deve ser muito divertido amanh\u00e3&#8221;, finalizou.<\/p>\n\n\n\n<p class=\"wp-block-paragraph\">O <strong>GRANDE PR\u00caMIO<\/strong> acompanha todas as atividades <a href=\"https:\/\/www.grandepremio.com\/br\/f1\/ao-vivo\"><strong>AO VIVO<\/strong> e<strong> EM TEMPO REAL<\/strong><\/a>. No s\u00e1bado, o terceiro e \u00faltimo treino livre come\u00e7a \u00e0s 14h (de Bras\u00edlia), enquanto a classifica\u00e7\u00e3o inicia \u00e0s 17h.<\/p>\n\n\n\n<figure class=\"wp-block-embed is-type-rich is-provider-spotify wp-block-embed-spotify wp-embed-aspect-21-9 wp-has-aspect-ratio\"><div class=\"wp-block-embed__wrapper\">\n<iframe title=\"Spotify Embed: Paddockast #128: O que falta para Hamilton x Verstappen virar novo Senna x Prost?\" style=\"border-radius: 12px\" width=\"100%\" height=\"152\" frameborder=\"0\" allowfullscreen allow=\"autoplay; clipboard-write; encrypted-media; fullscreen; picture-in-picture\" loading=\"lazy\" src=\"https:\/\/open.spotify.com\/embed\/episode\/3NMNLwZZp9zi4f0YDme3HO?utm_source=oembed\"><\/iframe>\n<\/div><figcaption>Paddockast #128: O que falta para Hamilton x Verstappen virar novo Senna x Prost?<\/figcaption><\/figure>\n\n\n\n<p class=\"wp-block-paragraph\"><strong>Conhe\u00e7a o canal do Grande Pr\u00eamio no YouTube! Clique\u00a0<a target=\"_blank\" href=\"https:\/\/youtube.com\/GrandePremioTV\" rel=\"noreferrer noopener\">aqui<\/a>.<\/strong><br><strong>Siga o Grande Pr\u00eamio no\u00a0<a target=\"_blank\" href=\"https:\/\/twitter.com\/grandepremio\" rel=\"noreferrer noopener\">Twitter\u00a0<\/a>e no\u00a0<a target=\"_blank\" href=\"https:\/\/instagram.com\/grandepremio\" rel=\"noreferrer noopener\">Instagram<\/a>!<\/strong><\/p>\n","protected":false},"excerpt":{"rendered":"<p>Fernando Alonso destacou o fato da pista estar com pouqu\u00edssima ader\u00eancia por conta da altitude e muita poeira no Hermanos Rodr\u00edguez<\/p>\n","protected":false},"author":0,"featured_media":1000521899,"comment_status":"closed","ping_status":"closed","sticky":false,"template":"","format":"standard","meta":{"42wp_featured_image_caption":"","42wp_featured_image_credits":"","42wp_featured_video":"","42wp_featured_image_hidden":false,"42wp_authors_list":[],"footnotes":""},"categories":[2],"tags":[20491,156,176,25536,29827,24836,28285,24919,25217],"42wp_author":[47120],"class_list":["post-116588","post","type-post","status-publish","format-standard","has-post-thumbnail","hentry","category-f1","tag-alpine","tag-f1-2021","tag-fernando-alonso","tag-formula-1-2021-2","tag-gp-da-cidade-do-mexico","tag-grande-premio-2","tag-grandepremio","tag-hermanos-rodriguez-2","tag-mexico-2","42wp_author-pedro-henrique-marum"],"_links":{"self":[{"href":"https:\/\/grandepremio.com\/br\/wp-json\/wp\/v2\/posts\/116588","targetHints":{"allow":["GET"]}}],"collection":[{"href":"https:\/\/grandepremio.com\/br\/wp-json\/wp\/v2\/posts"}],"about":[{"href":"https:\/\/grandepremio.com\/br\/wp-json\/wp\/v2\/types\/post"}],"replies":[{"embeddable":true,"href":"https:\/\/grandepremio.com\/br\/wp-json\/wp\/v2\/comments?post=116588"}],"version-history":[{"count":0,"href":"https:\/\/grandepremio.com\/br\/wp-json\/wp\/v2\/posts\/116588\/revisions"}],"wp:featuredmedia":[{"embeddable":true,"href":"https:\/\/grandepremio.com\/br\/wp-json\/wp\/v2\/media\/1000521899"}],"wp:attachment":[{"href":"https:\/\/grandepremio.com\/br\/wp-json\/wp\/v2\/media?parent=116588"}],"wp:term":[{"taxonomy":"category","embeddable":true,"href":"https:\/\/grandepremio.com\/br\/wp-json\/wp\/v2\/categories?post=116588"},{"taxonomy":"post_tag","embeddable":true,"href":"https:\/\/grandepremio.com\/br\/wp-json\/wp\/v2\/tags?post=116588"},{"taxonomy":"42wp_author","embeddable":true,"href":"https:\/\/grandepremio.com\/br\/wp-json\/wp\/v2\/42wp_author?post=116588"}],"curies":[{"name":"wp","href":"https:\/\/api.w.org\/{rel}","templated":true}]}}