{"id":116589,"date":"2021-11-05T22:19:11","date_gmt":"2021-11-06T01:19:11","guid":{"rendered":"https:\/\/grandepremio.com\/br\/noticias\/charles-leclerc-ferrari-forte-mexico-carlos-sainz-briga-acirrada-com-rivais\/"},"modified":"2021-11-05T22:20:23","modified_gmt":"2021-11-06T01:20:23","slug":"charles-leclerc-ferrari-forte-mexico-carlos-sainz-briga-acirrada-com-rivais","status":"publish","type":"post","link":"https:\/\/grandepremio.com\/br\/f1\/charles-leclerc-ferrari-forte-mexico-carlos-sainz-briga-acirrada-com-rivais\/","title":{"rendered":"Leclerc cr\u00ea em Ferrari forte no M\u00e9xico. Sainz espera &#8220;briga acirrada&#8221; com rivais"},"content":{"rendered":"\n<figure class=\"wp-block-embed is-type-video is-provider-youtube wp-block-embed-youtube wp-embed-aspect-16-9 wp-has-aspect-ratio\"><div class=\"wp-block-embed__wrapper\">\n<iframe loading=\"lazy\" title=\"F1 NO M\u00c9XICO! VERSTAPPEN x HAMILTON NOS TREINOS LIVRES DO GP DO M\u00c9XICO + MAR\u00cdLIA MENDON\u00c7A | Briefing\" width=\"500\" height=\"281\" src=\"https:\/\/www.youtube.com\/embed\/XMQk9JPLsz8?feature=oembed\" frameborder=\"0\" allow=\"accelerometer; autoplay; clipboard-write; encrypted-media; gyroscope; picture-in-picture; web-share\" referrerpolicy=\"strict-origin-when-cross-origin\" allowfullscreen><\/iframe>\n<\/div><\/figure>\n\n\n\n<p class=\"wp-block-paragraph\">A Ferrari teve um bom primeiro dia no M\u00e9xico, mas nada que tenha empolgado muito seus pilotos. Nesta sexta-feira (5), ap\u00f3s top-8 duplo nos dois treinos livres, Carlos Sainz Jr. e Charles Leclerc ainda n\u00e3o sabem cravar em que p\u00e9 est\u00e1 o time na ordem de for\u00e7as da etapa do Hermanos Rodr\u00edguez.<\/p>\n\n\n\n<p class=\"wp-block-paragraph\">Sainz, que foi um pouco mais veloz que o parceiro nas duas sess\u00f5es, espera briga boa na etapa. O espanhol ressaltou que a Ferrari n\u00e3o melhorou muito do TL1 para o TL2.<\/p>\n\n\n\n<p class=\"wp-block-paragraph\">&#8220;Uma sexta-feira desafiadora, como sempre \u00e9 aqui no M\u00e9xico, a falta de ader\u00eancia afeta muito o carro. Tentamos algumas mudan\u00e7as do TL1 para o TL2 e n\u00e3o funcionaram, ent\u00e3o voltamos ao acerto inicial em busca do equil\u00edbrio do TL1, estava mais feliz com ele&#8221;, disse.<\/p>\n\n\n\n<p class=\"wp-block-paragraph\">Carlos v\u00ea disputa forte com McLaren, Alpine e AlphaTauri no fim de semana, mas garantiu que a Ferrari vai seguir trabalhando em novidades amanh\u00e3.<\/p>\n\n\n\n<p class=\"wp-block-paragraph\">&#8220;Amanh\u00e3 tentaremos mais alternativas para ver se melhoramos os tempos de volta, se achamos mais performance. Alguns dos nossos rivais parecem bem r\u00e1pidos, a briga vai ser apertada&#8221;, completou.<\/p>\n\n\n\n<figure class=\"wp-block-image size-large\"><img decoding=\"async\" src=\"https:\/\/www.grandepremio.com\/br\/wp-content\/uploads\/2021\/11\/ferrari-carlossainz-01-1024x683.jpg\" alt=\"\" class=\"wp-image-521907\"\/><figcaption>Carlos Sainz v\u00ea briga apertada para Ferrari no M\u00e9xico (Foto: Ferrari)<\/figcaption><\/figure>\n\n\n\n<p class=\"wp-block-paragraph\">Para Leclerc, a pista foi o grande diferencial entre as sess\u00f5es da manh\u00e3 e da tarde, melhorando em ader\u00eancia, sem tanta sujeira. Sobre o carro em si, ainda n\u00e3o tem certeza do real potencial.<\/p>\n\n\n\n<p class=\"wp-block-paragraph\">&#8220;Nossos treinos livres foram muito diferentes. De manh\u00e3, pista muito suja, estava dif\u00edcil de guiar, escorregando muito, principalmente nas frenagens. A evolu\u00e7\u00e3o da pista do TL1 para o TL2 foi muito grande. Dava para ver que se era mais r\u00e1pido a cada volta, mas ainda \u00e9 dif\u00edcil saber onde estamos em rela\u00e7\u00e3o aos rivais&#8221;, falou.<\/p>\n\n\n\n<p class=\"wp-block-paragraph\">O monegasco, no entanto, se mostrou mais confiante do que Sainz, vendo na classifica\u00e7\u00e3o uma chance real de fazer uma boa corrida, mais uma vez, mantendo a \u00f3tima sequ\u00eancia das \u00faltimas provas.<\/p>\n\n\n\n<p class=\"wp-block-paragraph\">&#8220;Amanh\u00e3 temos de nos concentrar em fazer a melhor volta poss\u00edvel e a\u00ed acho que temos potencial para fazer um bom trabalho na corrida&#8221;, encerrou.<\/p>\n\n\n\n<p class=\"wp-block-paragraph\">A&nbsp;<a href=\"https:\/\/www.grandepremio.com\/formula-1\/\" target=\"_blank\" rel=\"noreferrer noopener\">F\u00f3rmula 1<\/a>&nbsp;volta a acelerar neste s\u00e1bado no Aut\u00f3dromo&nbsp;<a href=\"https:\/\/www.grandepremio.com\/br\/etapa\/f1\/gp-da-cidade-do-mexico-formula-1-2021\/\" target=\"_blank\" rel=\"noreferrer noopener\">Hermanos Rodr\u00edguez<\/a>. O TL3 est\u00e1 marcado para 14h (de Bras\u00edlia, GMT-3), enquanto a defini\u00e7\u00e3o do grid de largada acontece \u00e0s 17h. O&nbsp;<strong>GRANDE PR\u00caMIO<\/strong>&nbsp;acompanha tudo&nbsp;<strong><a href=\"https:\/\/www.grandepremio.com\/br\/ao-vivo\/f1\/\">AO VIVO e em TEMPO REAL<\/a><\/strong>.<\/p>\n\n\n\n<p class=\"wp-block-paragraph\"><strong>\u25b6\ufe0f&nbsp;Inscreva-se nos dois canais do GRANDE PR\u00caMIO no YouTube:&nbsp;<a href=\"https:\/\/www.youtube.com\/channel\/UC9OlHEgxoaY6QY6nWPoiqQg?sub_confirmation=1\" target=\"_blank\" rel=\"noreferrer noopener\">GP<\/a>&nbsp;|&nbsp;<a href=\"https:\/\/www.youtube.com\/channel\/UC9csiS6q_C3C0FYhyr1rnFA?sub_confirmation=1\" target=\"_blank\" rel=\"noreferrer noopener\">GP2<\/a><\/strong><\/p>\n","protected":false},"excerpt":{"rendered":"<p>Carlos Sainz Jr. acha que a Ferrari vai brigar de forma pr\u00f3xima com as rivais do pelot\u00e3o intermedi\u00e1rio da F1 no M\u00e9xico, enquanto Charles Leclerc est\u00e1 um pouco mais otimista para a classifica\u00e7\u00e3o e, principalmente, para a corrida<\/p>\n","protected":false},"author":0,"featured_media":1000521910,"comment_status":"closed","ping_status":"closed","sticky":false,"template":"","format":"standard","meta":{"42wp_featured_image_caption":"","42wp_featured_image_credits":"","42wp_featured_video":"","42wp_featured_image_hidden":false,"42wp_authors_list":[],"footnotes":""},"categories":[2],"tags":[546,563,209,147,156,207,24837,26275,29827,24918],"42wp_author":[47117],"class_list":["post-116589","post","type-post","status-publish","format-standard","has-post-thumbnail","hentry","category-f1","tag-carlos-sainz","tag-carlos-sainz-jr","tag-charles-leclerc","tag-f1","tag-f1-2021","tag-ferrari","tag-formula-1-2","tag-formula-1-2021-3","tag-gp-da-cidade-do-mexico","tag-gp-do-mexico-2","42wp_author-gabriel-curty"],"_links":{"self":[{"href":"https:\/\/grandepremio.com\/br\/wp-json\/wp\/v2\/posts\/116589","targetHints":{"allow":["GET"]}}],"collection":[{"href":"https:\/\/grandepremio.com\/br\/wp-json\/wp\/v2\/posts"}],"about":[{"href":"https:\/\/grandepremio.com\/br\/wp-json\/wp\/v2\/types\/post"}],"replies":[{"embeddable":true,"href":"https:\/\/grandepremio.com\/br\/wp-json\/wp\/v2\/comments?post=116589"}],"version-history":[{"count":0,"href":"https:\/\/grandepremio.com\/br\/wp-json\/wp\/v2\/posts\/116589\/revisions"}],"wp:featuredmedia":[{"embeddable":true,"href":"https:\/\/grandepremio.com\/br\/wp-json\/wp\/v2\/media\/1000521910"}],"wp:attachment":[{"href":"https:\/\/grandepremio.com\/br\/wp-json\/wp\/v2\/media?parent=116589"}],"wp:term":[{"taxonomy":"category","embeddable":true,"href":"https:\/\/grandepremio.com\/br\/wp-json\/wp\/v2\/categories?post=116589"},{"taxonomy":"post_tag","embeddable":true,"href":"https:\/\/grandepremio.com\/br\/wp-json\/wp\/v2\/tags?post=116589"},{"taxonomy":"42wp_author","embeddable":true,"href":"https:\/\/grandepremio.com\/br\/wp-json\/wp\/v2\/42wp_author?post=116589"}],"curies":[{"name":"wp","href":"https:\/\/api.w.org\/{rel}","templated":true}]}}