{"id":116603,"date":"2021-11-05T14:28:53","date_gmt":"2021-11-05T17:28:53","guid":{"rendered":"https:\/\/grandepremio.com\/br\/noticias\/casey-stoner-aponta-erro-aposta-honda-apenas-estilo-marc-marquez-nao-ha-equilibrio\/"},"modified":"2021-11-05T14:29:01","modified_gmt":"2021-11-05T17:29:01","slug":"casey-stoner-aponta-erro-aposta-honda-apenas-estilo-marc-marquez-nao-ha-equilibrio","status":"publish","type":"post","link":"https:\/\/grandepremio.com\/br\/motogp\/casey-stoner-aponta-erro-aposta-honda-apenas-estilo-marc-marquez-nao-ha-equilibrio\/","title":{"rendered":"Stoner aponta erro em aposta da Honda apenas no estilo de M\u00e1rquez: &#8220;Sem equil\u00edbrio&#8221;"},"content":{"rendered":"\n<figure class=\"wp-block-embed is-type-video is-provider-youtube wp-block-embed-youtube wp-embed-aspect-16-9 wp-has-aspect-ratio\"><div class=\"wp-block-embed__wrapper\">\n<iframe loading=\"lazy\" title=\"AUMENTO NA IDADE M\u00cdNIMA \u00c9 REA\u00c7\u00c3O NECESS\u00c1RIAS A TRAG\u00c9DIAS DO MOTOCICLISMO | GP \u00e0s 10\" width=\"500\" height=\"281\" src=\"https:\/\/www.youtube.com\/embed\/-4sM3dmnPa8?feature=oembed\" frameborder=\"0\" allow=\"accelerometer; autoplay; clipboard-write; encrypted-media; gyroscope; picture-in-picture; web-share\" referrerpolicy=\"strict-origin-when-cross-origin\" allowfullscreen><\/iframe>\n<\/div><figcaption>AUMENTO NA IDADE M\u00cdNIMA \u00c9 REA\u00c7\u00c3O NECESS\u00c1RIAS A TRAG\u00c9DIAS DO MOTOCICLISMO | GP \u00e0s 10<br><\/figcaption><\/figure>\n\n\n\n<p class=\"wp-block-paragraph\">\u00c9 muito claro que a Honda confia e aposta todas as suas fichas em Marc M\u00e1rquez, que mal voltou ao bons tempos de MotoGP ap\u00f3s nove meses de recupera\u00e7\u00e3o por uma les\u00e3o no bra\u00e7o direito, e <a href=\"https:\/\/www.grandepremio.com\/br\/motogp\/noticias\/marc-marquez-concussao-acidente-treino-desfalca-honda-gp-algarve\/\" target=\"_blank\" rel=\"noreferrer noopener\">j\u00e1 est\u00e1 afastado de novo por uma concuss\u00e3o cerebral<\/a>, colocando em d\u00favida seu retorno \u00e0 competi\u00e7\u00e3o nesta reta final de temporada. <\/p>\n\n\n\n<p class=\"wp-block-paragraph\">Para Casey Stoner, bicampe\u00e3o mundial da MotoGP em 2007 pela Ducati e em 2011 pela Honda, o grande problema em rela\u00e7\u00e3o \u00e0 depend\u00eancia da equipe nip\u00f4nica com o piloto espanhol \u00e9 por justamente os japoneses terem constru\u00eddo e desenvolvido uma moto apostando nas qualidades de M\u00e1rquez, e n\u00e3o em um aspecto geral.<\/p>\n\n\n\n<p class=\"wp-block-paragraph\">&#8220;Acredito que, nos \u00faltimos anos, um erro que a Honda cometeu foi focar apenas no estilo de M\u00e1rquez, que \u00e9 baseado numa frenagem violenta, ao inv\u00e9s de se buscar um maior equil\u00edbrio geral da moto. A frenagem violenta dele me parece muito n\u00edtida, mas \u00e9 dif\u00edcil falar quando voc\u00ea n\u00e3o est\u00e1 correndo&#8221;, disse Stoner, em entrevista coletiva em Portugal, onde aproveitou a oportunidade para visitar a Ducati.<\/p>\n\n\n\n<p class=\"wp-block-paragraph\"><strong>\u25b6\ufe0f\u00a0Inscreva-se nos dois canais do GRANDE PR\u00caMIO no YouTube:\u00a0<a href=\"https:\/\/www.youtube.com\/channel\/UC9OlHEgxoaY6QY6nWPoiqQg?sub_confirmation=1\" target=\"_blank\" rel=\"noreferrer noopener\">GP<\/a>\u00a0|\u00a0<a href=\"https:\/\/www.youtube.com\/channel\/UC9csiS6q_C3C0FYhyr1rnFA?sub_confirmation=1\" target=\"_blank\" rel=\"noreferrer noopener\">GP2<\/a><\/strong><\/p>\n\n\n\n<figure class=\"wp-block-image size-large\"><img decoding=\"async\" src=\"https:\/\/www.grandepremio.com\/br\/wp-content\/uploads\/2021\/10\/http___repsolmedia.com_repsolmedia_wp-content_uploads_2021_10_Copy-of-RD16_EmiliaRomagna_Marc_2021-03347-1024x683.jpg\" alt=\"\" class=\"wp-image-520256\"\/><figcaption>Marc M\u00e1rquez teve sua segunda vit\u00f3ria na temporada de 2021 em Misano (Foto: Repsol)<\/figcaption><\/figure>\n\n\n\n<p class=\"wp-block-paragraph\">O ex-piloto tamb\u00e9m falou sobre o per\u00edodo de recupera\u00e7\u00e3o de M\u00e1rquez. O dono da moto #93 <a href=\"https:\/\/www.grandepremio.com\/br\/motogp\/noticias\/marc-marquez-fratura-braco-direito-apos-forte-acidente-durante-gp-da-espanha\/\" target=\"_blank\" rel=\"noreferrer noopener\">ficou 265 dias foras das pistas, recuperando-se de uma fratura no bra\u00e7o direito ap\u00f3s uma queda no GP da Espanha<\/a>, prova que abriu a temporada passada da\u00a0<a href=\"https:\/\/www.grandepremio.com\/br\/motogp\/\" target=\"_blank\" rel=\"noreferrer noopener\">MotoGP<\/a>. O piloto da Honda passou por tr\u00eas cirurgias e uma infec\u00e7\u00e3o no local durante a recupera\u00e7\u00e3o, que o fez perder o campeonato passado inteiro.<\/p>\n\n\n\n<p class=\"wp-block-paragraph\">Para Stoner, o espanhol ainda precisa de tempo para uma recupera\u00e7\u00e3o f\u00edsica e mental. &#8220;As les\u00f5es sempre te afetam, n\u00e3o adianta esconder, mas tamb\u00e9m te empurram para voltar. Se machucar faz parte da corrida, quando voc\u00ea cai e eu pergunto onde voc\u00ea errou, voc\u00ea procura o motivo e geralmente sabe bem o que fez e n\u00e3o foi bom, \u00e9 uma forma de racionalizar e n\u00e3o ter medo. A queda em si n\u00e3o te assusta. Mas ele certamente vem de uma longa recupera\u00e7\u00e3o pela les\u00e3o de 2020, e acho que ele ainda precisa de tempo para uma recupera\u00e7\u00e3o f\u00edsica e mental&#8221;, concluiu. <\/p>\n\n\n\n<p class=\"wp-block-paragraph\">M\u00e1rquez retornou \u00e0 MotoGP <a href=\"https:\/\/www.grandepremio.com\/br\/motogp\/noticias\/marc-marquez-celebra-volta-motogp-questiona-como-braco-vai-reagir-portimao\/\">na primeira etapa de Portim\u00e3o, em abril deste ano<\/a>. Desde ent\u00e3o, disputou 13 GPs, vencendo dois deles, em Austin e Misano. Mas, nesta semana, a Honda relatou que Marc caiu no \u00faltimo s\u00e1bado durante um treino off-road e sofreu uma pequena concuss\u00e3o cerebral. Por isso, est\u00e1 fora da segunda corrida em Portim\u00e3o neste fim de semana. <\/p>\n\n\n\n<p class=\"wp-block-paragraph\"><strong>LEIA TAMB\u00c9M<br>#<a href=\"https:\/\/www.grandepremio.com\/br\/motogp\/noticias\/fabio-quartararo-renasce-apos-derrota-dolorida-conquista-merecido-titulo-motogp-2021\/\">\u00a0Quartararo renasce ap\u00f3s derrota dolorida e conquista merecido t\u00edtulo na\u00a0MotoGP\u00a02021<\/a><br>#\u00a0<a href=\"https:\/\/www.grandepremio.com\/br\/motogp\/noticias\/fabio-quartararo-justifica-aposta-tira-yamaha-fila-apos-cinco-anos-jejum-motogp\/\">Quartararo justifica aposta e tira\u00a0<\/a><a href=\"https:\/\/www.grandepremio.com\/br\/equipe\/motogp\/2020\/monster-energy-yamaha-motogp\/\" target=\"_blank\" rel=\"noreferrer noopener\">Yamaha<\/a><a href=\"https:\/\/www.grandepremio.com\/br\/motogp\/noticias\/fabio-quartararo-justifica-aposta-tira-yamaha-fila-apos-cinco-anos-jejum-motogp\/\">\u00a0da fila ap\u00f3s cinco anos de jejum na MotoGP<\/a><\/strong><br>#\u00a0<strong><a href=\"https:\/\/www.grandepremio.com\/br\/motogp\/noticias\/marc-marquez-vence-fora-zona-de-conforto-ganha-folego-recuperacao-motogp\/\">Marc M\u00e1rquez vence fora da zona de conforto e ganha f\u00f4lego em recupera\u00e7\u00e3o na MotoGP<\/a><\/strong><br>#\u00a0<strong><a href=\"https:\/\/www.grandepremio.com\/br\/motogp\/noticias\/podio-pol-espargaro-melhor-noticia-para-honda-do-que-vitorias-marc-marquez\/\">P\u00f3dio de\u00a0<\/a><a href=\"https:\/\/www.grandepremio.com\/br\/piloto\/pol-espargaro\/\" target=\"_blank\" rel=\"noreferrer noopener\">Pol Espargar\u00f3<\/a><a href=\"https:\/\/www.grandepremio.com\/br\/motogp\/noticias\/podio-pol-espargaro-melhor-noticia-para-honda-do-que-vitorias-marc-marquez\/\">\u00a0\u00e9 t\u00e3o importante para Honda quanto vit\u00f3rias de Marc M\u00e1rquez<\/a><\/strong><br>#\u00a0<strong><a href=\"https:\/\/www.grandepremio.com\/br\/motogp\/noticias\/fim-precisa-adotar-superlicenca-selecionar-quem-pode-correr-motogp\/\">FIM precisa adotar superlicen\u00e7a para selecionar melhor quem pode correr na MotoGP<\/a><\/strong><br>#\u00a0<strong><a href=\"https:\/\/www.grandepremio.com\/br\/motogp\/noticias\/yamaha-ducati-enfrentam-reta-final-2021-titulos-construtores-equipes\/\">Yamaha e Ducati se enfrentam na reta final de 2021 por t\u00edtulos de Construtores e Equipes<\/a><\/strong><br>#\u00a0<strong><a href=\"https:\/\/www.grandepremio.com\/br\/motogp\/noticias\/franco-morbidelli-mostra-sinais-recuperacao-fortalece-planejamento-2022-yamaha\/\">Morbidelli mostra sinais de recupera\u00e7\u00e3o e fortalece planejamento de 2022 com Yamaha<\/a><\/strong><\/p>\n\n\n\n<figure class=\"wp-block-embed is-type-video is-provider-youtube wp-block-embed-youtube wp-embed-aspect-16-9 wp-has-aspect-ratio\"><div class=\"wp-block-embed__wrapper\">\n<iframe loading=\"lazy\" title=\"F1 CHEGA AO M\u00c9XICO + HAMILTON x VERSTAPPEN \u00c9 NOVO SENNA x PROST? | Paddock GP #263\" width=\"500\" height=\"281\" src=\"https:\/\/www.youtube.com\/embed\/uOb6RuCrB-U?start=4660&amp;feature=oembed\" frameborder=\"0\" allow=\"accelerometer; autoplay; clipboard-write; encrypted-media; gyroscope; picture-in-picture; web-share\" referrerpolicy=\"strict-origin-when-cross-origin\" allowfullscreen><\/iframe>\n<\/div><figcaption>F1 CHEGA AO M\u00c9XICO + HAMILTON x VERSTAPPEN \u00c9 NOVO SENNA x PROST? | Paddock GP\u00a0<a href=\"https:\/\/www.youtube.com\/hashtag\/263\">#263<\/a><br><\/figcaption><\/figure>\n\n\n\n<p class=\"wp-block-paragraph\"><\/p>\n\n\n\n<p class=\"wp-block-paragraph\"><\/p>\n\n\n\n<p class=\"wp-block-paragraph\"><\/p>\n\n\n\n<p class=\"wp-block-paragraph\"><\/p>\n","protected":false},"excerpt":{"rendered":"<p>Para Casey Stoner, o grande erro da Honda nos \u00faltimo anos de MotoGP foi apostar no estilo \u00fanico de Marc M\u00e1rquez. Segundo o bicampe\u00e3o mundial, faltou achar um equil\u00edbrio no desenvolvimento da moto <\/p>\n","protected":false},"author":0,"featured_media":1000520256,"comment_status":"closed","ping_status":"closed","sticky":false,"template":"","format":"standard","meta":{"42wp_featured_image_caption":"","42wp_featured_image_credits":"","42wp_featured_video":"","42wp_featured_image_hidden":false,"42wp_authors_list":[],"footnotes":""},"categories":[8],"tags":[2756,922,130,24996,79,78,490,28765,28764,25819,28345,28766,26690,25065,1107],"42wp_author":[47139],"class_list":["post-116603","post","type-post","status-publish","format-standard","has-post-thumbnail","hentry","category-motogp","tag-algarve","tag-casey-stoner","tag-honda","tag-marc-marquez-2","tag-moto-gp","tag-motogp","tag-motogp-2021","tag-motogp-2021-calendario","tag-motogp-classificacao-2021","tag-motogp-hoje","tag-motogp-horarios","tag-motogp-standings","tag-pilotos-motogp","tag-portimao-2","tag-portugal","42wp_author-ana-cerveira"],"_links":{"self":[{"href":"https:\/\/grandepremio.com\/br\/wp-json\/wp\/v2\/posts\/116603","targetHints":{"allow":["GET"]}}],"collection":[{"href":"https:\/\/grandepremio.com\/br\/wp-json\/wp\/v2\/posts"}],"about":[{"href":"https:\/\/grandepremio.com\/br\/wp-json\/wp\/v2\/types\/post"}],"replies":[{"embeddable":true,"href":"https:\/\/grandepremio.com\/br\/wp-json\/wp\/v2\/comments?post=116603"}],"version-history":[{"count":0,"href":"https:\/\/grandepremio.com\/br\/wp-json\/wp\/v2\/posts\/116603\/revisions"}],"wp:featuredmedia":[{"embeddable":true,"href":"https:\/\/grandepremio.com\/br\/wp-json\/wp\/v2\/media\/1000520256"}],"wp:attachment":[{"href":"https:\/\/grandepremio.com\/br\/wp-json\/wp\/v2\/media?parent=116603"}],"wp:term":[{"taxonomy":"category","embeddable":true,"href":"https:\/\/grandepremio.com\/br\/wp-json\/wp\/v2\/categories?post=116603"},{"taxonomy":"post_tag","embeddable":true,"href":"https:\/\/grandepremio.com\/br\/wp-json\/wp\/v2\/tags?post=116603"},{"taxonomy":"42wp_author","embeddable":true,"href":"https:\/\/grandepremio.com\/br\/wp-json\/wp\/v2\/42wp_author?post=116603"}],"curies":[{"name":"wp","href":"https:\/\/api.w.org\/{rel}","templated":true}]}}