{"id":116605,"date":"2021-11-05T13:30:48","date_gmt":"2021-11-05T16:30:48","guid":{"rendered":"https:\/\/grandepremio.com\/br\/noticias\/kamui-kobayashi-pole-toyota-7-8-horas-bahrein-decisao-wec-2021\/"},"modified":"2021-11-05T13:30:55","modified_gmt":"2021-11-05T16:30:55","slug":"kamui-kobayashi-pole-toyota-7-8-horas-bahrein-decisao-wec-2021","status":"publish","type":"post","link":"https:\/\/grandepremio.com\/br\/endurance\/kamui-kobayashi-pole-toyota-7-8-horas-bahrein-decisao-wec-2021\/","title":{"rendered":"Kobayashi crava pole para Toyota #7 nas 8 Horas do Bahrein em decis\u00e3o do WEC 2021"},"content":{"rendered":"\n<figure class=\"wp-block-embed is-type-video is-provider-youtube wp-block-embed-youtube wp-embed-aspect-16-9 wp-has-aspect-ratio\"><div class=\"wp-block-embed__wrapper\">\n<iframe loading=\"lazy\" title=\"TOTO WOLFF \u2018SEM FILTRO\u2019 \u00c9 PIMENTA QUE POVO QUER PARA GP DO M\u00c9XICO DE F1 | WGP\" width=\"500\" height=\"281\" src=\"https:\/\/www.youtube.com\/embed\/5ou-IlCK4rY?feature=oembed\" frameborder=\"0\" allow=\"accelerometer; autoplay; clipboard-write; encrypted-media; gyroscope; picture-in-picture; web-share\" referrerpolicy=\"strict-origin-when-cross-origin\" allowfullscreen><\/iframe>\n<\/div><figcaption>TOTO WOLFF \u2018SEM FILTRO\u2019 \u00c9 PIMENTA QUE POVO QUER PARA GP DO M\u00c9XICO DE F1 | WGP<\/figcaption><\/figure>\n\n\n\n<p class=\"wp-block-paragraph\">A tripula\u00e7\u00e3o do hipercarro Toyota #7 est\u00e1 a um dia de conquistar o t\u00edtulo do Mundial de Endurance. Kamui Kobayashi garantiu a pole-position das 8 Horas do Bahrein para o trio formado tamb\u00e9m pelo argentino Jos\u00e9 Mar\u00eda \u2018Pechito\u2019 L\u00f3pez e pelo brit\u00e2nico Mike Conway. Uma vez que a posi\u00e7\u00e3o de honra do grid vale 1 ponto, o conjunto s\u00f3 precisa terminar a corrida, neste s\u00e1bado, para assegurar o t\u00edtulo mundial. <a href=\"https:\/\/www.grandepremio.com\/br\/endurance\/noticias\/toyota-7-vence-6-horas-bahrein-se-aproxima-bi-wec-felipe-fraga-triunfa-gte-am\/\">A ta\u00e7a dos Construtores nos hipercarros j\u00e1 foi celebrada pela Toyota nas 6 Horas do Bahrein, no s\u00e1bado passado<\/a>.<\/p>\n\n\n\n<p class=\"wp-block-paragraph\">Como s\u00e3o apenas tr\u00eas carros na classe dos hipercarros, sendo dois Toyota e o Alpine, que corre com o antigo LMP1 da Rebellion, o trio do Toyota #7 garante o t\u00edtulo por terminar a corrida, j\u00e1 que finalizaria com a terceira posi\u00e7\u00e3o. Com 146 pontos e na lideran\u00e7a do campeonato, Kobayashi, \u2018Pechito\u2019 e Conway est\u00e3o 16 \u00e0 frente de Brendon Hartley, S\u00e9bastien Buemi e Kazuki Nakajima, que se despede das pistas neste fim de semana para assumir uma fun\u00e7\u00e3o diretiva na marca japonesa.<\/p>\n\n\n\n<p class=\"wp-block-paragraph\"><strong>\u25b6\ufe0f\u00a0Inscreva-se nos dois canais do GRANDE PR\u00caMIO no YouTube:\u00a0<a href=\"https:\/\/www.youtube.com\/channel\/UC9OlHEgxoaY6QY6nWPoiqQg?sub_confirmation=1\" target=\"_blank\" rel=\"noreferrer noopener\">GP<\/a>\u00a0|\u00a0<a href=\"https:\/\/www.youtube.com\/channel\/UC9csiS6q_C3C0FYhyr1rnFA?sub_confirmation=1\" target=\"_blank\" rel=\"noreferrer noopener\">GP2<\/a><\/strong><\/p>\n\n\n\n<figure class=\"wp-block-image size-large\"><img decoding=\"async\" src=\"https:\/\/www.grandepremio.com\/br\/wp-content\/uploads\/2021\/11\/FC8apnfXMAIwKpx-1024x683.jpg\" alt=\"TOYOTA; MUNDIAL DE ENDURANCE; BAHREIN;\" class=\"wp-image-521802\"\/><figcaption>A Toyota protagoniza a primeira fila das 8 Horas do Bahrein (Foto: Toyota Gazoo Racing)<\/figcaption><\/figure>\n\n\n\n<p class=\"wp-block-paragraph\">Kobayashi venceu a disputa com Hartley pela pole-position. Na primeira volta r\u00e1pida, Kamui cravou 1min46s250, contra 1min48s895 de Hartley. Na segunda tentativa, o japon\u00eas n\u00e3o melhorou, enquanto o piloto do Toyota #8 encostou, ficou 0s290 atr\u00e1s, mas n\u00e3o o bastante para amea\u00e7ar a posi\u00e7\u00e3o de honra do #7. Mathieu Vaxivi\u00e8re marcou 1min47s025 como melhor volta e ficou a 0s775 do tempo da pole. O franc\u00eas \u00e9 um dos pilotos do A480 da Alpine ao lado de Nicolas Lapierre e Andr\u00e9 Negr\u00e3o.<\/p>\n\n\n\n<p class=\"wp-block-paragraph\">Na disputa da classe LMP2, Filipe Albuquerque garantiu a pole para a United Autosports, em trio formado tamb\u00e9m por Fabio Scherer e Philip Hanson. O trio que lidera o campeonato, formado por Charles Milesi, Ferdinand Habsburg e Robin Frijns, vai largar apenas em s\u00e9timo na classe com o prot\u00f3tipo da WRT.<\/p>\n\n\n\n<p class=\"wp-block-paragraph\">Em luta ferrenha pelo t\u00edtulo na classe LMGTE-Pro, a Porsche bateu a Ferrari na luta pela pole e vai largar na frente com o trio formado por Kevin \u00c9stre, Neel Jani e Michael Christensen. A tripula\u00e7\u00e3o soma 138 pontos, apenas 1 a menos que Alessandro Pier Guidi e James Calado, com a Ferrari da AF Corse, que v\u00e3o largar em segundo na classe. Daniel Serra marcou o tempo para a Ferrari #52 da AF Corse, que vai partir da quarta posi\u00e7\u00e3o.<\/p>\n\n\n\n<p class=\"wp-block-paragraph\">J\u00e1 na LMGTE-Am, a pole ficou com outro carro da Ferrari. Roberto Lacorte, Giorgio Sernagiotto e Antonio Fuoco pilotam o carro que vai largar na frente nas 8 Horas do Bahrein pela Cetilar Racing. O trio n\u00e3o tem chances de t\u00edtulo, diferente do conjunto composto por Fran\u00e7ois Perrodo, Nicklas Nielsen e Alessio Rovera.<\/p>\n\n\n\n<p class=\"wp-block-paragraph\">O trio da AF Corse vai partir em segundo neste s\u00e1bado no grid da classe, enquanto Felipe Fraga, Ben Keating e Dylan Pereira, que ainda sustentam chances de t\u00edtulo, v\u00e3o partir em quinto lugar no grid da categoria com o Aston Martin da equipe TF Corse. Uma posi\u00e7\u00e3o atr\u00e1s vai largar o Aston Martin de Paul Dalla Lana, Augusto Farfus e Marcos Gomes, pela equipe NorthWest.<\/p>\n\n\n\n<p class=\"wp-block-paragraph\">A largada das 8 Horas do Bahrein est\u00e1 marcada para 8h (de Bras\u00edlia, GMT-3) deste s\u00e1bado e vai contar com transmiss\u00e3o ao vivo pelo servi\u00e7o de streaming Star+.<\/p>\n\n\n\n<figure class=\"wp-block-video\"><video class=\"video-js vjs-big-play-centered\" data-gp-vjs=\"1\" controls src=\"https:\/\/www.grandepremio.com\/br\/wp-content\/uploads\/2021\/10\/FRECACrash.mp4\"><\/video><figcaption>David Vidales quase decola e acerta Dino Beganovic. Os dois pilotos, da Prema, abandonaram em Monza (V\u00eddeo: FRECA)<\/figcaption><\/figure>\n","protected":false},"excerpt":{"rendered":"<p>Kamui Kobayashi garantiu a \u00faltima pole-position da temporada no Mundial de Endurance e colocou o Toyota #7 na pole das 8 Horas do Bahrein, prova que acontece neste s\u00e1bado em Sakhir<\/p>\n","protected":false},"author":0,"featured_media":1000521803,"comment_status":"closed","ping_status":"closed","sticky":false,"template":"","format":"standard","meta":{"42wp_featured_image_caption":"","42wp_featured_image_credits":"","42wp_featured_video":"","42wp_featured_image_hidden":false,"42wp_authors_list":[],"footnotes":""},"categories":[18],"tags":[1675,25129,72,1667,77,460,24836,731,1034,357,178,356],"42wp_author":[47110],"class_list":["post-116605","post","type-post","status-publish","format-standard","has-post-thumbnail","hentry","category-endurance","tag-8-horas-bahrein","tag-andre-negrao","tag-augusto-farfus","tag-bahrein","tag-daniel-serra","tag-felipe-fraga","tag-grande-premio-2","tag-kamui-kobayashi","tag-marcos-gomes","tag-mundial-de-endurance","tag-toyota","tag-wec","42wp_author-fernando-silva"],"_links":{"self":[{"href":"https:\/\/grandepremio.com\/br\/wp-json\/wp\/v2\/posts\/116605","targetHints":{"allow":["GET"]}}],"collection":[{"href":"https:\/\/grandepremio.com\/br\/wp-json\/wp\/v2\/posts"}],"about":[{"href":"https:\/\/grandepremio.com\/br\/wp-json\/wp\/v2\/types\/post"}],"replies":[{"embeddable":true,"href":"https:\/\/grandepremio.com\/br\/wp-json\/wp\/v2\/comments?post=116605"}],"version-history":[{"count":0,"href":"https:\/\/grandepremio.com\/br\/wp-json\/wp\/v2\/posts\/116605\/revisions"}],"wp:featuredmedia":[{"embeddable":true,"href":"https:\/\/grandepremio.com\/br\/wp-json\/wp\/v2\/media\/1000521803"}],"wp:attachment":[{"href":"https:\/\/grandepremio.com\/br\/wp-json\/wp\/v2\/media?parent=116605"}],"wp:term":[{"taxonomy":"category","embeddable":true,"href":"https:\/\/grandepremio.com\/br\/wp-json\/wp\/v2\/categories?post=116605"},{"taxonomy":"post_tag","embeddable":true,"href":"https:\/\/grandepremio.com\/br\/wp-json\/wp\/v2\/tags?post=116605"},{"taxonomy":"42wp_author","embeddable":true,"href":"https:\/\/grandepremio.com\/br\/wp-json\/wp\/v2\/42wp_author?post=116605"}],"curies":[{"name":"wp","href":"https:\/\/api.w.org\/{rel}","templated":true}]}}