{"id":116628,"date":"2021-11-04T12:03:47","date_gmt":"2021-11-04T15:03:47","guid":{"rendered":"https:\/\/grandepremio.com\/br\/noticias\/jorge-martin-volta-portimao-apos-grave-acidente-prega-cautela-aprendi-muito\/"},"modified":"2021-11-04T12:03:54","modified_gmt":"2021-11-04T15:03:54","slug":"jorge-martin-volta-portimao-apos-grave-acidente-prega-cautela-aprendi-muito","status":"publish","type":"post","link":"https:\/\/grandepremio.com\/br\/motogp\/jorge-martin-volta-portimao-apos-grave-acidente-prega-cautela-aprendi-muito\/","title":{"rendered":"Mart\u00edn volta a Portim\u00e3o ap\u00f3s grave acidente e prega cautela: &#8220;Aprendi muito&#8221;"},"content":{"rendered":"\n<figure class=\"wp-block-embed is-type-video is-provider-youtube wp-block-embed-youtube wp-embed-aspect-16-9 wp-has-aspect-ratio\"><div class=\"wp-block-embed__wrapper\">\n<iframe loading=\"lazy\" title=\"AUMENTO NA IDADE M\u00cdNIMA \u00c9 REA\u00c7\u00c3O NECESS\u00c1RIAS A TRAG\u00c9DIAS DO MOTOCICLISMO | GP \u00e0s 10\" width=\"500\" height=\"281\" src=\"https:\/\/www.youtube.com\/embed\/-4sM3dmnPa8?feature=oembed\" frameborder=\"0\" allow=\"accelerometer; autoplay; clipboard-write; encrypted-media; gyroscope; picture-in-picture; web-share\" referrerpolicy=\"strict-origin-when-cross-origin\" allowfullscreen><\/iframe>\n<\/div><figcaption>AUMENTO NA IDADE M\u00cdNIMA \u00c9 REA\u00c7\u00c3O NECESS\u00c1RIAS A TRAG\u00c9DIAS DO MOTOCICLISMO | GP \u00e0s 10<\/figcaption><\/figure>\n\n\n\n<p class=\"wp-block-paragraph\">A MotoGP volta ao circuito de Portim\u00e3o neste fim de semana. No in\u00edcio do ano, a veloz pista portuguesa ocasionou um grave acidente com Jorge Mart\u00edn, tirando-o do campeonato por quatro etapas. Agora, o piloto da Pramac espera ter melhor sorte no Algarve.<\/p>\n\n\n\n<p class=\"wp-block-paragraph\">No acidente sofrido, Mart\u00edn fraturou diversas ossos da m\u00e3o direita e do p\u00e9. Depois disso, voltou a acelerar na MotoGP, fez poles seguidas na \u00c1ustria, venceu pela primeira vez, mas admite que temeu pelo fim da carreira.<\/p>\n\n\n\n<p class=\"wp-block-paragraph\">&#8220;Acho que foi o melhor e o pior ano da minha vida. Vivi mais coisas do que em toda minha vida. A les\u00e3o quase mudou minha vida porque pensei que n\u00e3o estaria em uma moto da MotoGP novamente. Depois, os p\u00f3dios consecutivos e as poles foram inacredit\u00e1veis. Gra\u00e7as \u00e0 moto [Ducati] sigo vivendo meu sonho&#8221;, disse o espanhol.<\/p>\n\n\n\n<figure class=\"wp-block-image size-large\"><img decoding=\"async\" src=\"https:\/\/www.grandepremio.com\/br\/wp-content\/uploads\/2021\/10\/A9X1345-1024x683.jpg\" alt=\"\" class=\"wp-image-518807\"\/><figcaption>Jorge Mart\u00edn fez poles, p\u00f3dios e at\u00e9 venceu depois do acidente (Foto: Pramac)<\/figcaption><\/figure>\n\n\n\n<p class=\"wp-block-paragraph\"><strong>\u25b6\ufe0f\u00a0Inscreva-se nos dois canais do GRANDE PR\u00caMIO no YouTube:\u00a0<a href=\"https:\/\/www.youtube.com\/channel\/UC9OlHEgxoaY6QY6nWPoiqQg?sub_confirmation=1\" target=\"_blank\" rel=\"noreferrer noopener\">GP<\/a>\u00a0|\u00a0<a href=\"https:\/\/www.youtube.com\/channel\/UC9csiS6q_C3C0FYhyr1rnFA?sub_confirmation=1\" target=\"_blank\" rel=\"noreferrer noopener\">GP2<\/a><\/strong><\/p>\n\n\n\n<p class=\"wp-block-paragraph\">&#8220;Esta primeira temporada foi um sucesso porque tive um bom equil\u00edbrio com a moto, um encaixe perfeito desde o in\u00edcio, mesmo que eu esperasse mais dificuldades com a Ducati porque, no passado, outros novatos tamb\u00e9m sofreram. Conquistar um p\u00f3dio na segunda corrida foi \u00f3timo, mas depois tive a les\u00e3o e n\u00e3o esperava retornar ao p\u00f3dio neste ano&#8221;, completou.<\/p>\n\n\n\n<p class=\"wp-block-paragraph\">Questionado sobre o retorno a Portim\u00e3o ap\u00f3s a les\u00e3o, Mart\u00edn admitiu que ser\u00e1 bem cauteloso durante o fim de semana.<\/p>\n\n\n\n<p class=\"wp-block-paragraph\">&#8220;Desde ent\u00e3o, aprendi muito e mudei minha vis\u00e3o sobre como chegar nas etapas. Quando chegar na sexta-feira, estarei muito mais calmo e pensarei onde melhorar e onde arriscar porque n\u00e3o quero cometer o mesmo erro&#8221;, finalizou.<\/p>\n\n\n\n<p class=\"wp-block-paragraph\">A MotoGP volta \u00e0s pistas no pr\u00f3ximo dia 7 de novembro para o GP do Algarve, em&nbsp;<a href=\"https:\/\/www.grandepremio.com\/br\/etapa\/f1\/gp-de-portugal-formula-1-2020\/\" target=\"_blank\" rel=\"noreferrer noopener\">Portim\u00e3o<\/a>. O&nbsp;<strong>GRANDE PR\u00caMIO<\/strong>&nbsp;<a href=\"https:\/\/www.grandepremio.com\/br\/motogp\/ultimas-noticias\/\" target=\"_blank\" rel=\"noreferrer noopener\">acompanha todas as atividades<\/a>&nbsp;do Mundial de&nbsp;<a href=\"https:\/\/www.grandepremio.com\/br\/motogp\/\" target=\"_blank\" rel=\"noreferrer noopener\">Motovelocidade<\/a>&nbsp;2021.<\/p>\n\n\n\n<p class=\"wp-block-paragraph\"><strong>LEIA TAMB\u00c9M<br>#<a href=\"https:\/\/www.grandepremio.com\/br\/motogp\/noticias\/fabio-quartararo-renasce-apos-derrota-dolorida-conquista-merecido-titulo-motogp-2021\/\">\u00a0Quartararo renasce ap\u00f3s derrota dolorida e conquista merecido t\u00edtulo na\u00a0MotoGP\u00a02021<\/a><br>#\u00a0<a href=\"https:\/\/www.grandepremio.com\/br\/motogp\/noticias\/fabio-quartararo-justifica-aposta-tira-yamaha-fila-apos-cinco-anos-jejum-motogp\/\">Quartararo justifica aposta e tira\u00a0<\/a><a href=\"https:\/\/www.grandepremio.com\/br\/equipe\/motogp\/2020\/monster-energy-yamaha-motogp\/\" target=\"_blank\" rel=\"noreferrer noopener\">Yamaha<\/a><a href=\"https:\/\/www.grandepremio.com\/br\/motogp\/noticias\/fabio-quartararo-justifica-aposta-tira-yamaha-fila-apos-cinco-anos-jejum-motogp\/\">\u00a0da fila ap\u00f3s cinco anos de jejum na MotoGP<\/a><\/strong><br>#\u00a0<strong><a href=\"https:\/\/www.grandepremio.com\/br\/motogp\/noticias\/marc-marquez-vence-fora-zona-de-conforto-ganha-folego-recuperacao-motogp\/\">Marc M\u00e1rquez vence fora da zona de conforto e ganha f\u00f4lego em recupera\u00e7\u00e3o na MotoGP<\/a><\/strong><br>#\u00a0<strong><a href=\"https:\/\/www.grandepremio.com\/br\/motogp\/noticias\/podio-pol-espargaro-melhor-noticia-para-honda-do-que-vitorias-marc-marquez\/\">P\u00f3dio de\u00a0<\/a><a href=\"https:\/\/www.grandepremio.com\/br\/piloto\/pol-espargaro\/\" target=\"_blank\" rel=\"noreferrer noopener\">Pol Espargar\u00f3<\/a><a href=\"https:\/\/www.grandepremio.com\/br\/motogp\/noticias\/podio-pol-espargaro-melhor-noticia-para-honda-do-que-vitorias-marc-marquez\/\">\u00a0\u00e9 t\u00e3o importante para Honda quanto vit\u00f3rias de Marc M\u00e1rquez<\/a><\/strong><br>#\u00a0<strong><a href=\"https:\/\/www.grandepremio.com\/br\/motogp\/noticias\/fim-precisa-adotar-superlicenca-selecionar-quem-pode-correr-motogp\/\">FIM precisa adotar superlicen\u00e7a para selecionar melhor quem pode correr na MotoGP<\/a><\/strong><br>#\u00a0<strong><a href=\"https:\/\/www.grandepremio.com\/br\/motogp\/noticias\/yamaha-ducati-enfrentam-reta-final-2021-titulos-construtores-equipes\/\">Yamaha e Ducati se enfrentam na reta final de 2021 por t\u00edtulos de Construtores e Equipes<\/a><\/strong><br>#\u00a0<strong><a href=\"https:\/\/www.grandepremio.com\/br\/motogp\/noticias\/franco-morbidelli-mostra-sinais-recuperacao-fortalece-planejamento-2022-yamaha\/\">Morbidelli mostra sinais de recupera\u00e7\u00e3o e fortalece planejamento de 2022 com Yamaha<\/a><\/strong><\/p>\n\n\n\n<figure class=\"wp-block-embed is-type-video is-provider-youtube wp-block-embed-youtube wp-embed-aspect-16-9 wp-has-aspect-ratio\"><div class=\"wp-block-embed__wrapper\">\n<iframe loading=\"lazy\" title=\"DUCATI ABUSA DE ERROS E PERDE OUTRO T\u00cdTULO NA MOTOGP | GP \u00e0s 10\" width=\"500\" height=\"281\" src=\"https:\/\/www.youtube.com\/embed\/Q0xGgwdBn9U?feature=oembed\" frameborder=\"0\" allow=\"accelerometer; autoplay; clipboard-write; encrypted-media; gyroscope; picture-in-picture; web-share\" referrerpolicy=\"strict-origin-when-cross-origin\" allowfullscreen><\/iframe>\n<\/div><figcaption>DUCATI ABUSA DE ERROS E PERDE OUTRO T\u00cdTULO NA MOTOGP | GP \u00e0s 10<\/figcaption><\/figure>\n","protected":false},"excerpt":{"rendered":"<p>A MotoGP j\u00e1 passou por Portim\u00e3o na atual temporada e o circuito portugu\u00eas n\u00e3o traz boas mem\u00f3rias para Jorge Mart\u00edn. Agora, o piloto da Pramac espera passar pelo fim de semana sem sofrer novos acidentes<\/p>\n","protected":false},"author":0,"featured_media":1000464288,"comment_status":"closed","ping_status":"closed","sticky":false,"template":"","format":"standard","meta":{"42wp_featured_image_caption":"","42wp_featured_image_credits":"","42wp_featured_video":"","42wp_featured_image_hidden":false,"42wp_authors_list":[],"footnotes":""},"categories":[8],"tags":[131,28517,25552,79,78,490,24850,25819,26690,25065,136],"42wp_author":[47135],"class_list":["post-116628","post","type-post","status-publish","format-standard","has-post-thumbnail","hentry","category-motogp","tag-ducati","tag-gp-do-algarve","tag-jorge-martin-2","tag-moto-gp","tag-motogp","tag-motogp-2021","tag-motogp-fox-sports","tag-motogp-hoje","tag-pilotos-motogp","tag-portimao-2","tag-pramac","42wp_author-pedro-luis-cuenca"],"_links":{"self":[{"href":"https:\/\/grandepremio.com\/br\/wp-json\/wp\/v2\/posts\/116628","targetHints":{"allow":["GET"]}}],"collection":[{"href":"https:\/\/grandepremio.com\/br\/wp-json\/wp\/v2\/posts"}],"about":[{"href":"https:\/\/grandepremio.com\/br\/wp-json\/wp\/v2\/types\/post"}],"replies":[{"embeddable":true,"href":"https:\/\/grandepremio.com\/br\/wp-json\/wp\/v2\/comments?post=116628"}],"version-history":[{"count":0,"href":"https:\/\/grandepremio.com\/br\/wp-json\/wp\/v2\/posts\/116628\/revisions"}],"wp:featuredmedia":[{"embeddable":true,"href":"https:\/\/grandepremio.com\/br\/wp-json\/wp\/v2\/media\/1000464288"}],"wp:attachment":[{"href":"https:\/\/grandepremio.com\/br\/wp-json\/wp\/v2\/media?parent=116628"}],"wp:term":[{"taxonomy":"category","embeddable":true,"href":"https:\/\/grandepremio.com\/br\/wp-json\/wp\/v2\/categories?post=116628"},{"taxonomy":"post_tag","embeddable":true,"href":"https:\/\/grandepremio.com\/br\/wp-json\/wp\/v2\/tags?post=116628"},{"taxonomy":"42wp_author","embeddable":true,"href":"https:\/\/grandepremio.com\/br\/wp-json\/wp\/v2\/42wp_author?post=116628"}],"curies":[{"name":"wp","href":"https:\/\/api.w.org\/{rel}","templated":true}]}}