{"id":116635,"date":"2021-11-04T09:30:00","date_gmt":"2021-11-04T12:30:00","guid":{"rendered":"https:\/\/grandepremio.com\/br\/noticias\/sergio-perez-tem-corrida-especial-mexico-mas-briga-pelo-podio-afirma-gabriel-carvalho\/"},"modified":"2021-11-03T12:18:43","modified_gmt":"2021-11-03T15:18:43","slug":"sergio-perez-tem-corrida-especial-mexico-mas-briga-pelo-podio-afirma-gabriel-carvalho","status":"publish","type":"post","link":"https:\/\/grandepremio.com\/br\/f1\/sergio-perez-tem-corrida-especial-mexico-mas-briga-pelo-podio-afirma-gabriel-carvalho\/","title":{"rendered":"P\u00e9rez tem corrida especial no M\u00e9xico, mas briga \u00e9 s\u00f3 pelo p\u00f3dio, afirma Gabriel Carvalho"},"content":{"rendered":"\n<p class=\"wp-block-paragraph\">Sergio P\u00e9rez chega ao GP do M\u00e9xico, seu pa\u00eds natal, em boa fase na temporada da F\u00f3rmula 1 depois de conquistar dois p\u00f3dios seguidos. Em casa, o piloto da Red Bull tem a chance de andar bem novamente, mas a vit\u00f3ria \u00e9 algo distante. O assunto foi abordado por Gabriel Carvalho no Paddock GP #263.<\/p>\n\n\n\n<p class=\"wp-block-paragraph\"><strong>Assista ao trecho completo abaixo:<\/strong><\/p>\n\n\n\n<figure class=\"wp-block-embed is-type-video is-provider-youtube wp-block-embed-youtube wp-embed-aspect-16-9 wp-has-aspect-ratio\"><div class=\"wp-block-embed__wrapper\">\n<iframe loading=\"lazy\" title=\"F1 CHEGA AO M\u00c9XICO + HAMILTON x VERSTAPPEN \u00c9 NOVO SENNA x PROST? | Paddock GP #263\" width=\"500\" height=\"281\" src=\"https:\/\/www.youtube.com\/embed\/uOb6RuCrB-U?start=1680&amp;feature=oembed\" frameborder=\"0\" allow=\"accelerometer; autoplay; clipboard-write; encrypted-media; gyroscope; picture-in-picture; web-share\" referrerpolicy=\"strict-origin-when-cross-origin\" allowfullscreen><\/iframe>\n<\/div><figcaption>F1 CHEGA AO M\u00c9XICO + HAMILTON x VERSTAPPEN \u00c9 NOVO SENNA x PROST? | Paddock GP\u00a0<a href=\"https:\/\/www.youtube.com\/hashtag\/263\">#263<\/a><\/figcaption><\/figure>\n\n\n\n<p class=\"wp-block-paragraph\"><strong>\u25b6\ufe0f&nbsp;Inscreva-se nos dois canais do GRANDE PR\u00caMIO no YouTube:&nbsp;<a href=\"https:\/\/www.youtube.com\/channel\/UC9OlHEgxoaY6QY6nWPoiqQg?sub_confirmation=1\" target=\"_blank\" rel=\"noreferrer noopener\">GP<\/a>&nbsp;|&nbsp;<a href=\"https:\/\/www.youtube.com\/channel\/UC9csiS6q_C3C0FYhyr1rnFA?sub_confirmation=1\" target=\"_blank\" rel=\"noreferrer noopener\">GP2<\/a><\/strong><\/p>\n\n\n\n<p class=\"wp-block-paragraph\"><strong>Conhe\u00e7a o canal do Grande Pr\u00eamio no YouTube! Clique&nbsp;<a target=\"_blank\" href=\"https:\/\/youtube.com\/GrandePremioTV\" rel=\"noreferrer noopener\">aqui<\/a>.<br>Siga o Grande Pr\u00eamio no&nbsp;<a target=\"_blank\" href=\"https:\/\/twitter.com\/grandepremio\" rel=\"noreferrer noopener\">Twitter&nbsp;<\/a>e no&nbsp;<a target=\"_blank\" href=\"https:\/\/instagram.com\/grandepremio\" rel=\"noreferrer noopener\">Instagram<\/a>!<\/strong><\/p>\n","protected":false},"excerpt":{"rendered":"<p>Depois de dois p\u00f3dios consecutivos, Sergio P\u00e9rez chega em alta no M\u00e9xico, mas deve passar longe da briga pela vit\u00f3ria. O assunto foi abordado no Paddock GP #263<\/p>\n","protected":false},"author":0,"featured_media":1000520538,"comment_status":"closed","ping_status":"closed","sticky":false,"template":"","format":"standard","meta":{"42wp_featured_image_caption":"","42wp_featured_image_credits":"","42wp_featured_video":"","42wp_featured_image_hidden":false,"42wp_authors_list":[],"footnotes":""},"categories":[2],"tags":[147,156,24837,25536,24918,24836,1537,204,24863,27179],"42wp_author":[47135],"class_list":["post-116635","post","type-post","status-publish","format-standard","has-post-thumbnail","hentry","category-f1","tag-f1","tag-f1-2021","tag-formula-1-2","tag-formula-1-2021-2","tag-gp-do-mexico-2","tag-grande-premio-2","tag-paddock-gp","tag-red-bull","tag-sergio-perez-2","tag-temporada-f1-2021","42wp_author-pedro-luis-cuenca"],"_links":{"self":[{"href":"https:\/\/grandepremio.com\/br\/wp-json\/wp\/v2\/posts\/116635","targetHints":{"allow":["GET"]}}],"collection":[{"href":"https:\/\/grandepremio.com\/br\/wp-json\/wp\/v2\/posts"}],"about":[{"href":"https:\/\/grandepremio.com\/br\/wp-json\/wp\/v2\/types\/post"}],"replies":[{"embeddable":true,"href":"https:\/\/grandepremio.com\/br\/wp-json\/wp\/v2\/comments?post=116635"}],"version-history":[{"count":0,"href":"https:\/\/grandepremio.com\/br\/wp-json\/wp\/v2\/posts\/116635\/revisions"}],"wp:featuredmedia":[{"embeddable":true,"href":"https:\/\/grandepremio.com\/br\/wp-json\/wp\/v2\/media\/1000520538"}],"wp:attachment":[{"href":"https:\/\/grandepremio.com\/br\/wp-json\/wp\/v2\/media?parent=116635"}],"wp:term":[{"taxonomy":"category","embeddable":true,"href":"https:\/\/grandepremio.com\/br\/wp-json\/wp\/v2\/categories?post=116635"},{"taxonomy":"post_tag","embeddable":true,"href":"https:\/\/grandepremio.com\/br\/wp-json\/wp\/v2\/tags?post=116635"},{"taxonomy":"42wp_author","embeddable":true,"href":"https:\/\/grandepremio.com\/br\/wp-json\/wp\/v2\/42wp_author?post=116635"}],"curies":[{"name":"wp","href":"https:\/\/api.w.org\/{rel}","templated":true}]}}