{"id":116636,"date":"2021-11-04T08:29:37","date_gmt":"2021-11-04T11:29:37","guid":{"rendered":"https:\/\/grandepremio.com\/br\/noticias\/nico-hulkenberg-recusa-indy-apos-realizar-teste-segue-futuro-carreira-indefinido\/"},"modified":"2021-11-04T08:30:44","modified_gmt":"2021-11-04T11:30:44","slug":"nico-hulkenberg-recusa-indy-apos-realizar-teste-segue-futuro-carreira-indefinido","status":"publish","type":"post","link":"https:\/\/grandepremio.com\/br\/indy\/nico-hulkenberg-recusa-indy-apos-realizar-teste-segue-futuro-carreira-indefinido\/","title":{"rendered":"H\u00fclkenberg recusa Indy ap\u00f3s realizar teste e segue com futuro da carreira indefinido"},"content":{"rendered":"\n<figure class=\"wp-block-embed is-type-video is-provider-youtube wp-block-embed-youtube wp-embed-aspect-16-9 wp-has-aspect-ratio\"><div class=\"wp-block-embed__wrapper\">\n<iframe loading=\"lazy\" title=\"INDY: H\u00dcLKENBERG TESTA, E DISNEY SE APROXIMA DE ACORDO NO BRASIL | Paddock Plus\" width=\"500\" height=\"281\" src=\"https:\/\/www.youtube.com\/embed\/w1jWUWxrLRE?feature=oembed\" frameborder=\"0\" allow=\"accelerometer; autoplay; clipboard-write; encrypted-media; gyroscope; picture-in-picture; web-share\" referrerpolicy=\"strict-origin-when-cross-origin\" allowfullscreen><\/iframe>\n<\/div><figcaption>H\u00dcLKENBERG TESTA, E DISNEY SE APROXIMA DE ACORDO COM INDY NO BRASIL | Paddock Plus<\/figcaption><\/figure>\n\n\n\n<p class=\"wp-block-paragraph\">Depois de ter <a href=\"https:\/\/www.grandepremio.com\/br\/indy\/noticias\/nico-hulkenberg-testa-indy-e-encabeca-lista-mclaren-assumir-terceiro-carro\/\">participado de um teste<\/a> com a McLaren, em Barber, Nico H\u00fclkenberg segue com o futuro da carreira indefinido. Em uma mensagem publicada nas redes sociais na manh\u00e3 desta quinta-feira (4), o alem\u00e3o afirmou que n\u00e3o vai seguir no projeto e que &#8220;por raz\u00f5es pessoais&#8221; n\u00e3o vai correr na Indy na pr\u00f3xima temporada.<\/p>\n\n\n\n<p class=\"wp-block-paragraph\">Nico H\u00fclkenberg deu 108 voltas pela McLaren em seu primeiro teste na Indy, realizado no circuito de Barber, no Alabama, no dia 25 de outubro. O alem\u00e3o de 34 anos tem experi\u00eancia de 179 largadas pela F\u00f3rmula 1, mas n\u00e3o \u00e9 titular da categoria desde 2019, quando deixou a Renault. Sua \u00faltima corrida foi o GP de Eifel, em 2020, como substituto, pela Racing Point.<\/p>\n\n\n\n<p class=\"wp-block-paragraph\"><strong>\u25b6\ufe0f\u00a0Inscreva-se nos dois canais do GRANDE PR\u00caMIO no YouTube:\u00a0<a href=\"https:\/\/www.youtube.com\/channel\/UC9OlHEgxoaY6QY6nWPoiqQg?sub_confirmation=1\" target=\"_blank\" rel=\"noreferrer noopener\">GP<\/a>\u00a0|\u00a0<a href=\"https:\/\/www.youtube.com\/channel\/UC9csiS6q_C3C0FYhyr1rnFA?sub_confirmation=1\" target=\"_blank\" rel=\"noreferrer noopener\">GP2<\/a><\/strong><\/p>\n\n\n\n<figure class=\"wp-block-image size-large\"><img decoding=\"async\" src=\"https:\/\/www.grandepremio.com\/br\/wp-content\/uploads\/2021\/10\/Nico-Hulkenberg-1024x683.jpg\" alt=\"\" class=\"wp-image-520020\"\/><figcaption>Nico H\u00fclkenberg testou pela McLaren na Indy (Foto: Indycar)<\/figcaption><\/figure>\n\n\n\n<p class=\"wp-block-paragraph\">&#8220;Fiquei empolgado com o teste feito na Indy na semana passada e sou grato \u00e0 McLaren por essa oportunidade. Por\u00e9m, por raz\u00f5es pessoais, decidi n\u00e3o seguir adiante. Vou mant\u00ea-los atualizados sobre meus planos futuros&#8221;, escreveu H\u00fclkenberg nas redes sociais.<\/p>\n\n\n\n<p class=\"wp-block-paragraph\">Ap\u00f3s o dia de testes em Barber com o carro #7, guiado na Indy pelo sueco Felix Rosenqvist, H\u00fclkenberg <a href=\"https:\/\/www.grandepremio.com\/br\/indy\/noticias\/nico-hulkenberg-valoriza-desafio-fisico-primeiro-teste-divertido-indy\/\">elogiou o desafio f\u00edsico dos b\u00f3lidos da categoria<\/a>, e viu melhora em seu desempenho ao longo do dia. O veterano alem\u00e3o j\u00e1 tinha indicado tamb\u00e9m que n\u00e3o faria as etapas em ovais, que representam cinco das 17 provas para o ano que vem.<\/p>\n\n\n\n<p class=\"wp-block-paragraph\">A McLaren segue com o plano de aumentar para tr\u00eas pilotos de maneira integral para a temporada 2023, ao lado de Patricio O&#8217;Ward e Felix Rosenqvist. Assim como neste ano, o time vai andar na Indy 500 com Juan Pablo Montoya no terceiro carro.<\/p>\n\n\n\n<figure class=\"wp-block-embed is-type-video is-provider-youtube wp-block-embed-youtube wp-embed-aspect-16-9 wp-has-aspect-ratio\"><div class=\"wp-block-embed__wrapper\">\n<iframe loading=\"lazy\" title=\"QUEM \u00c9 RANDY LANIER, O PILOTO TRAFICANTE RETRATADO EM S\u00c9RIE DA NETFLIX?\" width=\"500\" height=\"281\" src=\"https:\/\/www.youtube.com\/embed\/AtzdxMk9vOs?feature=oembed\" frameborder=\"0\" allow=\"accelerometer; autoplay; clipboard-write; encrypted-media; gyroscope; picture-in-picture; web-share\" referrerpolicy=\"strict-origin-when-cross-origin\" allowfullscreen><\/iframe>\n<\/div><figcaption>QUEM \u00c9 RANDY LANIER, O PILOTO TRAFICANTE RETRATADO EM S\u00c9RIE DA NETFLIX?<\/figcaption><\/figure>\n","protected":false},"excerpt":{"rendered":"<p>Nico H\u00fclkenberg testou o carro da McLaren na Indy no fim de outubro e saiu empolgado com a oportunidade. Dias depois, por\u00e9m, alegou quest\u00f5es pessoais para desistir do projeto<\/p>\n","protected":false},"author":0,"featured_media":1000520021,"comment_status":"closed","ping_status":"closed","sticky":false,"template":"","format":"standard","meta":{"42wp_featured_image_caption":"","42wp_featured_image_credits":"","42wp_featured_video":"","42wp_featured_image_hidden":false,"42wp_authors_list":[],"footnotes":""},"categories":[3],"tags":[93,5601,2209,4528,94,29495,90,25514],"42wp_author":[47135],"class_list":["post-116636","post","type-post","status-publish","format-standard","has-post-thumbnail","hentry","category-indy","tag-indy","tag-indy-2021","tag-indy-2022","tag-indy-car","tag-indycar","tag-indycar-2022","tag-mclaren","tag-nico-hulkenberg-2","42wp_author-pedro-luis-cuenca"],"_links":{"self":[{"href":"https:\/\/grandepremio.com\/br\/wp-json\/wp\/v2\/posts\/116636","targetHints":{"allow":["GET"]}}],"collection":[{"href":"https:\/\/grandepremio.com\/br\/wp-json\/wp\/v2\/posts"}],"about":[{"href":"https:\/\/grandepremio.com\/br\/wp-json\/wp\/v2\/types\/post"}],"replies":[{"embeddable":true,"href":"https:\/\/grandepremio.com\/br\/wp-json\/wp\/v2\/comments?post=116636"}],"version-history":[{"count":0,"href":"https:\/\/grandepremio.com\/br\/wp-json\/wp\/v2\/posts\/116636\/revisions"}],"wp:featuredmedia":[{"embeddable":true,"href":"https:\/\/grandepremio.com\/br\/wp-json\/wp\/v2\/media\/1000520021"}],"wp:attachment":[{"href":"https:\/\/grandepremio.com\/br\/wp-json\/wp\/v2\/media?parent=116636"}],"wp:term":[{"taxonomy":"category","embeddable":true,"href":"https:\/\/grandepremio.com\/br\/wp-json\/wp\/v2\/categories?post=116636"},{"taxonomy":"post_tag","embeddable":true,"href":"https:\/\/grandepremio.com\/br\/wp-json\/wp\/v2\/tags?post=116636"},{"taxonomy":"42wp_author","embeddable":true,"href":"https:\/\/grandepremio.com\/br\/wp-json\/wp\/v2\/42wp_author?post=116636"}],"curies":[{"name":"wp","href":"https:\/\/api.w.org\/{rel}","templated":true}]}}