{"id":116649,"date":"2021-11-03T10:12:16","date_gmt":"2021-11-03T13:12:16","guid":{"rendered":"https:\/\/grandepremio.com\/br\/noticias\/porsche-admite-conversa-seriamente-entrada-f1-nao-segredo\/"},"modified":"2021-11-03T11:52:38","modified_gmt":"2021-11-03T14:52:38","slug":"porsche-admite-conversa-seriamente-entrada-f1-nao-segredo","status":"publish","type":"post","link":"https:\/\/grandepremio.com\/br\/f1\/porsche-admite-conversa-seriamente-entrada-f1-nao-segredo\/","title":{"rendered":"Porsche admite que &#8220;conversa seriamente&#8221; sobre poss\u00edvel entrada na F1: &#8220;N\u00e3o \u00e9 segredo&#8221;"},"content":{"rendered":"\n<figure class=\"wp-block-embed is-type-video is-provider-youtube wp-block-embed-youtube wp-embed-aspect-16-9 wp-has-aspect-ratio\"><div class=\"wp-block-embed__wrapper\">\n<iframe loading=\"lazy\" title=\"QUEM \u00c9 RANDY LANIER, O PILOTO TRAFICANTE RETRATADO EM S\u00c9RIE DA NETFLIX?\" width=\"500\" height=\"281\" src=\"https:\/\/www.youtube.com\/embed\/AtzdxMk9vOs?feature=oembed\" frameborder=\"0\" allow=\"accelerometer; autoplay; clipboard-write; encrypted-media; gyroscope; picture-in-picture; web-share\" referrerpolicy=\"strict-origin-when-cross-origin\" allowfullscreen><\/iframe>\n<\/div><figcaption>QUEM \u00c9 RANDY LANIER, O PILOTO TRAFICANTE RETRATADO EM S\u00c9RIE DA NETFLIX?<\/figcaption><\/figure>\n\n\n\n<p class=\"wp-block-paragraph\">O interesse da Porsche em voltar \u00e0 F\u00f3rmula 1 a partir da temporada 2025 nem sequer \u00e9 mais um segredo. Ap\u00f3s meses de discuss\u00f5es na imprensa e reuni\u00f5es onde Porsche e Audi estiveram juntas das fornecedoras de motor atuais e a FIA, agora a f\u00e1brica admite oficialmente o que j\u00e1 se sabe: quer fazer parte do Mundial quando a nova gera\u00e7\u00e3o de motores estrear.<\/p>\n\n\n\n<p class=\"wp-block-paragraph\">H\u00e1 at\u00e9 quem aposte que a Porsche pode reeditar a parceria com a McLaren. E se quer saber <a href=\"https:\/\/www.sites-de-apostas.net\/betfair-deposito\">tudo sobre como depositar na Betfair<\/a>, os detalhes est\u00e3o ali.<\/p>\n\n\n\n<p class=\"wp-block-paragraph\"><strong>\u25b6\ufe0f&nbsp;Inscreva-se nos dois canais do GRANDE PR\u00caMIO no YouTube:&nbsp;<a href=\"https:\/\/www.youtube.com\/channel\/UC9OlHEgxoaY6QY6nWPoiqQg?sub_confirmation=1\" target=\"_blank\" rel=\"noreferrer noopener\">GP<\/a>&nbsp;|&nbsp;<a href=\"https:\/\/www.youtube.com\/channel\/UC9csiS6q_C3C0FYhyr1rnFA?sub_confirmation=1\" target=\"_blank\" rel=\"noreferrer noopener\">GP2<\/a><\/strong><\/p>\n\n\n\n<p class=\"wp-block-paragraph\">Quem falou sobre o assunto foi o vice-presidente de esporte a motor Thomas Laudenbach. O executivo admitiu que o desejo atual da Porsche \u00e9 entrar no mundo da F\u00f3rmula 1, embora o martelo ainda n\u00e3o tenha sido batido.<\/p>\n\n\n\n<p class=\"wp-block-paragraph\">&#8220;N\u00e3o \u00e9 um segredo que estamos pensando na F1. N\u00e3o \u00e9 um segredo que estamos conversando com a FIA e n\u00e3o \u00e9 um segredo em que p\u00e9 estamos, vamos dizer, considerando seriamente. Mas nenhuma decis\u00e3o foi tomada. Do que eu sei, muitas coisas est\u00e3o no caminho certo no que diz respeito \u00e0 F\u00f3rmula 1&#8221;, disse.<\/p>\n\n\n\n<p class=\"wp-block-paragraph\">Mas Laudenbach tamb\u00e9m deu uma pressionada. Segundo ele, a decis\u00e3o das outras fabricantes e da FIA, com rela\u00e7\u00e3o a como ser\u00e1 a nova gera\u00e7\u00e3o de motores, n\u00e3o pode demorar muito mais. Afinal, o trabalho precisa come\u00e7ar bem antes de 2025.<\/p>\n\n\n\n<figure class=\"wp-block-image size-large\"><img decoding=\"async\" src=\"https:\/\/www.grandepremio.com\/br\/wp-content\/uploads\/2021\/10\/Porsche5-1024x576.png\" alt=\"\" class=\"wp-image-520275\"\/><figcaption>O carro da Porsche na F\u00f3rmula E: a f\u00e1brica vir\u00e1 para a F1? (Foto: Porsche Motorsport)<\/figcaption><\/figure>\n\n\n\n<figure class=\"wp-block-embed is-type-rich is-provider-spotify wp-block-embed-spotify wp-embed-aspect-21-9 wp-has-aspect-ratio\"><div class=\"wp-block-embed__wrapper\">\n<iframe title=\"Spotify Embed: Paddockast #127: Verstappen est\u00e1 pronto para ser campe\u00e3o da F1?\" style=\"border-radius: 12px\" width=\"100%\" height=\"152\" frameborder=\"0\" allowfullscreen allow=\"autoplay; clipboard-write; encrypted-media; fullscreen; picture-in-picture\" loading=\"lazy\" src=\"https:\/\/open.spotify.com\/embed\/episode\/1TnTcbxlF2Gj7ZPEE1IXTB?utm_source=oembed\"><\/iframe>\n<\/div><figcaption>Paddockast #127: Verstappen est\u00e1 pronto para ser campe\u00e3o da F1?<\/figcaption><\/figure>\n\n\n\n<p class=\"wp-block-paragraph\">&#8220;Uma coisa est\u00e1 clara: se essa for a decis\u00e3o [entrar na F1], n\u00e3o podemos esperar muito, porque, se quisermos correr em 2025, precisamos come\u00e7ar at\u00e9 certo momento. \u00c9 nesse ponto que estamos&#8221;, admitiu.<\/p>\n\n\n\n<p class=\"wp-block-paragraph\">&#8220;Se algu\u00e9m realmente considera entrar neste campeonato como uma fabricante de unidade motriz, voc\u00ea sempre deve combinar isso com uma grande mudan\u00e7a nas regras para que todo mundo d\u00ea esse passo ao mesmo tempo e n\u00e3o seja voc\u00ea sozinho&#8221;, seguiu.<\/p>\n\n\n\n<p class=\"wp-block-paragraph\">&#8220;E tamb\u00e9m n\u00e3o \u00e9 um segredo que a F\u00f3rmula 1 \u00e9 extremamente forte na compara\u00e7\u00e3o com as outras categorias quando os assuntos s\u00e3o valores de marketing e envolvimento com os f\u00e3s. N\u00e3o \u00e9 nem compar\u00e1vel&#8221;, finalizou.<\/p>\n\n\n\n<p class=\"wp-block-paragraph\">A F1 dos dias atuais segue para as \u00faltimas cinco corridas da temporada e j\u00e1 realiza o GP do M\u00e9xico no pr\u00f3ximo fim de semana. O <strong>GRANDE PR\u00caMIO<\/strong> acompanha todas as atividades <a href=\"https:\/\/www.grandepremio.com\/br\/f1\/ao-vivo\"><strong>AO VIVO<\/strong> e <strong>EM TEMPO REAL<\/strong><\/a>.<\/p>\n\n\n\n<figure class=\"wp-block-embed is-type-video is-provider-youtube wp-block-embed-youtube wp-embed-aspect-16-9 wp-has-aspect-ratio\"><div class=\"wp-block-embed__wrapper\">\n<iframe loading=\"lazy\" title=\"WILLIAMS-AUDI E McLAREN-PORSCHE: \u00c9 POSS\u00cdVEL A PARTIR DE 2025-2026 NA F1?\" width=\"500\" height=\"281\" src=\"https:\/\/www.youtube.com\/embed\/wSn9B2RxI3Y?feature=oembed\" frameborder=\"0\" allow=\"accelerometer; autoplay; clipboard-write; encrypted-media; gyroscope; picture-in-picture; web-share\" referrerpolicy=\"strict-origin-when-cross-origin\" allowfullscreen><\/iframe>\n<\/div><figcaption>WILLIAMS-AUDI E McLAREN-PORSCHE: \u00c9 POSS\u00cdVEL A PARTIR DE 2025-2026 NA F1?<\/figcaption><\/figure>\n\n\n\n<p class=\"wp-block-paragraph\"><strong>Conhe\u00e7a o canal do Grande Pr\u00eamio no YouTube! Clique&nbsp;<a target=\"_blank\" href=\"https:\/\/youtube.com\/GrandePremioTV\" rel=\"noreferrer noopener\">aqui<\/a>.<br>Siga o Grande Pr\u00eamio no&nbsp;<a target=\"_blank\" href=\"https:\/\/twitter.com\/grandepremio\" rel=\"noreferrer noopener\">Twitter&nbsp;<\/a>e no&nbsp;<a target=\"_blank\" href=\"https:\/\/instagram.com\/grandepremio\" rel=\"noreferrer noopener\">Instagram<\/a>!<\/strong><\/p>\n","protected":false},"excerpt":{"rendered":"<p>Vice-presidente de esporte da Porsche, Thomas Laudenbach, confirmou tudo que tem se especulado sobre o interesse da f\u00e1brica alem\u00e3 em voltar \u00e0 F1<\/p>\n","protected":false},"author":0,"featured_media":1000404743,"comment_status":"closed","ping_status":"closed","sticky":false,"template":"","format":"standard","meta":{"42wp_featured_image_caption":"","42wp_featured_image_credits":"","42wp_featured_video":"","42wp_featured_image_hidden":false,"42wp_authors_list":[],"footnotes":""},"categories":[2],"tags":[156,25536,24836,28285,736,29856],"42wp_author":[47120],"class_list":["post-116649","post","type-post","status-publish","format-standard","has-post-thumbnail","hentry","category-f1","tag-f1-2021","tag-formula-1-2021-2","tag-grande-premio-2","tag-grandepremio","tag-porsche","tag-porsche-f1","42wp_author-pedro-henrique-marum"],"_links":{"self":[{"href":"https:\/\/grandepremio.com\/br\/wp-json\/wp\/v2\/posts\/116649","targetHints":{"allow":["GET"]}}],"collection":[{"href":"https:\/\/grandepremio.com\/br\/wp-json\/wp\/v2\/posts"}],"about":[{"href":"https:\/\/grandepremio.com\/br\/wp-json\/wp\/v2\/types\/post"}],"replies":[{"embeddable":true,"href":"https:\/\/grandepremio.com\/br\/wp-json\/wp\/v2\/comments?post=116649"}],"version-history":[{"count":0,"href":"https:\/\/grandepremio.com\/br\/wp-json\/wp\/v2\/posts\/116649\/revisions"}],"wp:featuredmedia":[{"embeddable":true,"href":"https:\/\/grandepremio.com\/br\/wp-json\/wp\/v2\/media\/1000404743"}],"wp:attachment":[{"href":"https:\/\/grandepremio.com\/br\/wp-json\/wp\/v2\/media?parent=116649"}],"wp:term":[{"taxonomy":"category","embeddable":true,"href":"https:\/\/grandepremio.com\/br\/wp-json\/wp\/v2\/categories?post=116649"},{"taxonomy":"post_tag","embeddable":true,"href":"https:\/\/grandepremio.com\/br\/wp-json\/wp\/v2\/tags?post=116649"},{"taxonomy":"42wp_author","embeddable":true,"href":"https:\/\/grandepremio.com\/br\/wp-json\/wp\/v2\/42wp_author?post=116649"}],"curies":[{"name":"wp","href":"https:\/\/api.w.org\/{rel}","templated":true}]}}