{"id":116701,"date":"2021-10-31T11:53:40","date_gmt":"2021-10-31T14:53:40","guid":{"rendered":"https:\/\/grandepremio.com\/br\/noticias\/valentino-rossi-desespero-morte-marco-simoncelli-piores-momentos-vida\/"},"modified":"2021-10-31T11:53:50","modified_gmt":"2021-10-31T14:53:50","slug":"valentino-rossi-desespero-morte-marco-simoncelli-piores-momentos-vida","status":"publish","type":"post","link":"https:\/\/grandepremio.com\/br\/motogp\/valentino-rossi-desespero-morte-marco-simoncelli-piores-momentos-vida\/","title":{"rendered":"Rossi lembra desespero com morte de Simoncelli: \u201cDos piores momentos da vida\u201d"},"content":{"rendered":"\n<figure class=\"wp-block-embed is-type-video is-provider-youtube wp-block-embed-youtube wp-embed-aspect-16-9 wp-has-aspect-ratio\"><div class=\"wp-block-embed__wrapper\">\n<iframe loading=\"lazy\" title=\"DUCATI ABUSA DE ERROS E PERDE OUTRO T\u00cdTULO NA MOTOGP | GP \u00e0s 10\" width=\"500\" height=\"281\" src=\"https:\/\/www.youtube.com\/embed\/Q0xGgwdBn9U?feature=oembed\" frameborder=\"0\" allow=\"accelerometer; autoplay; clipboard-write; encrypted-media; gyroscope; picture-in-picture; web-share\" referrerpolicy=\"strict-origin-when-cross-origin\" allowfullscreen><\/iframe>\n<\/div><figcaption>DUCATI ABUSA DE ERROS E PERDE OUTRO T\u00cdTULO NA MOTOGP | GP \u00e0s 10<\/figcaption><\/figure>\n\n\n\n<p class=\"wp-block-paragraph\">Valentino Rossi classificou a <a href=\"https:\/\/www.grandepremio.com\/br\/motogp\/noticias\/na-garagem-marco-simoncelli-cai-atropelado-malasia-morre-24-anos\/\">morte de Marco Simoncelli<\/a> como \u201cum dos piores momentos\u201d da vida. O piloto da SRT Yamaha admitiu que ficou devastado ap\u00f3s o acidente fatal do ent\u00e3o piloto da Gresini no GP da Mal\u00e1sia de 2021.<\/p>\n\n\n\n<p class=\"wp-block-paragraph\">H\u00e1 dez anos, Marco sofreu uma queda ainda no in\u00edcio da corrida em Sepang e foi atropelado por Rossi e Colin Edwards. Os m\u00e9dicos ainda tentaram reanimar o piloto de Coriano, mas ele n\u00e3o resistiu aos ferimentos.<\/p>\n\n\n\n<p class=\"wp-block-paragraph\"><strong>\u25b6\ufe0f\u00a0Inscreva-se nos dois canais do GRANDE PR\u00caMIO no YouTube:\u00a0<a href=\"https:\/\/www.youtube.com\/channel\/UC9OlHEgxoaY6QY6nWPoiqQg?sub_confirmation=1\" target=\"_blank\" rel=\"noreferrer noopener\">GP<\/a>\u00a0|\u00a0<a href=\"https:\/\/www.youtube.com\/channel\/UC9csiS6q_C3C0FYhyr1rnFA?sub_confirmation=1\" target=\"_blank\" rel=\"noreferrer noopener\">GP2<\/a><\/strong><\/p>\n\n\n\n<figure class=\"wp-block-image size-large\"><img decoding=\"async\" src=\"https:\/\/www.grandepremio.com\/br\/wp-content\/uploads\/2021\/10\/51614966441_ced3d88c7d_o-1024x683.jpg\" alt=\"\" class=\"wp-image-518337\"\/><figcaption>Valentino Rossi recordou a sensa\u00e7\u00e3o ao saber da morte de Marco Simoncelli (Foto: SRT)<\/figcaption><\/figure>\n\n\n\n<p class=\"wp-block-paragraph\"><strong>LEIA TAMB\u00c9M<br>#<a href=\"https:\/\/www.grandepremio.com\/br\/motogp\/noticias\/fabio-quartararo-renasce-apos-derrota-dolorida-conquista-merecido-titulo-motogp-2021\/\">\u00a0Quartararo renasce ap\u00f3s derrota dolorida e conquista merecido t\u00edtulo na MotoGP 2021<\/a><br>#\u00a0<a href=\"https:\/\/www.grandepremio.com\/br\/motogp\/noticias\/fabio-quartararo-justifica-aposta-tira-yamaha-fila-apos-cinco-anos-jejum-motogp\/\">Quartararo justifica aposta e tira\u00a0Yamaha\u00a0da fila ap\u00f3s cinco anos de jejum na MotoGP<\/a><\/strong><br># <strong><a href=\"https:\/\/www.grandepremio.com\/br\/motogp\/noticias\/marc-marquez-vence-fora-zona-de-conforto-ganha-folego-recuperacao-motogp\/\">Marc M\u00e1rquez vence fora da zona de conforto e ganha f\u00f4lego em recupera\u00e7\u00e3o na MotoGP<\/a><\/strong><br># <strong><a href=\"https:\/\/www.grandepremio.com\/br\/motogp\/noticias\/podio-pol-espargaro-melhor-noticia-para-honda-do-que-vitorias-marc-marquez\/\">P\u00f3dio de Pol Espargar\u00f3 \u00e9 t\u00e3o importante para Honda quanto vit\u00f3rias de Marc M\u00e1rquez<\/a><\/strong><\/p>\n\n\n\n<p class=\"wp-block-paragraph\">Questionado pela publica\u00e7\u00e3o inglesa The Race sobre a morte de Simoncelli, Rossi respondeu: \u201cP\u00f4, j\u00e1 dez anos. Mas sinto que foi h\u00e1 muito tempo\u201d.<\/p>\n\n\n\n<p class=\"wp-block-paragraph\">\u201cAinda me lembro do momento depois da corrida da Mal\u00e1sia como um dos piores da minha vida\u201d, desabafou. \u201cVoltei para o meu escrit\u00f3rio com Uccio [Salucci] e Max [Montanari], em Sepang, logo depois da corrida. Eu estava desesperado. Foi um daqueles momentos em que voc\u00ea n\u00e3o sabe o que fazer para seguir adiante. Foi, infelizmente, uma sensa\u00e7\u00e3o inesquec\u00edvel\u201d, comentou.<\/p>\n\n\n\n<p class=\"wp-block-paragraph\">\u201cMas, depois, foi pior. Perdemos um grande piloto, que, com certeza, poderia ter feito uma grande carreira e que teve grandes batalhas com caras modernos, pilotos modernos\u201d, recordou. \u201cMas eu tamb\u00e9m perdi um bom amigo, pois passava muito tempo com Marco, especialmente nos \u00faltimos anos, de 2006 a 2011. Ficou um grande vazio\u201d, admitiu.<\/p>\n\n\n\n<p class=\"wp-block-paragraph\">Valentino contou, ainda, que Simoncelli foi o primeiro integrante da Academia de Pilotos VR46, ainda que ela n\u00e3o estivesse formalmente constitu\u00edda.<\/p>\n\n\n\n<p class=\"wp-block-paragraph\">\u201cSempre disse que Marco foi o primeiro piloto da Academia, mesmo que a academia n\u00e3o existisse. Come\u00e7amos com Marco a ajudar outros pilotos com treinamento, com apoio, com a minha experi\u00eancia, e quando vejo os pilotos agora, sempre lembro de Marco\u201d, completou.<\/p>\n\n\n\n<figure class=\"wp-block-embed is-type-video is-provider-youtube wp-block-embed-youtube wp-embed-aspect-16-9 wp-has-aspect-ratio\"><div class=\"wp-block-embed__wrapper\">\n<iframe loading=\"lazy\" title=\"QUARTARARO DEIXA FALHAS PARA TR\u00c1S E CONQUISTA T\u00cdTULO INCONTEST\u00c1VEL | GP \u00e0s 10\" width=\"500\" height=\"281\" src=\"https:\/\/www.youtube.com\/embed\/C3bSg9_4ZKY?feature=oembed\" frameborder=\"0\" allow=\"accelerometer; autoplay; clipboard-write; encrypted-media; gyroscope; picture-in-picture; web-share\" referrerpolicy=\"strict-origin-when-cross-origin\" allowfullscreen><\/iframe>\n<\/div><figcaption>QUARTARARO DEIXA FALHAS PARA TR\u00c1S E CONQUISTA T\u00cdTULO INCONTEST\u00c1VEL | GP \u00e0s 10<\/figcaption><\/figure>\n","protected":false},"excerpt":{"rendered":"<p>Nos dez anos da morte de Marco, o multicampe\u00e3o ressaltou o vazio que sentiu com a morte do amigo e lembrou que o filho de Paolo foi o primeiro integrante da Academia de Pilotos VR46<\/p>\n","protected":false},"author":0,"featured_media":0,"comment_status":"closed","ping_status":"closed","sticky":false,"template":"","format":"standard","meta":{"42wp_featured_image_caption":"","42wp_featured_image_credits":"","42wp_featured_video":"","42wp_featured_image_hidden":false,"42wp_authors_list":[],"footnotes":""},"categories":[8],"tags":[26241,25070,6732,3464,79,78,490,28765,28764,25819,28345,28766,26690,80],"42wp_author":[47113],"class_list":["post-116701","post","type-post","status-publish","format-standard","hentry","category-motogp","tag-emilia-romanha-2","tag-italia-2","tag-marco-simoncelli","tag-misano","tag-moto-gp","tag-motogp","tag-motogp-2021","tag-motogp-2021-calendario","tag-motogp-classificacao-2021","tag-motogp-hoje","tag-motogp-horarios","tag-motogp-standings","tag-pilotos-motogp","tag-valentino-rossi","42wp_author-juliana-tesser"],"_links":{"self":[{"href":"https:\/\/grandepremio.com\/br\/wp-json\/wp\/v2\/posts\/116701","targetHints":{"allow":["GET"]}}],"collection":[{"href":"https:\/\/grandepremio.com\/br\/wp-json\/wp\/v2\/posts"}],"about":[{"href":"https:\/\/grandepremio.com\/br\/wp-json\/wp\/v2\/types\/post"}],"replies":[{"embeddable":true,"href":"https:\/\/grandepremio.com\/br\/wp-json\/wp\/v2\/comments?post=116701"}],"version-history":[{"count":0,"href":"https:\/\/grandepremio.com\/br\/wp-json\/wp\/v2\/posts\/116701\/revisions"}],"wp:attachment":[{"href":"https:\/\/grandepremio.com\/br\/wp-json\/wp\/v2\/media?parent=116701"}],"wp:term":[{"taxonomy":"category","embeddable":true,"href":"https:\/\/grandepremio.com\/br\/wp-json\/wp\/v2\/categories?post=116701"},{"taxonomy":"post_tag","embeddable":true,"href":"https:\/\/grandepremio.com\/br\/wp-json\/wp\/v2\/tags?post=116701"},{"taxonomy":"42wp_author","embeddable":true,"href":"https:\/\/grandepremio.com\/br\/wp-json\/wp\/v2\/42wp_author?post=116701"}],"curies":[{"name":"wp","href":"https:\/\/api.w.org\/{rel}","templated":true}]}}