{"id":116703,"date":"2021-10-31T10:19:19","date_gmt":"2021-10-31T13:19:19","guid":{"rendered":"https:\/\/grandepremio.com\/br\/noticias\/jackie-stewart-entende-campeao-formula-1-2021-sera-quem-tiver-menos-falhas\/"},"modified":"2021-10-31T10:20:49","modified_gmt":"2021-10-31T13:20:49","slug":"jackie-stewart-entende-campeao-formula-1-2021-sera-quem-tiver-menos-falhas","status":"publish","type":"post","link":"https:\/\/grandepremio.com\/br\/f1\/jackie-stewart-entende-campeao-formula-1-2021-sera-quem-tiver-menos-falhas\/","title":{"rendered":"Stewart entende que campe\u00e3o da F\u00f3rmula 1 em 2021 ser\u00e1 &#8220;quem tiver menos falhas&#8221;"},"content":{"rendered":"\n<figure class=\"wp-block-embed is-type-video is-provider-youtube wp-block-embed-youtube wp-embed-aspect-16-9 wp-has-aspect-ratio\"><div class=\"wp-block-embed__wrapper\">\n<iframe loading=\"lazy\" title=\"HAMILTON CONTRA RACISMO E AS A\u00c7\u00d5ES QUE FALAM MAIS QUE PALAVRAS | WGP\" width=\"500\" height=\"281\" src=\"https:\/\/www.youtube.com\/embed\/OTNzF4Lyl5M?feature=oembed\" frameborder=\"0\" allow=\"accelerometer; autoplay; clipboard-write; encrypted-media; gyroscope; picture-in-picture; web-share\" referrerpolicy=\"strict-origin-when-cross-origin\" allowfullscreen><\/iframe>\n<\/div><figcaption>HAMILTON CONTRA RACISMO E AS A\u00c7\u00d5ES QUE FALAM MAIS QUE PALAVRAS | WGP<br><\/figcaption><\/figure>\n\n\n\n<p class=\"wp-block-paragraph\">Ainda que Max Verstappen seja o l\u00edder do Mundial de Pilotos, ele est\u00e1 a apenas 12 pontos de Lewis Hamilton. Com cinco corridas restantes na F\u00f3rmula 1 em 2021, a briga entre os dois d\u00e1 todos os ind\u00edcios de que ser\u00e1 acirrada at\u00e9 os momentos finais. E, para Jackie Stewart, campe\u00e3o mundial de F1 em 1969, 1971 e 1973, h\u00e1 um ponto que pode ser decisivo para o campeonato: aquele que tiver menos problemas levar\u00e1 o t\u00edtulo.<\/p>\n\n\n\n<p class=\"wp-block-paragraph\"><strong>\u25b6\ufe0f\u00a0Inscreva-se nos dois canais do GRANDE PR\u00caMIO no YouTube:\u00a0<a href=\"https:\/\/www.youtube.com\/channel\/UC9OlHEgxoaY6QY6nWPoiqQg?sub_confirmation=1\" target=\"_blank\" rel=\"noreferrer noopener\">GP<\/a>\u00a0|\u00a0<a href=\"https:\/\/www.youtube.com\/channel\/UC9csiS6q_C3C0FYhyr1rnFA?sub_confirmation=1\" target=\"_blank\" rel=\"noreferrer noopener\">GP2<\/a><\/strong><\/p>\n\n\n\n<p class=\"wp-block-paragraph\">&#8220;Acho que poderia ir para qualquer um dos pilotos. Acho que no final, por causa da experi\u00eancia que a equipe da Mercedes tem, assim como o piloto, eles provavelmente t\u00eam a melhor chance de fazer isso&#8221;, disse Stewart, em entrevista ao site Motorsport-Magazin. &#8220;Mas [o t\u00edtulo] vai acabar com quem tiver menos falhas mec\u00e2nicas, porque os dois est\u00e3o guiando magnificamente bem&#8221;, acrescentou.<\/p>\n\n\n\n<p class=\"wp-block-paragraph\">O escoc\u00eas de 82 anos tamb\u00e9m deixa sua cr\u00edtica a respeito da atual temporada. Segundo Stewart, embora Verstappen e Hamilton estejam dando tudo o que tem, ele v\u00ea os pilotos &#8220;exagerando em alguns momentos&#8221;. Vale lembrar que ambos se envolveram em acidentes j\u00e1 duas vezes neste ano, <a href=\"https:\/\/www.grandepremio.com\/br\/f1\/noticias\/max-verstappen-leva-pior-toque-lewis-hamilton-bate-abandona-inglaterra\/\" target=\"_blank\" rel=\"noreferrer noopener\">em Silverstone<\/a> e <a href=\"https:\/\/www.grandepremio.com\/br\/f1\/noticias\/max-verstappen-lewis-hamilton-batem-variante-monza-abandonam-gp-da-italia\/\" target=\"_blank\" rel=\"noreferrer noopener\">Monza<\/a>. E, ainda que a F1 atual tenha medidas de seguran\u00e7a mais cautelosas, o ex-piloto acredita que, em algumas momentos, eles t\u00eam passado do limite.<\/p>\n\n\n\n<figure class=\"wp-block-image size-large\"><img decoding=\"async\" src=\"https:\/\/www.grandepremio.com\/br\/wp-content\/uploads\/2021\/10\/M286350-e1635356335229-1024x657.jpg\" alt=\"MAX VERSTAPPEN; LEWIS HAMILTON;\" class=\"wp-image-520102\"\/><figcaption>Apenas 12 pontos separam Max Verstappen de Lewis Hamilton no campeonato  (Foto: Steve Etherington\/Mercedes)<\/figcaption><\/figure>\n\n\n\n<p class=\"wp-block-paragraph\"><strong>Conhe\u00e7a o canal do Grande Pr\u00eamio no YouTube! Clique\u00a0<a target=\"_blank\" href=\"https:\/\/youtube.com\/GrandePremioTV\" rel=\"noreferrer noopener\">aqui<\/a>.<\/strong><br><strong>Siga o Grande Pr\u00eamio no\u00a0<a target=\"_blank\" href=\"https:\/\/twitter.com\/grandepremio\" rel=\"noreferrer noopener\">Twitter\u00a0<\/a>e no\u00a0<a target=\"_blank\" href=\"https:\/\/instagram.com\/grandepremio\" rel=\"noreferrer noopener\">Instagram<\/a>!<\/strong>\u00a0<\/p>\n\n\n\n<p class=\"wp-block-paragraph\">&#8220;Acho que os dois est\u00e3o talvez exagerando um pouco, como vimos, pelo menos, em duas ocasi\u00f5es. Espero que isso tenha sido reconhecido de maneira mais positiva. N\u00e3o gostaria de ver nada desagrad\u00e1vel acontecendo, embora, claro, o automobilismo hoje seja mais seguro. O acidente que aconteceu em Silverstone, na minha \u00e9poca, ele [Verstappen] teria morrido&#8221;, comentou ele. <\/p>\n\n\n\n<figure class=\"wp-block-embed is-type-rich is-provider-spotify wp-block-embed-spotify wp-embed-aspect-21-9 wp-has-aspect-ratio\"><div class=\"wp-block-embed__wrapper\">\n<iframe title=\"Spotify Embed: Paddockast #127: Verstappen est\u00e1 pronto para ser campe\u00e3o da F1?\" style=\"border-radius: 12px\" width=\"100%\" height=\"152\" frameborder=\"0\" allowfullscreen allow=\"autoplay; clipboard-write; encrypted-media; fullscreen; picture-in-picture\" loading=\"lazy\" src=\"https:\/\/open.spotify.com\/embed\/episode\/1TnTcbxlF2Gj7ZPEE1IXTB?si=ec912eb3e5bc4773&amp;utm_source=oembed\"><\/iframe>\n<\/div><\/figure>\n\n\n\n<p class=\"wp-block-paragraph\">\u201c\u00c0s vezes est\u00e3o sendo tomadas decis\u00f5es que n\u00e3o deveriam ser tomadas, ent\u00e3o temos que ter cuidado com isso [e] n\u00e3o se deixar levar pela necessidade de vencer. Para terminar em primeiro, voc\u00ea deve primeiro terminar a corrida&#8221;, concluiu.<\/p>\n\n\n\n<p class=\"wp-block-paragraph\">Recentemente, James Vowles, estrategista-chefe da Mercedes, explicou em v\u00eddeo no canal oficial da equipe no YouTube sobre as precau\u00e7\u00f5es para evitar abandonos nesta reta final. &#8220;Um abandono, seja por chassi ou falha na unidade de pot\u00eancia, seria catastr\u00f3fico para o campeonato, e como resultado disso, estamos gerenciamento da melhor forma poss\u00edvel o fim do ano&#8221;, disse Vowles.<\/p>\n\n\n\n<figure class=\"wp-block-embed is-type-video is-provider-youtube wp-block-embed-youtube wp-embed-aspect-16-9 wp-has-aspect-ratio\"><div class=\"wp-block-embed__wrapper\">\n<iframe loading=\"lazy\" title=\"WILLIAMS-AUDI E McLAREN-PORSCHE: \u00c9 POSS\u00cdVEL A PARTIR DE 2025-2026 NA F1?\" width=\"500\" height=\"281\" src=\"https:\/\/www.youtube.com\/embed\/wSn9B2RxI3Y?feature=oembed\" frameborder=\"0\" allow=\"accelerometer; autoplay; clipboard-write; encrypted-media; gyroscope; picture-in-picture; web-share\" referrerpolicy=\"strict-origin-when-cross-origin\" allowfullscreen><\/iframe>\n<\/div><figcaption>WILLIAMS-AUDI E McLAREN-PORSCHE: \u00c9 POSS\u00cdVEL A PARTIR DE 2025-2026 NA F1?<br><\/figcaption><\/figure>\n\n\n\n<p class=\"wp-block-paragraph\"><\/p>\n","protected":false},"excerpt":{"rendered":"<p>Para Jackie Stewart, campe\u00e3o mundial de F1 em 1969, 1971 e 1973, quem tiver menos problemas nesta reta final da F1 em 2021 ficar\u00e1 com o t\u00edtulo <\/p>\n","protected":false},"author":0,"featured_media":1000519772,"comment_status":"closed","ping_status":"closed","sticky":false,"template":"","format":"standard","meta":{"42wp_featured_image_caption":"","42wp_featured_image_credits":"","42wp_featured_video":"","42wp_featured_image_hidden":false,"42wp_authors_list":[],"footnotes":""},"categories":[2],"tags":[147,156,24837,2318,24836,3435,87,203,82,1645,204],"42wp_author":[47139],"class_list":["post-116703","post","type-post","status-publish","format-standard","has-post-thumbnail","hentry","category-f1","tag-f1","tag-f1-2021","tag-formula-1-2","tag-gp-dos-eua","tag-grande-premio-2","tag-jackie-stewart","tag-lewis-hamilton","tag-max-verstappen","tag-mercedes","tag-mundial-de-pilotos","tag-red-bull","42wp_author-ana-cerveira"],"_links":{"self":[{"href":"https:\/\/grandepremio.com\/br\/wp-json\/wp\/v2\/posts\/116703","targetHints":{"allow":["GET"]}}],"collection":[{"href":"https:\/\/grandepremio.com\/br\/wp-json\/wp\/v2\/posts"}],"about":[{"href":"https:\/\/grandepremio.com\/br\/wp-json\/wp\/v2\/types\/post"}],"replies":[{"embeddable":true,"href":"https:\/\/grandepremio.com\/br\/wp-json\/wp\/v2\/comments?post=116703"}],"version-history":[{"count":0,"href":"https:\/\/grandepremio.com\/br\/wp-json\/wp\/v2\/posts\/116703\/revisions"}],"wp:featuredmedia":[{"embeddable":true,"href":"https:\/\/grandepremio.com\/br\/wp-json\/wp\/v2\/media\/1000519772"}],"wp:attachment":[{"href":"https:\/\/grandepremio.com\/br\/wp-json\/wp\/v2\/media?parent=116703"}],"wp:term":[{"taxonomy":"category","embeddable":true,"href":"https:\/\/grandepremio.com\/br\/wp-json\/wp\/v2\/categories?post=116703"},{"taxonomy":"post_tag","embeddable":true,"href":"https:\/\/grandepremio.com\/br\/wp-json\/wp\/v2\/tags?post=116703"},{"taxonomy":"42wp_author","embeddable":true,"href":"https:\/\/grandepremio.com\/br\/wp-json\/wp\/v2\/42wp_author?post=116703"}],"curies":[{"name":"wp","href":"https:\/\/api.w.org\/{rel}","templated":true}]}}