{"id":116711,"date":"2021-10-30T16:01:40","date_gmt":"2021-10-30T19:01:40","guid":{"rendered":"https:\/\/grandepremio.com\/br\/noticias\/felipe-fraga-comemora-vitoria-bahrein-briga-pelo-titulo-gte-am-chance-real\/"},"modified":"2021-10-30T16:01:48","modified_gmt":"2021-10-30T19:01:48","slug":"felipe-fraga-comemora-vitoria-bahrein-briga-pelo-titulo-gte-am-chance-real","status":"publish","type":"post","link":"https:\/\/grandepremio.com\/br\/endurance\/felipe-fraga-comemora-vitoria-bahrein-briga-pelo-titulo-gte-am-chance-real\/","title":{"rendered":"Fraga comemora vit\u00f3ria no Bahrein e briga pelo t\u00edtulo da GTE-Am: &#8220;A chance \u00e9 real&#8221;"},"content":{"rendered":"\n<figure class=\"wp-block-embed is-type-video is-provider-youtube wp-block-embed-youtube wp-embed-aspect-16-9 wp-has-aspect-ratio\"><div class=\"wp-block-embed__wrapper\">\n<iframe loading=\"lazy\" title=\"ANDRETTI -SAUBER NA F1: AFINAL, O ACORDO SAI OU N\u00c3O? | GP \u00e0s 10\" width=\"500\" height=\"281\" src=\"https:\/\/www.youtube.com\/embed\/bQREqCRCx2E?feature=oembed\" frameborder=\"0\" allow=\"accelerometer; autoplay; clipboard-write; encrypted-media; gyroscope; picture-in-picture; web-share\" referrerpolicy=\"strict-origin-when-cross-origin\" allowfullscreen><\/iframe>\n<\/div><\/figure>\n\n\n\n<p class=\"wp-block-paragraph\">Dos cinco brasileiros que entraram na pista neste s\u00e1bado (30), nas 6 Horas do Bahrein, Felipe Fraga foi <a href=\"https:\/\/www.grandepremio.com\/br\/endurance\/noticias\/toyota-7-vence-6-horas-bahrein-se-aproxima-bi-wec-felipe-fraga-triunfa-gte-am\/\">o \u00fanico que terminou no topo do p\u00f3dio<\/a>. Ao lado de Ben Keating e Dylan Pereira, o piloto da TF Sport conquistou a pen\u00faltima etapa do Mundial de Endurance e segue vivo na briga pelo t\u00edtulo na classe LMGTE-Am.<\/p>\n\n\n\n<p class=\"wp-block-paragraph\">Com o resultado da TF Sport, Fraga e os companheiros alcan\u00e7aram a vice-lideran\u00e7a do campeonato, atr\u00e1s apenas da equipe AF Corse, com 21,5 pontos de desvantagem e mais 38 em jogo. A miss\u00e3o \u00e9 dif\u00edcil, mas o brasileiro segue confiante para a \u00faltima prova, neste domingo (31), as 8 Horas do Bahrein.<\/p>\n\n\n\n<p class=\"wp-block-paragraph\"><strong>\u25b6\ufe0f\u00a0Inscreva-se nos dois canais do GRANDE PR\u00caMIO no YouTube:\u00a0<a href=\"https:\/\/www.youtube.com\/channel\/UC9OlHEgxoaY6QY6nWPoiqQg?sub_confirmation=1\" target=\"_blank\" rel=\"noreferrer noopener\">GP<\/a>\u00a0|\u00a0<a href=\"https:\/\/www.youtube.com\/channel\/UC9csiS6q_C3C0FYhyr1rnFA?sub_confirmation=1\" target=\"_blank\" rel=\"noreferrer noopener\">GP2<\/a><\/strong><\/p>\n\n\n\n<figure class=\"wp-block-image size-large\"><img decoding=\"async\" src=\"https:\/\/www.grandepremio.com\/br\/wp-content\/uploads\/2021\/10\/399384_991706_f2c8cbd1_1849_4b13_a730_1fb2acaa0abb-1024x671.jpg\" alt=\"\" class=\"wp-image-520794\"\/><figcaption>Felipe Fraga comemorou a vit\u00f3ria no Bahrein ao lado de Ben Keating e Dylan Pereira (Foto: Andrew Lofthouse)<\/figcaption><\/figure>\n\n\n\n<p class=\"wp-block-paragraph\">&#8220;Como toda prova do WEC, a corrida de hoje foi focada em estrat\u00e9gia e acredito que conseguimos desempenhar bem a estrat\u00e9gia que t\u00ednhamos planejado. Estamos muito contentes com a vit\u00f3ria. Eu j\u00e1 havia vencido em outros campeonatos neste ano, mas essa foi a primeira vit\u00f3ria na temporada do WEC e em uma pista muito legal, que inclusive recebe a F1. Ficamos pr\u00f3ximos dela algumas vezes e hoje ela veio&#8221;, disse Fraga ap\u00f3s a vit\u00f3ria.<\/p>\n\n\n\n<p class=\"wp-block-paragraph\">&#8220;A vit\u00f3ria nas 6 Horas do Bahrein diminui a vantagem dos l\u00edderes em rela\u00e7\u00e3o a n\u00f3s para 21 pontos. Para conquistar o t\u00edtulo precisamos vencer a pr\u00f3xima etapa e os l\u00edderes terminarem no m\u00e1ximo na quinta posi\u00e7\u00e3o, ou n\u00f3s finalizamos pelo menos na quarta coloca\u00e7\u00e3o e caso os l\u00edderes abandonem. A chance \u00e9 real e, agora, o foco \u00e9 total na pr\u00f3xima corrida&#8221;, completou.<\/p>\n\n\n\n<p class=\"wp-block-paragraph\">A\u00a0<a href=\"https:\/\/www.grandepremio.com\/br\/endurance\/\">\u00faltima etapa<\/a>\u00a0do Mundial de Endurance em 2021 acontece neste domingo (31), com as 8 Horas do Bahrein. Para essa prova, a pontua\u00e7\u00e3o \u00e9 diferente, com 38 pontos para o vencedor.<\/p>\n\n\n\n<figure class=\"wp-block-embed is-type-video is-provider-youtube wp-block-embed-youtube wp-embed-aspect-16-9 wp-has-aspect-ratio\"><div class=\"wp-block-embed__wrapper\">\n<iframe loading=\"lazy\" title=\"DUCATI ABUSA DE ERROS E PERDE OUTRO T\u00cdTULO NA MOTOGP | GP \u00e0s 10\" width=\"500\" height=\"281\" src=\"https:\/\/www.youtube.com\/embed\/Q0xGgwdBn9U?feature=oembed\" frameborder=\"0\" allow=\"accelerometer; autoplay; clipboard-write; encrypted-media; gyroscope; picture-in-picture; web-share\" referrerpolicy=\"strict-origin-when-cross-origin\" allowfullscreen><\/iframe>\n<\/div><\/figure>\n","protected":false},"excerpt":{"rendered":"<p>Felipe Fraga, ao lado de Ben Keating e Dylan Pereira, conquistou as 6 Horas do Bahrein na classe GTE-Am e entrou definitivamente na briga pelo t\u00edtulo da classe no Mundial de Endurance<\/p>\n","protected":false},"author":0,"featured_media":1000520795,"comment_status":"closed","ping_status":"closed","sticky":false,"template":"","format":"standard","meta":{"42wp_featured_image_caption":"","42wp_featured_image_credits":"","42wp_featured_video":"","42wp_featured_image_hidden":false,"42wp_authors_list":[],"footnotes":""},"categories":[18],"tags":[1667,460,357,356,6915],"42wp_author":[47135],"class_list":["post-116711","post","type-post","status-publish","format-standard","has-post-thumbnail","hentry","category-endurance","tag-bahrein","tag-felipe-fraga","tag-mundial-de-endurance","tag-wec","tag-wec-2021","42wp_author-pedro-luis-cuenca"],"_links":{"self":[{"href":"https:\/\/grandepremio.com\/br\/wp-json\/wp\/v2\/posts\/116711","targetHints":{"allow":["GET"]}}],"collection":[{"href":"https:\/\/grandepremio.com\/br\/wp-json\/wp\/v2\/posts"}],"about":[{"href":"https:\/\/grandepremio.com\/br\/wp-json\/wp\/v2\/types\/post"}],"replies":[{"embeddable":true,"href":"https:\/\/grandepremio.com\/br\/wp-json\/wp\/v2\/comments?post=116711"}],"version-history":[{"count":0,"href":"https:\/\/grandepremio.com\/br\/wp-json\/wp\/v2\/posts\/116711\/revisions"}],"wp:featuredmedia":[{"embeddable":true,"href":"https:\/\/grandepremio.com\/br\/wp-json\/wp\/v2\/media\/1000520795"}],"wp:attachment":[{"href":"https:\/\/grandepremio.com\/br\/wp-json\/wp\/v2\/media?parent=116711"}],"wp:term":[{"taxonomy":"category","embeddable":true,"href":"https:\/\/grandepremio.com\/br\/wp-json\/wp\/v2\/categories?post=116711"},{"taxonomy":"post_tag","embeddable":true,"href":"https:\/\/grandepremio.com\/br\/wp-json\/wp\/v2\/tags?post=116711"},{"taxonomy":"42wp_author","embeddable":true,"href":"https:\/\/grandepremio.com\/br\/wp-json\/wp\/v2\/42wp_author?post=116711"}],"curies":[{"name":"wp","href":"https:\/\/api.w.org\/{rel}","templated":true}]}}