{"id":116789,"date":"2021-10-26T12:45:00","date_gmt":"2021-10-26T15:45:00","guid":{"rendered":"https:\/\/grandepremio.com\/br\/noticias\/giro-br-32-debate-chegada-f4-novo-horizonte-jovens-brasil\/"},"modified":"2021-10-26T05:57:45","modified_gmt":"2021-10-26T08:57:45","slug":"giro-br-32-debate-chegada-f4-novo-horizonte-jovens-brasil","status":"publish","type":"post","link":"https:\/\/grandepremio.com\/br\/grande-premio\/giro-br-32-debate-chegada-f4-novo-horizonte-jovens-brasil\/","title":{"rendered":"Giro BR #32 debate chegada da F4 como chance de novo horizonte para jovens no Brasil"},"content":{"rendered":"\n<figure class=\"wp-block-embed is-type-video is-provider-youtube wp-block-embed-youtube wp-embed-aspect-16-9 wp-has-aspect-ratio\"><div class=\"wp-block-embed__wrapper\">\n<iframe loading=\"lazy\" title=\"F4 TRAZ NOVA PERSPECTIVA PARA JOVENS NAS PISTAS DO BRASIL | GIRO BR #32\" width=\"500\" height=\"281\" src=\"https:\/\/www.youtube.com\/embed\/XVqRTUXc2Bw?feature=oembed\" frameborder=\"0\" allow=\"accelerometer; autoplay; clipboard-write; encrypted-media; gyroscope; picture-in-picture; web-share\" referrerpolicy=\"strict-origin-when-cross-origin\" allowfullscreen><\/iframe>\n<\/div><figcaption>AO VIVO: F4 TRAZ NOVA PERSPECTIVA PARA JOVENS NAS PISTAS DO BRASIL | GIRO BR #32<\/figcaption><\/figure>\n\n\n\n<p class=\"wp-block-paragraph\">Em \u00e9poca de poucos brasileiros na pista, o Giro BR #32 vai al\u00e9m no debate nesta ter\u00e7a-feira (26) e discute a chegada da F4 Brasil a partir da temporada 2022. A atra\u00e7\u00e3o come\u00e7a pontualmente \u00e0s 13h (de Bras\u00edlia, GMT-3), <strong>AO VIVO<\/strong>, no canal <strong><a href=\"https:\/\/www.youtube.com\/c\/GrandePremio2\/videos\">GRANDE PR\u00caMIO 2 no YouTube<\/a><\/strong>.<\/p>\n\n\n\n<p class=\"wp-block-paragraph\">H\u00e1 tempos sem uma categoria de base de monopostos em n\u00edvel nacional, o automobilismo brasileiro tem uma lacuna importante para os jovens que saem do kartismo e enfrentam dificuldades para dar o passo seguinte. Sem uma categoria de inicia\u00e7\u00e3o por aqui, os poucos que conseguem combust\u00edvel financeiro v\u00e3o acelerar na Europa ou nos Estados Unidos, enquanto a maioria tem o futuro comprometido ou ent\u00e3o tentam a sorte no turismo, como na Stock Light ou demais competi\u00e7\u00f5es com carros fechados.<\/p>\n\n\n\n<p class=\"wp-block-paragraph\"><strong>LEIA TAMB\u00c9M<\/strong><br><strong><a href=\"https:\/\/www.grandepremio.com\/br\/f1\/noticias\/opiniao-gp-max-verstappen-golpeia-forte-lewis-hamilton-e-da-passo-importante-rumo-ao-titulo\/\">+OPINI\u00c3O GP: Verstappen golpeia forte Hamilton e d\u00e1 passo importante rumo ao t\u00edtulo<\/a><\/strong><br><strong><a href=\"https:\/\/grandepremium.grandepremio.com\/br\/analise\/f1\/materias\/a-mercedes-prova-do-seu-proprio-veneno-contra-a-red-bull\/\">+AN\u00c1LISE: A Mercedes prova do seu pr\u00f3prio veneno contra a Red Bull<\/a><\/strong><br><strong>+<a href=\"https:\/\/www.grandepremio.com\/br\/web-stories\/f1\/classificacao-campeonato-mundial-pontuacao-formula-1-2021-resultado-gp-eua\/\">Resultado e a classifica\u00e7\u00e3o da\u00a0<\/a><a href=\"https:\/\/www.grandepremio.com\/br\/f1\/\" target=\"_blank\" rel=\"noreferrer noopener\">F\u00f3rmula 1<\/a>\u00a0<a href=\"https:\/\/www.grandepremio.com\/br\/web-stories\/f1\/classificacao-campeonato-mundial-pontuacao-formula-1-2021-resultado-gp-eua\/\">depois do GP dos Estados Unidos<\/a><\/strong><\/p>\n\n\n\n<figure class=\"wp-block-image size-large\"><img decoding=\"async\" src=\"https:\/\/www.grandepremio.com\/br\/wp-content\/uploads\/2019\/04\/201892593683_imagem_release_1436376_DMa.jpg\" alt=\"\" class=\"wp-image-368311\"\/><figcaption>Sucesso no mundo, a F4 tem previs\u00e3o de chegar ao Brasil em 2022 (Foto: Prema Powerteam)<\/figcaption><\/figure>\n\n\n\n<p class=\"wp-block-paragraph\">De acordo com a not\u00edcia anunciada no \u00faltimo fim de semana, durante a transmiss\u00e3o das atividades do GP dos EUA de F1, pelo jornalista da Band, Reginaldo Leme, a F4 Brasil vai seguir os padr\u00f5es da FIA para a categoria que virou um sucesso no mundo e que tem certames particularmente fortes na It\u00e1lia e na Alemanha.<\/p>\n\n\n\n<p class=\"wp-block-paragraph\">O formato de competi\u00e7\u00e3o ser\u00e1 o mesmo das demais competi\u00e7\u00f5es, sempre em sistema de rodadas triplas. A expectativa \u00e9 que o grid da categoria brasileira, que far\u00e1 parte do guarda-chuva de competi\u00e7\u00f5es da Vicar, tenha 16 carros.<\/p>\n\n\n\n<p class=\"wp-block-paragraph\">Como nas demais competi\u00e7\u00f5es de F4 ao redor do planeta, no Brasil os primeiros colocados tamb\u00e9m v\u00e3o ser premiados com a pontua\u00e7\u00e3o para a superlicen\u00e7a. O campe\u00e3o, por exemplo, recebe 12 pontos \u2014 o vice leva 10, o terceiro leva 7, o quarto, 5; o quinto, 3; o sexto, 2; o s\u00e9timo, 1 ponto.<\/p>\n\n\n\n<p class=\"wp-block-paragraph\"><strong>\u25b6\ufe0f\u00a0Inscreva-se nos dois canais do GRANDE PR\u00caMIO no YouTube:\u00a0<a href=\"https:\/\/www.youtube.com\/channel\/UC9OlHEgxoaY6QY6nWPoiqQg?sub_confirmation=1\" target=\"_blank\" rel=\"noreferrer noopener\">GP<\/a>\u00a0|\u00a0<a href=\"https:\/\/www.youtube.com\/channel\/UC9csiS6q_C3C0FYhyr1rnFA?sub_confirmation=1\" target=\"_blank\" rel=\"noreferrer noopener\">GP2<\/a><\/strong><\/p>\n\n\n\n<p class=\"wp-block-paragraph\">O Giro BR #32 debate o tema nesta tarde com apresenta\u00e7\u00e3o de Fernando Silva, coment\u00e1rios de Pedro Luis Cuenca e JP Nascimento e produ\u00e7\u00e3o de Pedro Prado. O programa ainda avalia a <a href=\"https:\/\/www.grandepremio.com\/br\/w-series\/noticias\/jamie-chadwick-domina-corrida-2-eua-vence-de-novo-bicampea-w-series\/\">participa\u00e7\u00e3o de Bruna Tomaselli na W Series. A categoria feminina encerrou sua temporada 2021 no \u00faltimo domingo e coroou Jamie Chadwick como bicampe\u00e3<\/a>.<\/p>\n\n\n\n<p class=\"wp-block-paragraph\">A atra\u00e7\u00e3o entra no ar <strong>AO VIVO <\/strong>a partir de 13h (de Bras\u00edlia, GMT-3) no canal <strong><a href=\"https:\/\/www.youtube.com\/c\/GrandePremio2\/videos\">GRANDE PR\u00caMIO 2<\/a><\/strong> no YouTube. <strong><a href=\"https:\/\/www.youtube.com\/watch?v=XVqRTUXc2Bw\">Clique e assista<\/a><\/strong>.<\/p>\n","protected":false},"excerpt":{"rendered":"<p>A edi\u00e7\u00e3o 32 do Giro BR debate a chegada da F4 Brasil em 2022 e os efeitos que pode provocar no automobilismo local e no desenvolvimento de pilotos<\/p>\n","protected":false},"author":0,"featured_media":1000520075,"comment_status":"closed","ping_status":"closed","sticky":false,"template":"","format":"standard","meta":{"42wp_featured_image_caption":"","42wp_featured_image_credits":"","42wp_featured_video":"","42wp_featured_image_hidden":false,"42wp_authors_list":[],"footnotes":""},"categories":[4],"tags":[348,4448,390,29764,27565,24836,29766,25587],"42wp_author":[47110],"class_list":["post-116789","post","type-post","status-publish","format-standard","has-post-thumbnail","hentry","category-grande-premio","tag-f4","tag-f4-brasil","tag-fernando-silva","tag-formula-4-brasil","tag-giro-br","tag-grande-premio-2","tag-jp-nascimento","tag-pedro-luis-cuenca","42wp_author-fernando-silva"],"_links":{"self":[{"href":"https:\/\/grandepremio.com\/br\/wp-json\/wp\/v2\/posts\/116789","targetHints":{"allow":["GET"]}}],"collection":[{"href":"https:\/\/grandepremio.com\/br\/wp-json\/wp\/v2\/posts"}],"about":[{"href":"https:\/\/grandepremio.com\/br\/wp-json\/wp\/v2\/types\/post"}],"replies":[{"embeddable":true,"href":"https:\/\/grandepremio.com\/br\/wp-json\/wp\/v2\/comments?post=116789"}],"version-history":[{"count":0,"href":"https:\/\/grandepremio.com\/br\/wp-json\/wp\/v2\/posts\/116789\/revisions"}],"wp:featuredmedia":[{"embeddable":true,"href":"https:\/\/grandepremio.com\/br\/wp-json\/wp\/v2\/media\/1000520075"}],"wp:attachment":[{"href":"https:\/\/grandepremio.com\/br\/wp-json\/wp\/v2\/media?parent=116789"}],"wp:term":[{"taxonomy":"category","embeddable":true,"href":"https:\/\/grandepremio.com\/br\/wp-json\/wp\/v2\/categories?post=116789"},{"taxonomy":"post_tag","embeddable":true,"href":"https:\/\/grandepremio.com\/br\/wp-json\/wp\/v2\/tags?post=116789"},{"taxonomy":"42wp_author","embeddable":true,"href":"https:\/\/grandepremio.com\/br\/wp-json\/wp\/v2\/42wp_author?post=116789"}],"curies":[{"name":"wp","href":"https:\/\/api.w.org\/{rel}","templated":true}]}}