{"id":116809,"date":"2021-10-25T15:30:05","date_gmt":"2021-10-25T18:30:05","guid":{"rendered":"https:\/\/grandepremio.com\/br\/noticias\/previa-mundial-kart-rafael-camara-champions-of-the-future-espanha\/"},"modified":"2021-10-25T15:30:12","modified_gmt":"2021-10-25T18:30:12","slug":"previa-mundial-kart-rafael-camara-champions-of-the-future-espanha","status":"publish","type":"post","link":"https:\/\/grandepremio.com\/br\/kart\/previa-mundial-kart-rafael-camara-champions-of-the-future-espanha\/","title":{"rendered":"Em pr\u00e9via do Mundial de Kart, Rafael C\u00e2mara leva t\u00edtulo do Champions of the Future"},"content":{"rendered":"\n<figure class=\"wp-block-embed is-type-video is-provider-youtube wp-block-embed-youtube wp-embed-aspect-16-9 wp-has-aspect-ratio\"><div class=\"wp-block-embed__wrapper\">\n<iframe loading=\"lazy\" title=\"VERSTAPPEN BATE HAMILTON EM DISPUTA TENSA! TUDO SOBRE O GP DOS EUA | Briefing\" width=\"500\" height=\"281\" src=\"https:\/\/www.youtube.com\/embed\/LorSGKSquZI?feature=oembed\" frameborder=\"0\" allow=\"accelerometer; autoplay; clipboard-write; encrypted-media; gyroscope; picture-in-picture; web-share\" referrerpolicy=\"strict-origin-when-cross-origin\" allowfullscreen><\/iframe>\n<\/div><figcaption>VERSTAPPEN BATE HAMILTON EM DISPUTA TENSA! TUDO SOBRE O GP DOS EUA | Briefing<\/figcaption><\/figure>\n\n\n\n<p class=\"wp-block-paragraph\">Uma semana antes da disputa do <a href=\"https:\/\/www.grandepremio.com\/br\/kart\/noticias\/fia-cancela-etapa-mundial-kart-brasil-restricoes-impostas-covid-19\/\">principal campeonato da temporada do kartismo, o Mundial de Kart<\/a>, Rafael C\u00e2mara conquistou mais um importante t\u00edtulo em 2021. O pernambucano de 16 anos faturou na Espanha, no \u00faltimo domingo (24), o t\u00edtulo do Champions of the Future, torneio que consistiu em tr\u00eas etapas: Genk, na B\u00e9lgica, Zuera e Campillos, na Espanha.<\/p>\n\n\n\n<p class=\"wp-block-paragraph\">Sempre entre os primeiros desde as baterias preliminares na etapa final, em Campillos, C\u00e2mara largou em segundo na pr\u00e9-final e foi o terceiro. Na corrida decisiva, o brasileiro, piloto da ORT e Kart Republic, terminou em segundo lugar, s\u00f3 atr\u00e1s do b\u00falgaro Nikola Tsolov, que defende a equipe de Fernando Alonso.<\/p>\n\n\n\n<p class=\"wp-block-paragraph\"><strong>LEIA TAMB\u00c9M<\/strong><br><strong><a href=\"https:\/\/www.grandepremio.com\/br\/f1\/noticias\/opiniao-gp-max-verstappen-golpeia-forte-lewis-hamilton-e-da-passo-importante-rumo-ao-titulo\/\">+OPINI\u00c3O GP: Verstappen golpeia forte Hamilton e d\u00e1 passo importante rumo ao t\u00edtulo<\/a><\/strong><br><strong><a href=\"https:\/\/grandepremium.grandepremio.com\/br\/analise\/f1\/materias\/a-mercedes-prova-do-seu-proprio-veneno-contra-a-red-bull\/\">+AN\u00c1LISE: A Mercedes prova do seu pr\u00f3prio veneno contra a Red Bull<\/a><\/strong><br><strong>+<a href=\"https:\/\/www.grandepremio.com\/br\/web-stories\/f1\/classificacao-campeonato-mundial-pontuacao-formula-1-2021-resultado-gp-eua\/\">Resultado e a classifica\u00e7\u00e3o da\u00a0<\/a><a href=\"https:\/\/www.grandepremio.com\/br\/f1\/\" target=\"_blank\" rel=\"noreferrer noopener\">F\u00f3rmula 1<\/a>\u00a0<a href=\"https:\/\/www.grandepremio.com\/br\/web-stories\/f1\/classificacao-campeonato-mundial-pontuacao-formula-1-2021-resultado-gp-eua\/\">depois do GP dos Estados Unidos<\/a><\/strong><\/p>\n\n\n\n<figure class=\"wp-block-image size-large\"><img decoding=\"async\" src=\"https:\/\/www.grandepremio.com\/br\/wp-content\/uploads\/2021\/10\/Camara-3-819x1024.jpg\" alt=\"RAFAEL C\u00c2MARA; CHAMPIONS OF THE FUTURE;\" class=\"wp-image-519987\"\/><figcaption>Rafael C\u00e2mara confirmou mais um t\u00edtulo em 2021 (Foto: Manuela Nicoleti\/Ferrari Promo)<\/figcaption><\/figure>\n\n\n\n<p class=\"wp-block-paragraph\">Na pontua\u00e7\u00e3o final da etapa, o top-5 foi formado por Tsolov, Rafa C\u00e2mara, o brit\u00e2nico Arvid Lindblad, o sueco Norton Andreasson e o tamb\u00e9m brasileiro Matheus Morgatto.<\/p>\n\n\n\n<p class=\"wp-block-paragraph\">Na lista final do torneio, C\u00e2mara confirmou o t\u00edtulo com 260 pontos, contra 256 de Lindblad, que \u00e9 piloto membro do programa de jovens da Red Bull. Tsolov finalizou em terceiro, com 249, seguido pelo finland\u00eas Tuuka Taponen e por Morgatto, que concluiu o campeonato com 221 tentos.<\/p>\n\n\n\n<p class=\"wp-block-paragraph\">Vice-campe\u00e3o mundial em 2019, C\u00e2mara conquistou, em 2021, t\u00edtulos pesados o kartismo: o WSK Champions Cup e o WSK Super Masters Series, al\u00e9m do vice-campeonato do Europeu de Kart.<\/p>\n\n\n\n<p class=\"wp-block-paragraph\"><strong>\u25b6\ufe0f\u00a0Inscreva-se nos dois canais do GRANDE PR\u00caMIO no YouTube:\u00a0<a href=\"https:\/\/www.youtube.com\/channel\/UC9OlHEgxoaY6QY6nWPoiqQg?sub_confirmation=1\" target=\"_blank\" rel=\"noreferrer noopener\">GP<\/a>\u00a0|\u00a0<a href=\"https:\/\/www.youtube.com\/channel\/UC9csiS6q_C3C0FYhyr1rnFA?sub_confirmation=1\" target=\"_blank\" rel=\"noreferrer noopener\">GP2<\/a><\/strong><\/p>\n\n\n\n<p class=\"wp-block-paragraph\">Ao falar sobre a conquista neste fim de semana, C\u00e2mara comemorou e destacou a consist\u00eancia em todas as etapas. \u201cEst\u00e1vamos bem r\u00e1pidos e foi um bom campeonato. Fico contente pela conquista de mais um t\u00edtulo, especialmente porque o campeonato passou por tr\u00eas pistas importantes: Genk, Zuera e Campillos, e est\u00e1vamos competitivos em todas elas\u201d.<\/p>\n\n\n\n<p class=\"wp-block-paragraph\">\u201cAgrade\u00e7o mais uma vez \u00e0 equipe Kart Republic pelo equipamento e ao suporte que vem do Brasil pela Oak Racing e DManagement. A hist\u00f3ria da temporada 2021 tem sido muito bonita e vamos acelerar com toda motiva\u00e7\u00e3o para escrever o cap\u00edtulo final no Campeonato Mundial\u201d, concluiu.<\/p>\n\n\n\n<figure class=\"wp-block-video\"><video class=\"video-js vjs-big-play-centered\" data-gp-vjs=\"1\" controls src=\"https:\/\/www.grandepremio.com\/br\/wp-content\/uploads\/2021\/10\/SarrazinExtremeE.mp4\"><\/video><figcaption>St\u00e9phane Sarrazin sofreu acidente forte na Sardenha, mas escapou ileso (V\u00eddeo: Extreme E)<\/figcaption><\/figure>\n","protected":false},"excerpt":{"rendered":"<p>A uma semana da disputa do Mundial de Kart em Campillos, na Espanha, o pernambucano Rafael C\u00e2mara faturou mais um t\u00edtulo na temporada. Matheus Morgatto foi o quinto colocado<\/p>\n","protected":false},"author":0,"featured_media":1000519988,"comment_status":"closed","ping_status":"closed","sticky":false,"template":"","format":"standard","meta":{"42wp_featured_image_caption":"","42wp_featured_image_credits":"","42wp_featured_video":"","42wp_featured_image_hidden":false,"42wp_authors_list":[],"footnotes":""},"categories":[6],"tags":[24836,1461,3262,27860],"42wp_author":[47110],"class_list":["post-116809","post","type-post","status-publish","format-standard","has-post-thumbnail","hentry","category-kart","tag-grande-premio-2","tag-kart","tag-mundial-de-kart","tag-rafael-camara","42wp_author-fernando-silva"],"_links":{"self":[{"href":"https:\/\/grandepremio.com\/br\/wp-json\/wp\/v2\/posts\/116809","targetHints":{"allow":["GET"]}}],"collection":[{"href":"https:\/\/grandepremio.com\/br\/wp-json\/wp\/v2\/posts"}],"about":[{"href":"https:\/\/grandepremio.com\/br\/wp-json\/wp\/v2\/types\/post"}],"replies":[{"embeddable":true,"href":"https:\/\/grandepremio.com\/br\/wp-json\/wp\/v2\/comments?post=116809"}],"version-history":[{"count":0,"href":"https:\/\/grandepremio.com\/br\/wp-json\/wp\/v2\/posts\/116809\/revisions"}],"wp:featuredmedia":[{"embeddable":true,"href":"https:\/\/grandepremio.com\/br\/wp-json\/wp\/v2\/media\/1000519988"}],"wp:attachment":[{"href":"https:\/\/grandepremio.com\/br\/wp-json\/wp\/v2\/media?parent=116809"}],"wp:term":[{"taxonomy":"category","embeddable":true,"href":"https:\/\/grandepremio.com\/br\/wp-json\/wp\/v2\/categories?post=116809"},{"taxonomy":"post_tag","embeddable":true,"href":"https:\/\/grandepremio.com\/br\/wp-json\/wp\/v2\/tags?post=116809"},{"taxonomy":"42wp_author","embeddable":true,"href":"https:\/\/grandepremio.com\/br\/wp-json\/wp\/v2\/42wp_author?post=116809"}],"curies":[{"name":"wp","href":"https:\/\/api.w.org\/{rel}","templated":true}]}}