{"id":116905,"date":"2021-10-22T21:33:50","date_gmt":"2021-10-23T00:33:50","guid":{"rendered":"https:\/\/grandepremio.com\/br\/noticias\/sergio-jimenez-testa-positivo-covid-19-perde-etapa-velocitta-danilo-dirani-substitui\/"},"modified":"2021-10-22T21:40:59","modified_gmt":"2021-10-23T00:40:59","slug":"sergio-jimenez-testa-positivo-covid-19-perde-etapa-velocitta-danilo-dirani-substitui","status":"publish","type":"post","link":"https:\/\/grandepremio.com\/br\/stock-car\/sergio-jimenez-testa-positivo-covid-19-perde-etapa-velocitta-danilo-dirani-substitui\/","title":{"rendered":"Jimenez testa positivo para Covid-19 e perde etapa no Velocitta. Dirani substitui"},"content":{"rendered":"\n<figure class=\"wp-block-embed is-type-video is-provider-youtube wp-block-embed-youtube wp-embed-aspect-16-9 wp-has-aspect-ratio\"><div class=\"wp-block-embed__wrapper\">\n<iframe loading=\"lazy\" title=\"VERSTAPPEN MANDA DEDO DO MEIO PARA HAMILTON NO TL DA F1 EM AUSTIN. RIVALIDADE FOR\u00c7ADA? | Briefing\" width=\"500\" height=\"281\" src=\"https:\/\/www.youtube.com\/embed\/4CpH8th5-x8?feature=oembed\" frameborder=\"0\" allow=\"accelerometer; autoplay; clipboard-write; encrypted-media; gyroscope; picture-in-picture; web-share\" referrerpolicy=\"strict-origin-when-cross-origin\" allowfullscreen><\/iframe>\n<\/div><figcaption>VERSTAPPEN MANDA DEDO DO MEIO PARA HAMILTON NO TL DA F1 EM AUSTIN. RIVALIDADE FOR\u00c7ADA? | Briefing<br><\/figcaption><\/figure>\n\n\n\n<p class=\"wp-block-paragraph\">Sergio Jimenez n\u00e3o participar\u00e1 da 10\u00aa e antepen\u00faltima etapa da Stock Car no Aut\u00f3dromo Velocitta, em Mogi Gua\u00e7u, interior de S\u00e3o Paulo, neste fim de semana. O piloto da equipe Scuderia CJ testou positivo para a Covid-19 e, por isso, d\u00e1 lugar a Danilo Dirani, que disputa a Copa Truck nesta temporada. <\/p>\n\n\n\n<p class=\"wp-block-paragraph\">Jimenez anunciou por suas redes sociais a aus\u00eancia nas corridas. O piloto ocupa at\u00e9 o momento a 28\u00aa posi\u00e7\u00e3o do campeonato, com 27 pontos.<\/p>\n\n\n\n<p class=\"wp-block-paragraph\">&#8220;Infelizmente testei positivo para Covid-19. N\u00e3o estou sentindo nada, apenas estou com um pouco de gripe, mas sem nenhum sintoma, zerado. Estou triste por n\u00e3o poder correr. Faz parte, espero estar de volta na pr\u00f3xima&#8221;, disse ele. <\/p>\n\n\n\n<p class=\"wp-block-paragraph\"><strong>\u25b6\ufe0f&nbsp;Inscreva-se nos dois canais do GRANDE PR\u00caMIO no YouTube:&nbsp;<a href=\"https:\/\/www.youtube.com\/channel\/UC9OlHEgxoaY6QY6nWPoiqQg?sub_confirmation=1\" target=\"_blank\" rel=\"noreferrer noopener\">GP<\/a>&nbsp;|&nbsp;<a href=\"https:\/\/www.youtube.com\/channel\/UC9csiS6q_C3C0FYhyr1rnFA?sub_confirmation=1\" target=\"_blank\" rel=\"noreferrer noopener\">GP2<\/a><\/strong><\/p>\n\n\n\n<figure class=\"wp-block-image size-large\"><img decoding=\"async\" src=\"https:\/\/www.grandepremio.com\/br\/wp-content\/uploads\/2021\/05\/51181373803_c28fa96888_h-1024x682.jpg\" alt=\"\" class=\"wp-image-474470\"\/><figcaption>Sergio Jimenez \u00e9 o 28\u00ba colocado do campeonato (Foto: Duda Bairros)<\/figcaption><\/figure>\n\n\n\n<p class=\"wp-block-paragraph\">Dirani, que tem tr\u00eas vit\u00f3rias nesta ano pela Copa Truck, j\u00e1 correu pela Stock Car. Ele estreou na categoria em 2007, teve uma participa\u00e7\u00e3o parcial em 2016 e competiu pela Corrida de Duplas ao lado do tricampe\u00e3o e atual vice-l\u00edder do campeonato, Daniel Serra. Ele tamb\u00e9m faria a prova de duplas com Gaetano Di Mauro pela Shell em 2020, mas a prova n\u00e3o aconteceu por conta do novo coronav\u00edrus. <\/p>\n\n\n\n<p class=\"wp-block-paragraph\">A antepen\u00faltima etapa da Stock Car acontece neste fim de semana, no  Velocitta. O&nbsp;<strong>GRANDE PR\u00caMIO<\/strong>&nbsp;faz a cobertura completa.<\/p>\n\n\n\n<figure class=\"wp-block-embed is-type-video is-provider-youtube wp-block-embed-youtube wp-embed-aspect-16-9 wp-has-aspect-ratio\"><div class=\"wp-block-embed__wrapper\">\n<iframe loading=\"lazy\" title=\"OS PONTOS FRACOS E FORTES DE MERCEDES E RED BULL NA RETA FINAL DE 2022\" width=\"500\" height=\"281\" src=\"https:\/\/www.youtube.com\/embed\/eA0EeEKrIOA?feature=oembed\" frameborder=\"0\" allow=\"accelerometer; autoplay; clipboard-write; encrypted-media; gyroscope; picture-in-picture; web-share\" referrerpolicy=\"strict-origin-when-cross-origin\" allowfullscreen><\/iframe>\n<\/div><\/figure>\n\n\n\n<p class=\"wp-block-paragraph\"><\/p>\n","protected":false},"excerpt":{"rendered":"<p>Por testar positivo para Covid-19, Sergio Jimenez ficar\u00e1 fora da 10\u00aa e antepen\u00faltima etapa da Stock Car no Velocitta. Danilo Dirani substitui <\/p>\n","protected":false},"author":0,"featured_media":1000511584,"comment_status":"closed","ping_status":"closed","sticky":false,"template":"","format":"standard","meta":{"42wp_featured_image_caption":"","42wp_featured_image_credits":"","42wp_featured_video":"","42wp_featured_image_hidden":false,"42wp_authors_list":[],"footnotes":""},"categories":[11],"tags":[24858,1491,24830,29724,1515,69,1170,26418],"42wp_author":[47139],"class_list":["post-116905","post","type-post","status-publish","format-standard","has-post-thumbnail","hentry","category-stock-car","tag-covid-19","tag-grande-premio","tag-pandemia","tag-scuderia-cj","tag-sergio-jimenez","tag-stock-car","tag-stock-car-2021","tag-velocitta-2","42wp_author-ana-cerveira"],"_links":{"self":[{"href":"https:\/\/grandepremio.com\/br\/wp-json\/wp\/v2\/posts\/116905","targetHints":{"allow":["GET"]}}],"collection":[{"href":"https:\/\/grandepremio.com\/br\/wp-json\/wp\/v2\/posts"}],"about":[{"href":"https:\/\/grandepremio.com\/br\/wp-json\/wp\/v2\/types\/post"}],"replies":[{"embeddable":true,"href":"https:\/\/grandepremio.com\/br\/wp-json\/wp\/v2\/comments?post=116905"}],"version-history":[{"count":0,"href":"https:\/\/grandepremio.com\/br\/wp-json\/wp\/v2\/posts\/116905\/revisions"}],"wp:featuredmedia":[{"embeddable":true,"href":"https:\/\/grandepremio.com\/br\/wp-json\/wp\/v2\/media\/1000511584"}],"wp:attachment":[{"href":"https:\/\/grandepremio.com\/br\/wp-json\/wp\/v2\/media?parent=116905"}],"wp:term":[{"taxonomy":"category","embeddable":true,"href":"https:\/\/grandepremio.com\/br\/wp-json\/wp\/v2\/categories?post=116905"},{"taxonomy":"post_tag","embeddable":true,"href":"https:\/\/grandepremio.com\/br\/wp-json\/wp\/v2\/tags?post=116905"},{"taxonomy":"42wp_author","embeddable":true,"href":"https:\/\/grandepremio.com\/br\/wp-json\/wp\/v2\/42wp_author?post=116905"}],"curies":[{"name":"wp","href":"https:\/\/api.w.org\/{rel}","templated":true}]}}