{"id":116942,"date":"2021-10-21T15:19:07","date_gmt":"2021-10-21T18:19:07","guid":{"rendered":"https:\/\/grandepremio.com\/br\/noticias\/wgp-f1-eua-tem-nba-verstappen-fora-drive-to-survive\/"},"modified":"2021-10-21T15:19:14","modified_gmt":"2021-10-21T18:19:14","slug":"wgp-f1-eua-tem-nba-verstappen-fora-drive-to-survive","status":"publish","type":"post","link":"https:\/\/grandepremio.com\/br\/grande-premio\/wgp-f1-eua-tem-nba-verstappen-fora-drive-to-survive\/","title":{"rendered":"WGP: F1 nos EUA tem NBA e Verstappen fora de &#8216;Drive to Survive&#8217;"},"content":{"rendered":"\n<p class=\"wp-block-paragraph\">A F\u00f3rmula 1 j\u00e1 est\u00e1 em solo americano para a disputa do GP dos Estados Unidos de 2021, 17\u00aa etapa da temporada. Com o grande objetivo de fidelizar ainda mais f\u00e3s, a categoria estipulou toda uma programa\u00e7\u00e3o de eventos para as equipes e os pilotos, sobretudo ao firmar uma parceria com a <a href=\"https:\/\/www.grandepremio.com\/br\/f1\/noticias\/formula-1-fecha-parceria-nba-para-criacao-conteudos-eventos-gp-dos-eua\/\" target=\"_blank\" rel=\"noreferrer noopener\">NBA, liga profissional americana de basquete, para uma promo\u00e7\u00e3o nas redes sociais e atividades fora das pistas<\/a>. Al\u00e9m disso, outro grande assunto desta quinta-feira (21), foi a decis\u00e3o tamb\u00e9m de Verstappen <a href=\"https:\/\/www.grandepremio.com\/br\/f1\/noticias\/max-verstappen-se-recusa-participar-drive-to-survive-fingem-rivalidades-que-nao-existem\/\" target=\"_blank\" rel=\"noreferrer noopener\">n\u00e3o fazer parte da temporada nova de \u2018Drive to Survive\u2019<\/a>.<\/p>\n\n\n\n<p class=\"wp-block-paragraph\">&#8220;Entendo que isso precisa ser feito para aumentar a popularidade [da F\u00f3rmula 1] nos Estados Unidos. Mas, da minha parte, enquanto piloto, n\u00e3o gosto de fazer parte disso&#8221;, disparou. &#8220;Eles fingiram algumas rivalidades que realmente n\u00e3o existem. Por isso, decidi n\u00e3o fazer parte e n\u00e3o dei mais entrevistas depois disso, porque a\u00ed n\u00e3o tem nada que voc\u00ea possa mostrar\u201d, comentou Verstappen.<\/p>\n\n\n\n<figure class=\"wp-block-image size-large\"><img decoding=\"async\" src=\"https:\/\/www.grandepremio.com\/br\/wp-content\/uploads\/2020\/05\/000_9PE4RH-1024x683.jpg\" alt=\"\" class=\"wp-image-516139\"\/><figcaption>Max Verstappen se recusa a participar novamente de &#8216;Drive to Survive&#8217; (Foto: AFP)<\/figcaption><\/figure>\n\n\n\n<p class=\"wp-block-paragraph\">Por isso, o <strong>WGP<\/strong> discutiu sobre a prova de Austin neste fim de semana, as declara\u00e7\u00f5es do holand\u00eas e a grande expectativa da prova norte-americana com um novo embate entre Lewis Hamilton e Max Verstappen: quem se dar\u00e1 melhor no Circuito das Am\u00e9ricas?<\/p>\n\n\n\n<p class=\"wp-block-paragraph\">O programa tamb\u00e9m comentou sobre a MotoGP e a etapa da categoria de motovelocidade em Misano: as chances matem\u00e1ticas para o t\u00edtulo de Fabio Quartararo, a despedida de Valentino Rossi \u00e0 torcidade italiana, e muito mais. O WGP \u00e9 apresentado por Evelyn Guimar\u00e3es e tem coment\u00e1rios de Juliana Tesser e Ana Paula Cerveira. A produ\u00e7\u00e3o \u00e9 de Rodrigo Berton.<\/p>\n\n\n\n<p class=\"wp-block-paragraph\">Assista j\u00e1 ao programa!<\/p>\n\n\n\n<figure class=\"wp-block-embed is-type-video is-provider-youtube wp-block-embed-youtube wp-embed-aspect-16-9 wp-has-aspect-ratio\"><div class=\"wp-block-embed__wrapper\">\n<iframe loading=\"lazy\" title=\"F1 NOS EUA TEM NBA E VERSTAPPEN FORA DE &amp;apos;DRIVE TO SURVIVE&amp;apos; + MOTOGP | WGP\" width=\"500\" height=\"281\" src=\"https:\/\/www.youtube.com\/embed\/WeI4r34fFYk?feature=oembed\" frameborder=\"0\" allow=\"accelerometer; autoplay; clipboard-write; encrypted-media; gyroscope; picture-in-picture; web-share\" referrerpolicy=\"strict-origin-when-cross-origin\" allowfullscreen><\/iframe>\n<\/div><\/figure>\n","protected":false},"excerpt":{"rendered":"<p>F1 em parceria com NBA no GP dos EUA, Max Verstappen fora da s\u00e9rie &#8216;Drive to Survive&#8217; e a MotoGP em Misano. Os assuntos do WGP desta quinta-feira (21)<\/p>\n","protected":false},"author":0,"featured_media":1000518191,"comment_status":"closed","ping_status":"closed","sticky":false,"template":"","format":"standard","meta":{"42wp_featured_image_caption":"","42wp_featured_image_credits":"","42wp_featured_video":"","42wp_featured_image_hidden":false,"42wp_authors_list":[],"footnotes":""},"categories":[4],"tags":[147,156,24837,24977,2318,24836,87,203,82,78,696,204],"42wp_author":[47139],"class_list":["post-116942","post","type-post","status-publish","format-standard","has-post-thumbnail","hentry","category-grande-premio","tag-f1","tag-f1-2021","tag-formula-1-2","tag-gp-dos-estados-unidos","tag-gp-dos-eua","tag-grande-premio-2","tag-lewis-hamilton","tag-max-verstappen","tag-mercedes","tag-motogp","tag-nba","tag-red-bull","42wp_author-ana-cerveira"],"_links":{"self":[{"href":"https:\/\/grandepremio.com\/br\/wp-json\/wp\/v2\/posts\/116942","targetHints":{"allow":["GET"]}}],"collection":[{"href":"https:\/\/grandepremio.com\/br\/wp-json\/wp\/v2\/posts"}],"about":[{"href":"https:\/\/grandepremio.com\/br\/wp-json\/wp\/v2\/types\/post"}],"replies":[{"embeddable":true,"href":"https:\/\/grandepremio.com\/br\/wp-json\/wp\/v2\/comments?post=116942"}],"version-history":[{"count":0,"href":"https:\/\/grandepremio.com\/br\/wp-json\/wp\/v2\/posts\/116942\/revisions"}],"wp:featuredmedia":[{"embeddable":true,"href":"https:\/\/grandepremio.com\/br\/wp-json\/wp\/v2\/media\/1000518191"}],"wp:attachment":[{"href":"https:\/\/grandepremio.com\/br\/wp-json\/wp\/v2\/media?parent=116942"}],"wp:term":[{"taxonomy":"category","embeddable":true,"href":"https:\/\/grandepremio.com\/br\/wp-json\/wp\/v2\/categories?post=116942"},{"taxonomy":"post_tag","embeddable":true,"href":"https:\/\/grandepremio.com\/br\/wp-json\/wp\/v2\/tags?post=116942"},{"taxonomy":"42wp_author","embeddable":true,"href":"https:\/\/grandepremio.com\/br\/wp-json\/wp\/v2\/42wp_author?post=116942"}],"curies":[{"name":"wp","href":"https:\/\/api.w.org\/{rel}","templated":true}]}}