{"id":116967,"date":"2021-10-20T11:53:56","date_gmt":"2021-10-20T14:53:56","guid":{"rendered":"https:\/\/grandepremio.com\/br\/noticias\/pedro-acosta-misano-1-match-point-moto3-confira-matematica-titulo\/"},"modified":"2021-10-20T11:54:03","modified_gmt":"2021-10-20T14:54:03","slug":"pedro-acosta-misano-1-match-point-moto3-confira-matematica-titulo","status":"publish","type":"post","link":"https:\/\/grandepremio.com\/br\/motogp\/pedro-acosta-misano-1-match-point-moto3-confira-matematica-titulo\/","title":{"rendered":"Acosta chega a Misano com 1\u00ba match-point da Moto3. Confira matem\u00e1tica do t\u00edtulo"},"content":{"rendered":"\n<figure class=\"wp-block-embed is-type-video is-provider-youtube wp-block-embed-youtube wp-embed-aspect-16-9 wp-has-aspect-ratio\"><div class=\"wp-block-embed__wrapper\">\n<iframe loading=\"lazy\" title=\"ADEUS DE ROSSI E TRIBUTO A SIMONCELLI: MOTOGP TRANSBORDA EMO\u00c7\u00c3O EM MISANO | GP \u00e0s 10\" width=\"500\" height=\"281\" src=\"https:\/\/www.youtube.com\/embed\/M07p5Qbx4oA?feature=oembed\" frameborder=\"0\" allow=\"accelerometer; autoplay; clipboard-write; encrypted-media; gyroscope; picture-in-picture; web-share\" referrerpolicy=\"strict-origin-when-cross-origin\" allowfullscreen><\/iframe>\n<\/div><figcaption>ADEUS DE ROSSI E TRIBUTO A SIMONCELLI: MOTOGP TRANSBORDA EMO\u00c7\u00c3O EM MISANO | GP \u00e0s 10<\/figcaption><\/figure>\n\n\n\n<p class=\"wp-block-paragraph\">Pedro Acosta vai para o GP do Feito na It\u00e1lia e da Emilia-Romanha com a primeira chance de fechar a briga pelo t\u00edtulo de 2021 da Moto3. Aos 17 anos, o espanhol chega para a segunda corrida de Misano com 30 pontos de vantagem para Dennis Foggia e, assim, pode colocar as m\u00e3os na ta\u00e7a j\u00e1 neste fim de semana.<\/p>\n\n\n\n<p class=\"wp-block-paragraph\">Matematicamente, ainda s\u00e3o tr\u00eas pilotos vivos na briga: Acosta, Foggia e Sergio Garc\u00eda. O <a href=\"https:\/\/www.grandepremio.com\/br\/motogp\/noticias\/sergio-garcia-fica-fora-etapa-misano-moto3-apos-sofrer-lesao-rins-queda-austin\/\">piloto da Aspar, contudo, n\u00e3o estar\u00e1 em Misano por conta da les\u00e3o que sofreu durante os treinos do GP das Am\u00e9ricas<\/a>. Assim, o espanhol que hoje tem 50 pontos de atraso na briga j\u00e1 est\u00e1 fora do p\u00e1reo.<\/p>\n\n\n\n<figure class=\"wp-block-image size-large\"><img decoding=\"async\" src=\"https:\/\/www.grandepremio.com\/br\/wp-content\/uploads\/2021\/04\/GH29977-scaled-1-1024x683.jpg\" alt=\"\" class=\"wp-image-461390\"\/><figcaption>Pedro Acosta pode sair campe\u00e3o j\u00e1 de Misano (Foto: Ajo)<\/figcaption><\/figure>\n\n\n\n<p class=\"wp-block-paragraph\"><strong>MATEM\u00c1TICA DO T\u00cdTULO<\/strong><br><strong><a href=\"https:\/\/www.grandepremio.com\/br\/web-stories\/motogp\/match-point-1-matematica-fabio-quartararo-campeao-misano\/\">Com 52 pontos de frente, Quartararo tem primeira chance de fechar t\u00edtulo de 2021 da MotoGP em Misano<\/a><\/strong><\/p>\n\n\n\n<p class=\"wp-block-paragraph\">Sendo assim, Acosta tem Foggia como \u00fanico rival na briga. Para garantir o t\u00edtulo com anteced\u00eancia, por\u00e9m, o espanhol de Mazarr\u00f3n precisa de uma combina\u00e7\u00e3o especifica de resultados.<\/p>\n\n\n\n<p class=\"wp-block-paragraph\">Pedro s\u00f3 sair\u00e1 campe\u00e3o de Misano se vencer a corrida e Foggia n\u00e3o passar da 12\u00aa coloca\u00e7\u00e3o. Qualquer resultado diferente disso adia a disputa para o GP do Algarve, pen\u00faltima etapa da temporada 2021.<\/p>\n\n\n\n<p class=\"wp-block-paragraph\">A\u00a0<a href=\"https:\/\/www.grandepremio.com\/br\/motogp\/\" target=\"_blank\" rel=\"noreferrer noopener\">MotoGP<\/a>\u00a0volta \u00e0s pistas no pr\u00f3ximo dia 24 de outubro para o GP do Feito na It\u00e1lia e da Em\u00edlia-Romanha, em Misano. O\u00a0<strong>GRANDE PR\u00caMIO<\/strong>\u00a0<a href=\"https:\/\/www.grandepremio.com\/br\/motogp\/ultimas-noticias\/\" target=\"_blank\" rel=\"noreferrer noopener\">acompanha todas as atividades<\/a>\u00a0do Mundial de\u00a0<a href=\"https:\/\/www.grandepremio.com\/br\/motogp\/\" target=\"_blank\" rel=\"noreferrer noopener\">Motovelocidade<\/a>\u00a02021.<\/p>\n\n\n\n<p class=\"wp-block-paragraph\"><strong>Siga o Grande Pr\u00eamio no&nbsp;<a rel=\"noreferrer noopener\" href=\"https:\/\/twitter.com\/grandepremio\" target=\"_blank\">Twitter&nbsp;<\/a>e no&nbsp;<a rel=\"noreferrer noopener\" href=\"https:\/\/instagram.com\/grandepremio\" target=\"_blank\">Instagram<\/a>.<\/strong><\/p>\n\n\n\n<p class=\"wp-block-paragraph\"><strong>LEIA TAMB\u00c9M<\/strong><br>#\u00a0<a href=\"https:\/\/www.grandepremio.com\/br\/motogp\/noticias\/quartararo-tem-primeiro-match-point-da-temporada-em-misano-confira-classificacao\/\"><strong>Quartararo aumenta vantagem e tem primeiro match-point da\u00a0MotoGP\u00a0em Misano<\/strong><\/a><br>#\u00a0<strong><a href=\"https:\/\/www.grandepremio.com\/br\/motogp\/noticias\/marc-marquez-devora-adversarios-reestabelece-reinado-circuito-americas\/\">Marc M\u00e1rquez devora advers\u00e1rios e reestabelece reinado no\u00a0<\/a><a href=\"https:\/\/www.grandepremio.com\/br\/etapa\/f1\/gp-dos-eua-formula-1-2021\/\" target=\"_blank\" rel=\"noreferrer noopener\">Circuito das Am\u00e9ricas<\/a><\/strong><br>#\u00a0<strong><a href=\"https:\/\/grandepremium.grandepremio.com\/br\/10\/motogp\/materias\/o-ano-de-quartararo-na-motogp\/\" target=\"_blank\" rel=\"noreferrer noopener\">Dez fatores que explicam por que Quartararo est\u00e1 a caminho do t\u00edtulo da MotoGP<\/a><\/strong><br>#\u00a0<strong><a href=\"https:\/\/www.grandepremio.com\/br\/motogp\/noticias\/suzuki-aparece-irregular-longe-vitorias-joan-mir-defesa-titulo-escorrer-ralo\/\">Suzuki aparece irregular e longe das vit\u00f3rias, e Mir v\u00ea defesa do t\u00edtulo escapar<\/a><\/strong><br>#\u00a0<strong><a href=\"https:\/\/grandepremium.grandepremio.com\/br\/lado-a-lado\/motogp\/materias\/marc-marquez-2011-x-raul-fernandez-2021\/\">Marc M\u00e1rquez 2011 x Ra\u00fal Fern\u00e1ndez 2021: recordistas de vit\u00f3rias na estreia na Moto2<\/a><\/strong><br>#\u00a0<strong><a href=\"https:\/\/www.grandepremio.com\/br\/motogp\/noticias\/motogp-estica-corda-maior-calendario-historia-temporada-2022\/\">MotoGP estica corda com maior calend\u00e1rio da hist\u00f3ria para temporada 2022<\/a><\/strong><br>#\u00a0<strong><a href=\"https:\/\/www.grandepremio.com\/br\/motogp\/noticias\/esquerda-direita-estatisticas-forca-marc-marquez-motogp\/\">Esquerda ou direita? O que estat\u00edsticas dizem sobre for\u00e7a de Marc M\u00e1rquez na MotoGP<\/a><\/strong><br>#\u00a0<strong><a href=\"https:\/\/www.grandepremio.com\/br\/motogp\/noticias\/gardner-x-raul-fernandez-duo-da-ajo-engrandece-disputa-da-moto2-em-2021\/\">Gardner x Ra\u00fal Fern\u00e1ndez: duo da Ajo engrandece disputa da Moto2 na temporada 2021<\/a><\/strong><br>#\u00a0<strong><a href=\"https:\/\/www.grandepremio.com\/br\/motogp\/noticias\/ducati-forma-alianca-para-ajudar-francesco-bagnaia-derrotar-fabio-quartararo-reta-final-motogp\/\">Ducati forma alian\u00e7a para ajudar Bagnaia a derrotar Quartararo na reta final da MotoGP<\/a><\/strong><\/p>\n\n\n\n<figure class=\"wp-block-embed is-type-video is-provider-youtube wp-block-embed-youtube wp-embed-aspect-16-9 wp-has-aspect-ratio\"><div class=\"wp-block-embed__wrapper\">\n<iframe loading=\"lazy\" title=\"MOTOGP MOSTRA DUAS CARAS EM DECIS\u00d5ES ENVOLVENDO SEGURAN\u00c7A EM 2021 | GP \u00e0s 10\" width=\"500\" height=\"281\" src=\"https:\/\/www.youtube.com\/embed\/V6ASM5PqpZw?feature=oembed\" frameborder=\"0\" allow=\"accelerometer; autoplay; clipboard-write; encrypted-media; gyroscope; picture-in-picture; web-share\" referrerpolicy=\"strict-origin-when-cross-origin\" allowfullscreen><\/iframe>\n<\/div><figcaption>MOTOGP MOSTRA DUAS CARAS EM DECIS\u00d5ES ENVOLVENDO SEGURAN\u00c7A EM 2021 | GP \u00e0s 10<\/figcaption><\/figure>\n","protected":false},"excerpt":{"rendered":"<p>Com a aus\u00eancia de Sergio Garc\u00eda, Dennis Foggia passa a ser o \u00fanico com chances de impedir a conquista do espanhol na primeira tentativa. T\u00edtulo no GP do Feito na It\u00e1lia e da Em\u00edlia-Romanha depende de uma combina\u00e7\u00e3o espec\u00edfica de resultados<\/p>\n","protected":false},"author":0,"featured_media":1000510253,"comment_status":"closed","ping_status":"closed","sticky":false,"template":"","format":"standard","meta":{"42wp_featured_image_caption":"","42wp_featured_image_credits":"","42wp_featured_video":"","42wp_featured_image_hidden":false,"42wp_authors_list":[],"footnotes":""},"categories":[8],"tags":[27212,24854,2264,79,1809,78,490,28765,28764,25819,28345,28766,27587,26690],"42wp_author":[47113],"class_list":["post-116967","post","type-post","status-publish","format-standard","has-post-thumbnail","hentry","category-motogp","tag-calendario-motogp-2021","tag-classificacao-motogp-2","tag-dennis-foggia","tag-moto-gp","tag-moto3","tag-motogp","tag-motogp-2021","tag-motogp-2021-calendario","tag-motogp-classificacao-2021","tag-motogp-hoje","tag-motogp-horarios","tag-motogp-standings","tag-pedro-acosta","tag-pilotos-motogp","42wp_author-juliana-tesser"],"_links":{"self":[{"href":"https:\/\/grandepremio.com\/br\/wp-json\/wp\/v2\/posts\/116967","targetHints":{"allow":["GET"]}}],"collection":[{"href":"https:\/\/grandepremio.com\/br\/wp-json\/wp\/v2\/posts"}],"about":[{"href":"https:\/\/grandepremio.com\/br\/wp-json\/wp\/v2\/types\/post"}],"replies":[{"embeddable":true,"href":"https:\/\/grandepremio.com\/br\/wp-json\/wp\/v2\/comments?post=116967"}],"version-history":[{"count":0,"href":"https:\/\/grandepremio.com\/br\/wp-json\/wp\/v2\/posts\/116967\/revisions"}],"wp:featuredmedia":[{"embeddable":true,"href":"https:\/\/grandepremio.com\/br\/wp-json\/wp\/v2\/media\/1000510253"}],"wp:attachment":[{"href":"https:\/\/grandepremio.com\/br\/wp-json\/wp\/v2\/media?parent=116967"}],"wp:term":[{"taxonomy":"category","embeddable":true,"href":"https:\/\/grandepremio.com\/br\/wp-json\/wp\/v2\/categories?post=116967"},{"taxonomy":"post_tag","embeddable":true,"href":"https:\/\/grandepremio.com\/br\/wp-json\/wp\/v2\/tags?post=116967"},{"taxonomy":"42wp_author","embeddable":true,"href":"https:\/\/grandepremio.com\/br\/wp-json\/wp\/v2\/42wp_author?post=116967"}],"curies":[{"name":"wp","href":"https:\/\/api.w.org\/{rel}","templated":true}]}}