{"id":116978,"date":"2021-10-20T04:30:00","date_gmt":"2021-10-20T07:30:00","guid":{"rendered":"https:\/\/grandepremio.com\/br\/noticias\/mclaren-ve-regulamento-2022-restritivo-descarta-coisas-difusor-duplo\/"},"modified":"2021-10-19T18:38:38","modified_gmt":"2021-10-19T21:38:38","slug":"mclaren-ve-regulamento-2022-restritivo-descarta-coisas-difusor-duplo","status":"publish","type":"post","link":"https:\/\/grandepremio.com\/br\/f1\/mclaren-ve-regulamento-2022-restritivo-descarta-coisas-difusor-duplo\/","title":{"rendered":"McLaren v\u00ea regulamento para 2022 &#8220;restritivo&#8221; e descarta &#8220;coisas como difusor duplo&#8221;"},"content":{"rendered":"\n<figure class=\"wp-block-embed is-type-video is-provider-youtube wp-block-embed-youtube wp-embed-aspect-16-9 wp-has-aspect-ratio\"><div class=\"wp-block-embed__wrapper\">\n<iframe loading=\"lazy\" title=\"F1 2021 INVADE AM\u00c9RICA PARA FINAL ANTECIPADA + CALEND\u00c1RIO MAIS LONGO EM 2022 | Paddock GP #261\" width=\"500\" height=\"281\" src=\"https:\/\/www.youtube.com\/embed\/OET86RPPHrY?feature=oembed\" frameborder=\"0\" allow=\"accelerometer; autoplay; clipboard-write; encrypted-media; gyroscope; picture-in-picture; web-share\" referrerpolicy=\"strict-origin-when-cross-origin\" allowfullscreen><\/iframe>\n<\/div><figcaption>F1 2021 INVADE AM\u00c9RICA PARA FINAL ANTECIPADA + CALEND\u00c1RIO MAIS LONGO EM 2022 | Paddock GP\u00a0<a href=\"https:\/\/www.youtube.com\/hashtag\/261\">#261<\/a><br><\/figcaption><\/figure>\n\n\n\n<p class=\"wp-block-paragraph\">\u00c9 verdade que muitos recursos utilizados na F\u00f3rmula 1 geram questionamentos e indaga\u00e7\u00f5es sobre serem de acordo com as regras ou n\u00e3o. O difusor duplo da Brawn em 2009 \u2014 que, mais tarde, a FIA (Federa\u00e7\u00e3o Internacional do Automobilismo) decretou ser um item regular \u2014 \u00e9 um exemplo: campe\u00e3 do Mundial de Construtores e de Pilotos com Jenson Button, a questionada ferramenta supostamente melhorava a aerodin\u00e2mica dos carros das equipes Brawn, Williams e Toyota. <\/p>\n\n\n\n<p class=\"wp-block-paragraph\">Por isso, para 2022, a F1 tenta acertar no novo regulamento para n\u00e3o abrir brechas para essas quest\u00f5es. Mas, segundo James Key, diretor-t\u00e9cnico da McLaren, n\u00e3o significa que n\u00e3o acontecer\u00e3o. Para ele, o desenvolvimento de recursos &#8216;auxiliares&#8217; ser\u00e3o sutis. Nada que ganhe um grande esc\u00e2ndalo na m\u00eddia para chamar aten\u00e7\u00e3o: &#8220;Acho que h\u00e1 muitas sutilezas a serem exploradas. E essa ser\u00e1 a jornada que teremos em 2022&#8221;, explicou. <\/p>\n\n\n\n<p class=\"wp-block-paragraph\">\u201cVoc\u00ea n\u00e3o ver\u00e1 difusores duplos e esse tipo de inova\u00e7\u00e3o enorme. O regulamento \u00e9 muito restritivo para isso. Mas haver\u00e1 outras ideias e maneiras inteligentes de abordar as coisas que come\u00e7aremos a detectar quando esses carros forem lan\u00e7ados&#8221;, continuou ele.<\/p>\n\n\n\n<p class=\"wp-block-paragraph\"><strong>\u25b6\ufe0f\u00a0Inscreva-se nos dois canais do GRANDE PR\u00caMIO no YouTube:\u00a0<a href=\"https:\/\/www.youtube.com\/channel\/UC9OlHEgxoaY6QY6nWPoiqQg?sub_confirmation=1\" target=\"_blank\" rel=\"noreferrer noopener\">GP<\/a>\u00a0|\u00a0<a href=\"https:\/\/www.youtube.com\/channel\/UC9csiS6q_C3C0FYhyr1rnFA?sub_confirmation=1\" target=\"_blank\" rel=\"noreferrer noopener\">GP2<\/a><\/strong><\/p>\n\n\n\n<figure class=\"wp-block-image size-large\"><img decoding=\"async\" src=\"https:\/\/www.grandepremio.com\/br\/wp-content\/uploads\/2021\/10\/b5xdslsiqaiqlfn.jpg\" alt=\"\" class=\"wp-image-517820\"\/><figcaption>Os difusores duplos da Brawn causaram pol\u00eamica na temporada de 2009 (Foto: Reprodu\u00e7\u00e3o)<\/figcaption><\/figure>\n\n\n\n<p class=\"wp-block-paragraph\"><strong>Conhe\u00e7a o canal do Grande Pr\u00eamio no YouTube! Clique&nbsp;<a target=\"_blank\" href=\"https:\/\/youtube.com\/GrandePremioTV\" rel=\"noreferrer noopener\">aqui<\/a>.<br>Siga o Grande Pr\u00eamio no&nbsp;<a target=\"_blank\" href=\"https:\/\/twitter.com\/grandepremio\" rel=\"noreferrer noopener\">Twitter&nbsp;<\/a>e no&nbsp;<a target=\"_blank\" href=\"https:\/\/instagram.com\/grandepremio\" rel=\"noreferrer noopener\">Instagram<\/a>!<\/strong><\/p>\n\n\n\n<p class=\"wp-block-paragraph\">Com um i<a href=\"https:\/\/www.grandepremio.com\/br\/f1\/noticias\/f1-apresenta-carro-conceito-para-2022-novo-visual-e-aerodinamica-reformulada\/#:~:text=O%20carro%2Dconceito%20tem%20um,dianteiras%20quanto%20traseiras%2C%20ser%C3%A3o%20simplificadas.&amp;text=O%20carro%2Dconceito%20%C3%A9%20o,novidade%20da%20F1%20para%202022.\">n\u00e9dito regulamento e um novo carro-conceito<\/a>, muitas equipes decidiram parar o desenvolvimento do carro em 2021 para focar na temporada que est\u00e1 por vir, sob a promessa de corridas mais emocionantes, com mais ultrapassagens. Questionando se o aprimoramento do carro do ano que vem pode balan\u00e7ar a hierarquia atual da F\u00f3rmula 1, Key exp\u00f5e suas probabilidades: \u00e9 dif\u00edcil que aconte\u00e7a, mas ele &#8220;espera que a dist\u00e2ncia entre as equipes seja mais pr\u00f3xima&#8221;. <\/p>\n\n\n\n<p class=\"wp-block-paragraph\">\u201cA infraestrutura, o legado, os m\u00e9todos, conhecimentos e cultura que se tem numa equipe vencedora d\u00e3o um pouco de vantagem&#8221;, opinou ele. &#8220;Voc\u00ea tem um tipo de cren\u00e7a e confian\u00e7a, tem as ferramentas nas quais acredita e est\u00e1 familiarizado com elas&#8221;, acrescentou.<\/p>\n\n\n\n<p class=\"wp-block-paragraph\">&#8220;Eu acho que parte do legado que as equipes maiores t\u00eam, mesmo que tenham que cortar seus or\u00e7amentos, todo o investimento que foi feito antes e todas as pesquisas ainda v\u00e3o dar um pouco de prote\u00e7\u00e3o e um pouco de vantagem. Portanto, suspeito que a hierarquia ser\u00e1 razoavelmente semelhante. Mas espero que seja mais pr\u00f3xima&#8221;, seguiu Key.<\/p>\n\n\n\n<p class=\"wp-block-paragraph\">&#8220;Eu suspeito que vai ser um pouco complicado para come\u00e7ar, porque tenho certeza que todo mundo ainda tem pouco conhecimento sobre esses carros quando eles forem lan\u00e7ados. Mas, com o passar do tempo, e com regras um pouco mais restritivas, isso vai aproximar as coisas, e veremos se essa hierarquia desaparecer\u00e1&#8221;, concluiu.<\/p>\n\n\n\n<figure class=\"wp-block-embed is-type-video is-provider-youtube wp-block-embed-youtube wp-embed-aspect-16-9 wp-has-aspect-ratio\"><div class=\"wp-block-embed__wrapper\">\n<iframe loading=\"lazy\" title=\"O QUE ACONTECE COM VETTEL NA F\u00d3RMULA 1?\" width=\"500\" height=\"281\" src=\"https:\/\/www.youtube.com\/embed\/GFsEgpK1jVM?feature=oembed\" frameborder=\"0\" allow=\"accelerometer; autoplay; clipboard-write; encrypted-media; gyroscope; picture-in-picture; web-share\" referrerpolicy=\"strict-origin-when-cross-origin\" allowfullscreen><\/iframe>\n<\/div><figcaption>O QUE ACONTECE COM VETTEL NA F\u00d3RMULA 1?<br><\/figcaption><\/figure>\n","protected":false},"excerpt":{"rendered":"<p>Segundo James Key, diretor-t\u00e9cnico da McLaren, por conta do restritivo regulamento de 2022, as mudan\u00e7as acontecer\u00e3o, mas &#8220;ser\u00e3o sutis&#8221;: para ele, v\u00e3o ser bem longe de difusores duplos <\/p>\n","protected":false},"author":0,"featured_media":1000491753,"comment_status":"closed","ping_status":"closed","sticky":false,"template":"","format":"standard","meta":{"42wp_featured_image_caption":"","42wp_featured_image_credits":"","42wp_featured_video":"","42wp_featured_image_hidden":false,"42wp_authors_list":[],"footnotes":""},"categories":[2],"tags":[147,156,24837,26841,24836,90],"42wp_author":[47139],"class_list":["post-116978","post","type-post","status-publish","format-standard","has-post-thumbnail","hentry","category-f1","tag-f1","tag-f1-2021","tag-formula-1-2","tag-formula-1-2022","tag-grande-premio-2","tag-mclaren","42wp_author-ana-cerveira"],"_links":{"self":[{"href":"https:\/\/grandepremio.com\/br\/wp-json\/wp\/v2\/posts\/116978","targetHints":{"allow":["GET"]}}],"collection":[{"href":"https:\/\/grandepremio.com\/br\/wp-json\/wp\/v2\/posts"}],"about":[{"href":"https:\/\/grandepremio.com\/br\/wp-json\/wp\/v2\/types\/post"}],"replies":[{"embeddable":true,"href":"https:\/\/grandepremio.com\/br\/wp-json\/wp\/v2\/comments?post=116978"}],"version-history":[{"count":0,"href":"https:\/\/grandepremio.com\/br\/wp-json\/wp\/v2\/posts\/116978\/revisions"}],"wp:featuredmedia":[{"embeddable":true,"href":"https:\/\/grandepremio.com\/br\/wp-json\/wp\/v2\/media\/1000491753"}],"wp:attachment":[{"href":"https:\/\/grandepremio.com\/br\/wp-json\/wp\/v2\/media?parent=116978"}],"wp:term":[{"taxonomy":"category","embeddable":true,"href":"https:\/\/grandepremio.com\/br\/wp-json\/wp\/v2\/categories?post=116978"},{"taxonomy":"post_tag","embeddable":true,"href":"https:\/\/grandepremio.com\/br\/wp-json\/wp\/v2\/tags?post=116978"},{"taxonomy":"42wp_author","embeddable":true,"href":"https:\/\/grandepremio.com\/br\/wp-json\/wp\/v2\/42wp_author?post=116978"}],"curies":[{"name":"wp","href":"https:\/\/api.w.org\/{rel}","templated":true}]}}