{"id":116991,"date":"2021-10-19T12:45:00","date_gmt":"2021-10-19T15:45:00","guid":{"rendered":"https:\/\/grandepremio.com\/br\/noticias\/giro-br-31-lembra-30-anos-do-tri-de-ayrton-senna-na-formula-1\/"},"modified":"2021-10-19T12:32:38","modified_gmt":"2021-10-19T15:32:38","slug":"giro-br-31-lembra-30-anos-do-tri-de-ayrton-senna-na-formula-1","status":"publish","type":"post","link":"https:\/\/grandepremio.com\/br\/grande-premio\/giro-br-31-lembra-30-anos-do-tri-de-ayrton-senna-na-formula-1\/","title":{"rendered":"Giro BR #31 lembra 30 anos do tri de Senna e debate: Brasil ter\u00e1 outro campe\u00e3o na F1?"},"content":{"rendered":"\n<figure class=\"wp-block-embed is-type-video is-provider-youtube wp-block-embed-youtube wp-embed-aspect-16-9 wp-has-aspect-ratio\"><div class=\"wp-block-embed__wrapper\">\n<iframe loading=\"lazy\" title=\"OS 30 ANOS DO \u00daLTIMO T\u00cdTULO DE AYRTON SENNA NA F\u00d3RMULA 1 | GIRO BR #31\" width=\"500\" height=\"281\" src=\"https:\/\/www.youtube.com\/embed\/fLgHzFgjsGo?feature=oembed\" frameborder=\"0\" allow=\"accelerometer; autoplay; clipboard-write; encrypted-media; gyroscope; picture-in-picture; web-share\" referrerpolicy=\"strict-origin-when-cross-origin\" allowfullscreen><\/iframe>\n<\/div><figcaption>OS 30 ANOS DO \u00daLTIMO T\u00cdTULO DE AYRTON SENNA NA F\u00d3RMULA 1 | GIRO BR #31<\/figcaption><\/figure>\n\n\n\n<p class=\"wp-block-paragraph\">O Giro BR, programa que debate tudo sobre os pilotos brasileiros \u2014 sempre no <a href=\"https:\/\/www.youtube.com\/c\/GrandePremio2\/videos\">canal GRANDE PR\u00caMIO 2 no YouTube<\/a>, \u00e0s 13h (de Bras\u00edlia, GMT-3) \u2014, faz uma verdadeira viagem no tempo nesta ter\u00e7a-feira (19). A atra\u00e7\u00e3o vai relembrar a \u00e9poca em que Ayrton Senna conquistou o tricampeonato mundial de <a href=\"https:\/\/www.grandepremio.com\/br\/f1\/\">F\u00f3rmula 1<\/a>, sendo o \u00faltimo brasileiro a atingir o Olimpo do esporte a motor. O feito foi alcan\u00e7ado h\u00e1 30 anos, em 20 de outubro de 1991.<\/p>\n\n\n\n<p class=\"wp-block-paragraph\">O programa resgata um pouco do contexto social, pol\u00edtico, cultural e esportivo da \u00e9poca e traz alguns detalhes curiosos. Naquele mesmo fim de semana, Michael Andretti conquistava o t\u00edtulo da Indy. Pouco mais de um ano depois, o norte-americano foi companheiro de equipe de Senna na McLaren, em 1993.<\/p>\n\n\n\n<p class=\"wp-block-paragraph\">Ao mesmo tempo em que Senna era campe\u00e3o na principal categoria do esporte a motor, a base do automobilismo era forte e tinha dois grandes destaques, com t\u00edtulos importantes, e que viriam a competir na F\u00f3rmula 1 anos depois.<\/p>\n\n\n\n<p class=\"wp-block-paragraph\">Se naquela \u00e9poca havia grande perspectiva sobre os pilotos brasileiros na F\u00f3rmula 1, a realidade, 30 anos depois, \u00e9 bastante diferente. A atra\u00e7\u00e3o tra\u00e7a um paralelo entre 1991 e 2021 e o qu\u00e3o dif\u00edcil parece para os competidores hoje alcan\u00e7arem um lugar no grid mais cobi\u00e7ado do automobilismo.<\/p>\n\n\n\n<p class=\"wp-block-paragraph\">Com apresenta\u00e7\u00e3o de Fernando Silva, coment\u00e1rios de Pedro Luis Cuenca e Jo\u00e3o Pedro Nascimento e produ\u00e7\u00e3o de Rodrigo Berton e Pedro Prado, o Giro BR #31 come\u00e7a logo mais, \u00e0s 13h (de Bras\u00edlia, GMT-3), no canal <strong><a href=\"https:\/\/www.youtube.com\/c\/GrandePremio2\/videos\">GRANDE PR\u00caMIO 2 no YouTube<\/a><\/strong>.<\/p>\n\n\n\n<figure class=\"wp-block-video\"><video class=\"video-js vjs-big-play-centered\" data-gp-vjs=\"1\" controls src=\"https:\/\/www.grandepremio.com\/br\/wp-content\/uploads\/2021\/10\/PerezHamiltonTurquia.mp4\"><\/video><figcaption>Sergio P\u00e9rez e Lewis Hamilton travaram grande duelo no GP da Turquia (V\u00eddeo: F1)<\/figcaption><\/figure>\n\n\n\n<p class=\"wp-block-paragraph\"><\/p>\n","protected":false},"excerpt":{"rendered":"<p>O Giro BR #31, nesta ter\u00e7a-feira, \u00e9 uma verdadeira viagem no tempo. O programa volta 30 anos e recorda o tempo em que Ayrton Senna conquistou o \u00faltimo t\u00edtulo do Brasil no Mundial de F\u00f3rmula 1<\/p>\n","protected":false},"author":0,"featured_media":1000517621,"comment_status":"closed","ping_status":"closed","sticky":false,"template":"","format":"standard","meta":{"42wp_featured_image_caption":"","42wp_featured_image_credits":"","42wp_featured_video":"","42wp_featured_image_hidden":false,"42wp_authors_list":[],"footnotes":""},"categories":[4],"tags":[699,147,156,24837,27565,24836],"42wp_author":[47110],"class_list":["post-116991","post","type-post","status-publish","format-standard","has-post-thumbnail","hentry","category-grande-premio","tag-ayrton-senna","tag-f1","tag-f1-2021","tag-formula-1-2","tag-giro-br","tag-grande-premio-2","42wp_author-fernando-silva"],"_links":{"self":[{"href":"https:\/\/grandepremio.com\/br\/wp-json\/wp\/v2\/posts\/116991","targetHints":{"allow":["GET"]}}],"collection":[{"href":"https:\/\/grandepremio.com\/br\/wp-json\/wp\/v2\/posts"}],"about":[{"href":"https:\/\/grandepremio.com\/br\/wp-json\/wp\/v2\/types\/post"}],"replies":[{"embeddable":true,"href":"https:\/\/grandepremio.com\/br\/wp-json\/wp\/v2\/comments?post=116991"}],"version-history":[{"count":0,"href":"https:\/\/grandepremio.com\/br\/wp-json\/wp\/v2\/posts\/116991\/revisions"}],"wp:featuredmedia":[{"embeddable":true,"href":"https:\/\/grandepremio.com\/br\/wp-json\/wp\/v2\/media\/1000517621"}],"wp:attachment":[{"href":"https:\/\/grandepremio.com\/br\/wp-json\/wp\/v2\/media?parent=116991"}],"wp:term":[{"taxonomy":"category","embeddable":true,"href":"https:\/\/grandepremio.com\/br\/wp-json\/wp\/v2\/categories?post=116991"},{"taxonomy":"post_tag","embeddable":true,"href":"https:\/\/grandepremio.com\/br\/wp-json\/wp\/v2\/tags?post=116991"},{"taxonomy":"42wp_author","embeddable":true,"href":"https:\/\/grandepremio.com\/br\/wp-json\/wp\/v2\/42wp_author?post=116991"}],"curies":[{"name":"wp","href":"https:\/\/api.w.org\/{rel}","templated":true}]}}