{"id":116995,"date":"2021-10-19T09:50:55","date_gmt":"2021-10-19T12:50:55","guid":{"rendered":"https:\/\/grandepremio.com\/br\/noticias\/f1-acredita-que-entusiasmo-do-publico-jovem-da-base-para-aumentar-corridas-sprint-em-2022\/"},"modified":"2021-10-19T09:51:03","modified_gmt":"2021-10-19T12:51:03","slug":"f1-acredita-que-entusiasmo-do-publico-jovem-da-base-para-aumentar-corridas-sprint-em-2022","status":"publish","type":"post","link":"https:\/\/grandepremio.com\/br\/f1\/f1-acredita-que-entusiasmo-do-publico-jovem-da-base-para-aumentar-corridas-sprint-em-2022\/","title":{"rendered":"F1 acredita que &#8220;entusiasmo do p\u00fablico jovem&#8221; d\u00e1 base para aumentar corridas sprint em 2022"},"content":{"rendered":"\n<figure class=\"wp-block-embed is-type-video is-provider-youtube wp-block-embed-youtube wp-embed-aspect-16-9 wp-has-aspect-ratio\"><div class=\"wp-block-embed__wrapper\">\n<iframe loading=\"lazy\" title=\"F1 2021 INVADE AM\u00c9RICA PARA FINAL ANTECIPADA + CALEND\u00c1RIO MAIS LONGO EM 2022 | Paddock GP #261\" width=\"500\" height=\"281\" src=\"https:\/\/www.youtube.com\/embed\/OET86RPPHrY?feature=oembed\" frameborder=\"0\" allow=\"accelerometer; autoplay; clipboard-write; encrypted-media; gyroscope; picture-in-picture; web-share\" referrerpolicy=\"strict-origin-when-cross-origin\" allowfullscreen><\/iframe>\n<\/div><figcaption>Paddock GP #261 faz pr\u00e9via de retorno da F\u00f3rmula 1 aos Estados Unidos<\/figcaption><\/figure>\n\n\n\n<p class=\"wp-block-paragraph\">Uma nova mudan\u00e7a foi introduzida na F\u00f3rmula 1 nesta temporada com a chegada das corridas sprint. A ideia em torno da disputa \u00e9 oferecer ao p\u00fablico uma nova maneira de classificar os carros para a corrida principal, realizando uma prova de menor dura\u00e7\u00e3o, no s\u00e1bado. Em 2021, o calend\u00e1rio compreende tr\u00eas provas sprint durante o ano: na Inglaterra, It\u00e1lia e no GP de S\u00e3o Paulo, <a href=\"https:\/\/www.grandepremio.com\/br\/f1\/noticias\/presidente-formula-1-corridas-sprint-um-terco-de-2022\/\">com um aumento previsto para 2022, ainda n\u00e3o confirmado em quais pa\u00edses<\/a>. De acordo com o presidente e CEO da F\u00f3rmula 1, Stefano Domenicali, oferecer menos tempo de prepara\u00e7\u00e3o para as equipes pode trazer menos previsibilidade para o fim de semana, logo, mais emo\u00e7\u00e3o ao p\u00fablico.<\/p>\n\n\n\n<p class=\"wp-block-paragraph\">&#8220;Por uma perspectiva esportiva, percebemos que quanto menos tempo os times t\u00eam nos treinos livres, mais imprevis\u00edvel fica a a\u00e7\u00e3o na pista, na classifica\u00e7\u00e3o e na corrida&#8221;, disse o executivo ao site oficial da F1. &#8220;Tem algumas coisas que precisamos ajustar, e estamos trabalhando nisso&#8221;, afirmou.<\/p>\n\n\n\n<p class=\"wp-block-paragraph\">Para o ex-chefe de equipe da Ferrari, o p\u00fablico mais jovem da F1 est\u00e1 entusiasmado com o novo formato, motivo suficiente para que a categoria decida aumentar o n\u00famero de sprints previstos para o ano que vem. Domenicali ainda acredita que outras pessoas espalhadas pelo mundo passem a criar interesse pelas corridas curtas.<\/p>\n\n\n\n<p class=\"wp-block-paragraph\">&#8220;\u00c9 muito f\u00e1cil ser negativo e n\u00e3o mudar&#8221;, continuou o dirigente. &#8220;Mas insistimos em ir nessa dire\u00e7\u00e3o porque vemos o entusiasmo da nova gera\u00e7\u00e3o e o maior interesse daqueles ao redor do mundo&#8221;, finalizou.<\/p>\n\n\n\n<p class=\"wp-block-paragraph\"><strong>\u25b6\ufe0f&nbsp;Inscreva-se nos dois canais do GRANDE PR\u00caMIO no YouTube:&nbsp;<a href=\"https:\/\/www.youtube.com\/channel\/UC9OlHEgxoaY6QY6nWPoiqQg?sub_confirmation=1\" target=\"_blank\" rel=\"noreferrer noopener\">GP<\/a>&nbsp;|&nbsp;<a href=\"https:\/\/www.youtube.com\/channel\/UC9csiS6q_C3C0FYhyr1rnFA?sub_confirmation=1\" target=\"_blank\" rel=\"noreferrer noopener\">GP2<\/a><\/strong><\/p>\n\n\n\n<div class=\"wp-block-image\"><figure class=\"aligncenter size-large\"><img decoding=\"async\" src=\"https:\/\/www.grandepremio.com\/br\/wp-content\/uploads\/2020\/05\/SI202107170282_news-1024x756.jpg\" alt=\"MAX VERSTAPPEN; GP DA INGLATERRA; SPRINT RACE; VENCEDOR; SPRINT; SILVERSTONE;\" class=\"wp-image-492388\"\/><figcaption>Max Verstappen com a coroa de louros depois de vencer a primeira corrida sprint da F1, no GP da Inglaterra (Foto: Mark Thompson\/Getty Images\/Red Bull Content Pool)<\/figcaption><\/figure><\/div>\n\n\n\n<p class=\"wp-block-paragraph\"><strong>Conhe\u00e7a o canal do Grande Pr\u00eamio no YouTube! Clique&nbsp;<a rel=\"noreferrer noopener\" href=\"https:\/\/youtube.com\/GrandePremioTV\" target=\"_blank\">aqui<\/a>.<br>Siga o Grande Pr\u00eamio no&nbsp;<a rel=\"noreferrer noopener\" href=\"https:\/\/twitter.com\/grandepremio\" target=\"_blank\">Twitter&nbsp;<\/a>e no&nbsp;<a rel=\"noreferrer noopener\" href=\"https:\/\/instagram.com\/grandepremio\" target=\"_blank\">Instagram<\/a>!<\/strong><\/p>\n\n\n\n<p class=\"wp-block-paragraph\">O assunto sobre o interesse da nova gera\u00e7\u00e3o no formato de sprint n\u00e3o \u00e9 recente e pode ser um dos fatores para que a categoria insista nas disputas. <\/p>\n\n\n\n<p class=\"wp-block-paragraph\">Anteriormente, o diretor t\u00e9cnico da F\u00f3rmula 1, Ross Brawn, j\u00e1 havia sugerido a mesma opini\u00e3o. &#8220;As coisas mudam e os jovens n\u00e3o necessariamente querem ver duas horas de corrida em uma tarde de domingo. Podemos descobrir que o novo formato \u00e9 mais atrativo para eles&#8221;, afirmou na \u00e9poca.<\/p>\n\n\n\n<p class=\"wp-block-paragraph\">Com duas corridas sprint disputadas na temporada 2021, resta apenas uma na programa\u00e7\u00e3o para o ano, <a href=\"https:\/\/www.grandepremio.com\/br\/f1\/noticias\/chefao-f1-anuncia-corrida-sprint-sao-paulo-preve-premios-especiais-2022\/\">marcada para o GP do Brasil, em Interlagos, em 13 de novembro<\/a>. <\/p>\n\n\n\n<p class=\"wp-block-paragraph\">Nas duas primeiras disputas, dois vencedores diferentes: Max Verstappen levou a melhor na prova sprint do GP da Inglaterra, enquanto <a href=\"https:\/\/www.grandepremio.com\/br\/f1\/noticias\/f1-reaviva-ideia-bernie-ecclestone-premia-medalhas-top-3-corrida-sprint-italia\/\">Valtteri Bottas foi o respons\u00e1vel por chegar em primeiro na corrida de classifica\u00e7\u00e3o do GP da It\u00e1lia<\/a>.<\/p>\n\n\n\n<figure class=\"wp-block-video\"><video class=\"video-js vjs-big-play-centered\" data-gp-vjs=\"1\" controls src=\"https:\/\/www.grandepremio.com\/br\/wp-content\/uploads\/2021\/10\/PerezHamiltonTurquia.mp4\"><\/video><figcaption>Sergio P\u00e9rez e Lewis Hamilton travaram grande duelo no GP da Turquia (V\u00eddeo: F1)<\/figcaption><\/figure>\n","protected":false},"excerpt":{"rendered":"<p>Stefano Domenicali acredita que formato de corridas sprint \u00e9 particularmente popular entre o p\u00fablico jovem que acompanha F1, mas que prefere corridas mais curtas<\/p>\n","protected":false},"author":0,"featured_media":1000507935,"comment_status":"closed","ping_status":"closed","sticky":false,"template":"","format":"standard","meta":{"42wp_featured_image_caption":"","42wp_featured_image_credits":"","42wp_featured_video":"","42wp_featured_image_hidden":false,"42wp_authors_list":[],"footnotes":""},"categories":[2],"tags":[5921,211,147,156,24837,1285,1505,24898,502,87,203,145,2984,2018,907,612],"42wp_author":[47142],"class_list":["post-116995","post","type-post","status-publish","format-standard","has-post-thumbnail","hentry","category-f1","tag-corrida-sprint","tag-daniel-ricciardo","tag-f1","tag-f1-2021","tag-formula-1-2","tag-formula-1-2021","tag-gp-da-inglaterra","tag-gp-da-italia","tag-gp-do-brasil","tag-lewis-hamilton","tag-max-verstappen","tag-ross-brawn","tag-sprint","tag-sprint-race","tag-stefano-domenicali","tag-valtteri-bottas","42wp_author-jp-nascimento"],"_links":{"self":[{"href":"https:\/\/grandepremio.com\/br\/wp-json\/wp\/v2\/posts\/116995","targetHints":{"allow":["GET"]}}],"collection":[{"href":"https:\/\/grandepremio.com\/br\/wp-json\/wp\/v2\/posts"}],"about":[{"href":"https:\/\/grandepremio.com\/br\/wp-json\/wp\/v2\/types\/post"}],"replies":[{"embeddable":true,"href":"https:\/\/grandepremio.com\/br\/wp-json\/wp\/v2\/comments?post=116995"}],"version-history":[{"count":0,"href":"https:\/\/grandepremio.com\/br\/wp-json\/wp\/v2\/posts\/116995\/revisions"}],"wp:featuredmedia":[{"embeddable":true,"href":"https:\/\/grandepremio.com\/br\/wp-json\/wp\/v2\/media\/1000507935"}],"wp:attachment":[{"href":"https:\/\/grandepremio.com\/br\/wp-json\/wp\/v2\/media?parent=116995"}],"wp:term":[{"taxonomy":"category","embeddable":true,"href":"https:\/\/grandepremio.com\/br\/wp-json\/wp\/v2\/categories?post=116995"},{"taxonomy":"post_tag","embeddable":true,"href":"https:\/\/grandepremio.com\/br\/wp-json\/wp\/v2\/tags?post=116995"},{"taxonomy":"42wp_author","embeddable":true,"href":"https:\/\/grandepremio.com\/br\/wp-json\/wp\/v2\/42wp_author?post=116995"}],"curies":[{"name":"wp","href":"https:\/\/api.w.org\/{rel}","templated":true}]}}