{"id":117028,"date":"2021-10-16T18:46:09","date_gmt":"2021-10-16T21:46:09","guid":{"rendered":"https:\/\/grandepremio.com\/br\/noticias\/miguel-paludo-e-dennis-dirani-dominam-e-vencem-segunda-etapa-da-porsche-endurance-em-goiania\/"},"modified":"2021-10-16T18:52:18","modified_gmt":"2021-10-16T21:52:18","slug":"miguel-paludo-e-dennis-dirani-dominam-e-vencem-segunda-etapa-da-porsche-endurance-em-goiania","status":"publish","type":"post","link":"https:\/\/grandepremio.com\/br\/porsche\/miguel-paludo-e-dennis-dirani-dominam-e-vencem-segunda-etapa-da-porsche-endurance-em-goiania\/","title":{"rendered":"Paludo e Dirani dominam e vencem segunda etapa da Porsche Endurance em Goi\u00e2nia"},"content":{"rendered":"\n<p class=\"wp-block-paragraph\">Miguel Paludo e Dennis Dirani converteram a pole em uma vit\u00f3ria dominante na segunda etapa da Porsche Endurance, em Goi\u00e2nia, neste s\u00e1bado (16). A dupla do carro #7 controlou a corrida desde os primeiros metros e, com uma estrat\u00e9gia impec\u00e1vel, finalizou a disputa de 300 km com mais de 16s de vantagem para o segundo colocado.<\/p>\n\n\n\n<p class=\"wp-block-paragraph\">Vencedores da primeira prova do campeonato de resist\u00eancia em 2021, realizada em Interlagos, Fran Lara e Guilherme Salas cruzaram a linha de chegada na segunda coloca\u00e7\u00e3o geral, vencendo na classe Sport. Os donos do carro #3 lideram a tabela de pontos, tanto no geral quanto na categoria.<\/p>\n\n\n\n<p class=\"wp-block-paragraph\">Dupla mais jovem do grid, Enzo Elias e Jeff Giassi receberam a bandeirada em terceiro, garantindo o segundo posto na Sport e a vit\u00f3ria na classe Trophy. A dupla do carro #73 \u00e9 vice-l\u00edder na classifica\u00e7\u00e3o geral.<\/p>\n\n\n\n<p class=\"wp-block-paragraph\"><strong>\u25b6\ufe0f\u00a0Inscreva-se nos dois canais do GRANDE PR\u00caMIO no YouTube:\u00a0<a href=\"https:\/\/www.youtube.com\/channel\/UC9OlHEgxoaY6QY6nWPoiqQg?sub_confirmation=1\" target=\"_blank\" rel=\"noreferrer noopener\">GP<\/a>\u00a0|\u00a0<a href=\"https:\/\/www.youtube.com\/channel\/UC9csiS6q_C3C0FYhyr1rnFA?sub_confirmation=1\" target=\"_blank\" rel=\"noreferrer noopener\">GP2<\/a><\/strong><\/p>\n\n\n\n<figure class=\"wp-block-image size-large\"><img decoding=\"async\" src=\"https:\/\/www.grandepremio.com\/br\/wp-content\/uploads\/2021\/10\/Endurance-PORSCHE-Race-Goiania-2021-10--1024x699.jpg\" alt=\"\" class=\"wp-image-517397\"\/><figcaption>Largada dos 300 Km de Goi\u00e2nia da Porsche Endurance (Foto: Luca Bassani)<\/figcaption><\/figure>\n\n\n\n<p class=\"wp-block-paragraph\">O quarto lugar foi conquistado pelo carro #20, de Pedro Aguiar e Ricardo Zonta. A equipe formada pelo ex-piloto de F1 ocupa a terceira coloca\u00e7\u00e3o geral ap\u00f3s duas etapas. Fechando o p\u00f3dio geral estava o carro #11, guiado por Pedro Boesel e o estreante Sergio Sette C\u00e2mara, que neste ano disputou a F\u00f3rmula E.<\/p>\n\n\n\n<p class=\"wp-block-paragraph\">Pela classe GT3 Cup, a vit\u00f3ria ficou com o #17, de Mar\u00e7al M\u00fcller e Matheus Iorio. O carro #87, de Nelson Monteiro e Alan Hellmeister, completou em segundo, com o terceiro lugar ficando com o #19, de Lucas Salles e Rafa Suzuki.<\/p>\n\n\n\n<p class=\"wp-block-paragraph\">Caio Castro e Tony Kanaan receberam a bandeirada em quarto na GT3 Cup, triunfando na classe GT3 Sport. Eles lideram o campeonato nesta divis\u00e3o. O p\u00f3dio geral da GT3 Cup foi completado pelo #555 de Ayman Darwich e Nicolas Costa.<\/p>\n\n\n\n<p class=\"wp-block-paragraph\"><strong>Conhe\u00e7a o canal do Grande Pr\u00eamio no YouTube! Clique\u00a0<a target=\"_blank\" href=\"https:\/\/youtube.com\/GrandePremioTV\" rel=\"noreferrer noopener\">aqui<\/a>.<br>Siga o Grande Pr\u00eamio no\u00a0<a target=\"_blank\" href=\"https:\/\/twitter.com\/grandepremio\" rel=\"noreferrer noopener\">Twitter\u00a0<\/a>e no\u00a0<a target=\"_blank\" href=\"https:\/\/instagram.com\/grandepremio\" rel=\"noreferrer noopener\">Instagram<\/a>!<\/strong><\/p>\n\n\n\n<p class=\"wp-block-paragraph\">A classe GT3 Trophy teve disputas do in\u00edcio ao fim, com a dupla do #880, composta por Gustavo Farah e pelo colombiano Sebastian Moreno, levando o triunfo. A lideran\u00e7a na divis\u00e3o \u00e9 do experiente Paulo Totaro.<\/p>\n\n\n\n<p class=\"wp-block-paragraph\">A pr\u00f3xima rodada da Porsche Cup acontece entre os dias 12 e 14 de novembro, com o desfecho do campeonato de Sprint dentro da programa\u00e7\u00e3o  do GP de S\u00e3o Paulo de F1, em Interlagos.<\/p>\n\n\n\n<figure class=\"wp-block-embed is-type-rich is-provider-spotify wp-block-embed-spotify wp-embed-aspect-21-9 wp-has-aspect-ratio\"><div class=\"wp-block-embed__wrapper\">\n<iframe title=\"Spotify Embed: Paddockast #125 | A Mercedes j\u00e1 tem o melhor carro da F1 2021?\" style=\"border-radius: 12px\" width=\"100%\" height=\"152\" frameborder=\"0\" allowfullscreen allow=\"autoplay; clipboard-write; encrypted-media; fullscreen; picture-in-picture\" loading=\"lazy\" src=\"https:\/\/open.spotify.com\/embed\/episode\/2otuE380YG1jk35APOA7sU?si=t4rlT3Z_RYuRi17-CTRDTw&amp;utm_source=oembed\"><\/iframe>\n<\/div><\/figure>\n","protected":false},"excerpt":{"rendered":"<p>Miguel Paludo e Dennis Dirani confirmaram a vit\u00f3ria na segunda etapa da Porsche Endurance, em Goi\u00e2nia. Vencedores da primeira corrida da temporada, Fran Lara e Guilherme Salas ficaram com o segundo lugar, mas lideram o campeonato. Mar\u00e7al M\u00fcller e Matheus Iorio venceram na GT3<\/p>\n","protected":false},"author":0,"featured_media":1000517398,"comment_status":"closed","ping_status":"closed","sticky":false,"template":"","format":"standard","meta":{"42wp_featured_image_caption":"","42wp_featured_image_credits":"","42wp_featured_video":"","42wp_featured_image_hidden":false,"42wp_authors_list":[],"footnotes":""},"categories":[32],"tags":[499,2130,1587,663],"42wp_author":[47109],"class_list":["post-117028","post","type-post","status-publish","format-standard","has-post-thumbnail","hentry","category-porsche","tag-dennis-dirani","tag-goiania","tag-miguel-paludo","tag-porsche-cup","42wp_author-redacao-gp"],"_links":{"self":[{"href":"https:\/\/grandepremio.com\/br\/wp-json\/wp\/v2\/posts\/117028","targetHints":{"allow":["GET"]}}],"collection":[{"href":"https:\/\/grandepremio.com\/br\/wp-json\/wp\/v2\/posts"}],"about":[{"href":"https:\/\/grandepremio.com\/br\/wp-json\/wp\/v2\/types\/post"}],"replies":[{"embeddable":true,"href":"https:\/\/grandepremio.com\/br\/wp-json\/wp\/v2\/comments?post=117028"}],"version-history":[{"count":0,"href":"https:\/\/grandepremio.com\/br\/wp-json\/wp\/v2\/posts\/117028\/revisions"}],"wp:featuredmedia":[{"embeddable":true,"href":"https:\/\/grandepremio.com\/br\/wp-json\/wp\/v2\/media\/1000517398"}],"wp:attachment":[{"href":"https:\/\/grandepremio.com\/br\/wp-json\/wp\/v2\/media?parent=117028"}],"wp:term":[{"taxonomy":"category","embeddable":true,"href":"https:\/\/grandepremio.com\/br\/wp-json\/wp\/v2\/categories?post=117028"},{"taxonomy":"post_tag","embeddable":true,"href":"https:\/\/grandepremio.com\/br\/wp-json\/wp\/v2\/tags?post=117028"},{"taxonomy":"42wp_author","embeddable":true,"href":"https:\/\/grandepremio.com\/br\/wp-json\/wp\/v2\/42wp_author?post=117028"}],"curies":[{"name":"wp","href":"https:\/\/api.w.org\/{rel}","templated":true}]}}