{"id":117051,"date":"2021-10-15T08:41:00","date_gmt":"2021-10-15T11:41:00","guid":{"rendered":"https:\/\/grandepremio.com\/br\/noticias\/fia-balanco-positivo-teste-luvas-criadas-aumentar-protecao-fogo\/"},"modified":"2021-10-15T08:41:05","modified_gmt":"2021-10-15T11:41:05","slug":"fia-balanco-positivo-teste-luvas-criadas-aumentar-protecao-fogo","status":"publish","type":"post","link":"https:\/\/grandepremio.com\/br\/f1\/fia-balanco-positivo-teste-luvas-criadas-aumentar-protecao-fogo\/","title":{"rendered":"FIA faz balan\u00e7o positivo de teste com luvas criadas para aumentar prote\u00e7\u00e3o ao fogo"},"content":{"rendered":"\n<figure class=\"wp-block-video\"><video class=\"video-js vjs-big-play-centered\" data-gp-vjs=\"1\" controls src=\"https:\/\/www.grandepremio.com\/br\/wp-content\/uploads\/2020\/11\/SaidaGrosjean.mp4\"><\/video><figcaption>Romain Grosjean escapou de um inc\u00eandio ap\u00f3s acidente no Bahrein (V\u00eddeo: Reprodu\u00e7\u00e3o)<\/figcaption><\/figure>\n\n\n\n<p class=\"wp-block-paragraph\">A FIA (Federa\u00e7\u00e3o Internacional de Automobilismo) fez um balan\u00e7o positivo do primeiro teste com as luvas que contam com prote\u00e7\u00e3o refor\u00e7ada em caso de inc\u00eandio. Desenvolvidas em rea\u00e7\u00e3o ao acidente de Romain Grosjean no Bahrein no ano passado, as novas luvas tem como objetivo dar aos pilotos 1s5 extra de defesa.<\/p>\n\n\n\n<p class=\"wp-block-paragraph\">No acidente em Sakhir, Grosjean conseguiu escapar do carro em chamas ap\u00f3s uma grave batida, mas ficou com queimaduras nas m\u00e3os. Assim, a entidade m\u00e1xima do esporte busca uma maneira de aprimorar a vestimenta para aumentar a prote\u00e7\u00e3o dos pilotos.<\/p>\n\n\n\n<p class=\"wp-block-paragraph\"><strong>\u25b6\ufe0f\u00a0Inscreva-se nos dois canais do GRANDE PR\u00caMIO no YouTube:\u00a0<a href=\"https:\/\/www.youtube.com\/channel\/UC9OlHEgxoaY6QY6nWPoiqQg?sub_confirmation=1\" target=\"_blank\" rel=\"noreferrer noopener\">GP<\/a>\u00a0|\u00a0<a href=\"https:\/\/www.youtube.com\/channel\/UC9csiS6q_C3C0FYhyr1rnFA?sub_confirmation=1\" target=\"_blank\" rel=\"noreferrer noopener\">GP2<\/a><\/strong><\/p>\n\n\n\n<figure class=\"wp-block-image size-large\"><img decoding=\"async\" src=\"https:\/\/www.grandepremio.com\/br\/wp-content\/uploads\/2021\/07\/romaingrosjean-01-1024x683.jpg\" alt=\"\" class=\"wp-image-488922\"\/><figcaption>Romain Grosjean sofreu queimaduras nas m\u00e3os no acidente no Bahrein (Foto: IndyCar)<\/figcaption><\/figure>\n\n\n\n<p class=\"wp-block-paragraph\"><strong>Siga o Grande Pr\u00eamio no\u00a0<a target=\"_blank\" href=\"https:\/\/twitter.com\/grandepremio\" rel=\"noreferrer noopener\">Twitter\u00a0<\/a>e no\u00a0<a target=\"_blank\" href=\"https:\/\/instagram.com\/grandepremio\" rel=\"noreferrer noopener\">Instagram<\/a>!<\/strong><\/p>\n\n\n\n<p class=\"wp-block-paragraph\">\u201cFoi uma \u00e1rea em que come\u00e7amos a trabalhar imediatamente como resultado do incidente de Romain\u201d, disse Michael Mais, diretor de prova da F\u00f3rmula 1. \u201cIdentificamos muito rapidamente que foi uma \u00e1rea que podia ser melhorada junto com os fabricantes\u201d, seguiu.<\/p>\n\n\n\n<p class=\"wp-block-paragraph\">Durante o fim de semana na Turquia, a entidade conduziu um primeiro teste, que contou com a participa\u00e7\u00e3o de cinco pilotos: Lewis Hamilton, Sebastian Vettel, Carlos Sainz Jr., Daniel Ricciardo e George Russell. E quatro marcas diferentes foram avaliadas, j\u00e1 que Mercedes e Ferrari t\u00eam a Puma como fornecedora, enquanto a McLaren usa Sparco, a Aston Martin \u00e9 cliente da Alpinestars e a Williams \u00e9 atendida pela OMP.<\/p>\n\n\n\n<p class=\"wp-block-paragraph\">De acordo com o dirigene, os pilotos deram um retorno positivo, apontando a necessidade apenas de ajustes m\u00ednimos.<\/p>\n\n\n\n<p class=\"wp-block-paragraph\">\u201cO feedback inicial dos pilotos foi bom. Existem alguns pequenos elementos de ajuste com algumas marcas, mas nada intranspon\u00edvel. Somos muito gratos aos pilotos e equipes por efetivamente terem usado-as. Isso mostra que estamos tentando aumentar o n\u00edvel de prote\u00e7\u00e3o o m\u00e1ximo poss\u00edvel\u201d, declarou.<\/p>\n\n\n\n<p class=\"wp-block-paragraph\">Os novos modelos foram desenvolvidos com o objetivo de reduzir a transfer\u00eancia de calor para a pele dos pilotos em caso de exposi\u00e7\u00e3o direta ao calor. A ideia \u00e9 dar aos competidores 1s5 extra de prote\u00e7\u00e3o em rela\u00e7\u00e3o ao modelo anterior.<\/p>\n\n\n\n<p class=\"wp-block-paragraph\">\u201cParece algo m\u00ednimo, mas como vimos neste tipo de cen\u00e1rio, cada d\u00e9cimo de segundo, cada mil\u00e9simo, conta\u201d, indicou Masi.<\/p>\n\n\n\n<p class=\"wp-block-paragraph\">A grande dificuldade \u00e9 aumentar a prote\u00e7\u00e3o, sem reduzir a sensibilidade, j\u00e1 que os pilotos precisam conseguir operar o muitos bot\u00f5es do volante de um F\u00f3rmula 1.<\/p>\n\n\n\n<p class=\"wp-block-paragraph\">\u201cN\u00e3o podemos mudar isso completamente, pois eles precisam ter um n\u00edvel de sensa\u00e7\u00e3o, particularmente com algo como as luvas, com tudo que eles t\u00eam de operar\u201d, explicou. \u201c\u00c9 por isso que fizemos este teste pr\u00e1tico para ter o feedback deles em uma situa\u00e7\u00e3o de vida real\u201d, justificou.<\/p>\n\n\n\n<p class=\"wp-block-paragraph\">Ricciardo falou publicamente do teste supervisionado por Nuno Costa, chefe de seguran\u00e7a do competidor e do usu\u00e1rio da FIA, e contou que sequer sentiu diferen\u00e7a com o novo equipamento.<\/p>\n\n\n\n<p class=\"wp-block-paragraph\">\u201cEu sabia que iria us\u00e1-las, mas, depois que usei, n\u00e3o sabia que o tinha feita. Ent\u00e3o estou tentando dizer que isso foi uma coisa boa. N\u00e3o notei a diferen\u00e7a\u201d, contou Daniel. \u201cMas n\u00e3o sou muito exigente com o meu kit e tudo mais, ent\u00e3o n\u00e3o sou muito exigente. Mas foi completamente bom para mim. Foi, realmente, uma boa adi\u00e7\u00e3o sem nenhum ponto negativo\u201d, encerrou.<\/p>\n","protected":false},"excerpt":{"rendered":"<p>Diretor de prova da F\u00f3rmula 1, Michael Masi revelou que o feedback dos pilotos foi positivo ap\u00f3s o teste feito na Turquia. Dirigente explicou que luva modificada ap\u00f3s o acidente de Romain Grosjean no Bahrein no ano passado tem como objetivo dar 1s5 a mais para os pilotos em caso de inc\u00eandio<\/p>\n","protected":false},"author":0,"featured_media":1000517225,"comment_status":"closed","ping_status":"closed","sticky":false,"template":"","format":"standard","meta":{"42wp_featured_image_caption":"","42wp_featured_image_credits":"","42wp_featured_video":"","42wp_featured_image_hidden":false,"42wp_authors_list":[],"footnotes":""},"categories":[2],"tags":[27040,211,147,156,24837,25536,26868,26783],"42wp_author":[47113],"class_list":["post-117051","post","type-post","status-publish","format-standard","has-post-thumbnail","hentry","category-f1","tag-calendario-formula-1-2021","tag-daniel-ricciardo","tag-f1","tag-f1-2021","tag-formula-1-2","tag-formula-1-2021-2","tag-formula-1-classificacao-2020","tag-incendio","42wp_author-juliana-tesser"],"_links":{"self":[{"href":"https:\/\/grandepremio.com\/br\/wp-json\/wp\/v2\/posts\/117051","targetHints":{"allow":["GET"]}}],"collection":[{"href":"https:\/\/grandepremio.com\/br\/wp-json\/wp\/v2\/posts"}],"about":[{"href":"https:\/\/grandepremio.com\/br\/wp-json\/wp\/v2\/types\/post"}],"replies":[{"embeddable":true,"href":"https:\/\/grandepremio.com\/br\/wp-json\/wp\/v2\/comments?post=117051"}],"version-history":[{"count":0,"href":"https:\/\/grandepremio.com\/br\/wp-json\/wp\/v2\/posts\/117051\/revisions"}],"wp:featuredmedia":[{"embeddable":true,"href":"https:\/\/grandepremio.com\/br\/wp-json\/wp\/v2\/media\/1000517225"}],"wp:attachment":[{"href":"https:\/\/grandepremio.com\/br\/wp-json\/wp\/v2\/media?parent=117051"}],"wp:term":[{"taxonomy":"category","embeddable":true,"href":"https:\/\/grandepremio.com\/br\/wp-json\/wp\/v2\/categories?post=117051"},{"taxonomy":"post_tag","embeddable":true,"href":"https:\/\/grandepremio.com\/br\/wp-json\/wp\/v2\/tags?post=117051"},{"taxonomy":"42wp_author","embeddable":true,"href":"https:\/\/grandepremio.com\/br\/wp-json\/wp\/v2\/42wp_author?post=117051"}],"curies":[{"name":"wp","href":"https:\/\/api.w.org\/{rel}","templated":true}]}}