{"id":117083,"date":"2021-10-13T12:20:54","date_gmt":"2021-10-13T15:20:54","guid":{"rendered":"https:\/\/grandepremio.com\/br\/noticias\/aston-martin-quer-levantar-1-bilhao-fundos-desenvolver-fabrica\/"},"modified":"2021-10-13T12:50:12","modified_gmt":"2021-10-13T15:50:12","slug":"aston-martin-quer-levantar-1-bilhao-fundos-desenvolver-fabrica","status":"publish","type":"post","link":"https:\/\/grandepremio.com\/br\/f1\/aston-martin-quer-levantar-1-bilhao-fundos-desenvolver-fabrica\/","title":{"rendered":"Aston Martin quer levantar R$ 1,6 bilh\u00e3o de fundos para desenvolver nova f\u00e1brica"},"content":{"rendered":"\n<figure class=\"wp-block-embed is-type-video is-provider-youtube wp-block-embed-youtube wp-embed-aspect-16-9 wp-has-aspect-ratio\"><div class=\"wp-block-embed__wrapper\">\n<iframe loading=\"lazy\" title=\"BOTTAS VENCE NA TURQUIA, MAS MERCEDES PERDE E VERSTAPPEN LIDERA F1 2021 | Paddock GP #260\" width=\"500\" height=\"281\" src=\"https:\/\/www.youtube.com\/embed\/vvRgfKBmss4?start=2&amp;feature=oembed\" frameborder=\"0\" allow=\"accelerometer; autoplay; clipboard-write; encrypted-media; gyroscope; picture-in-picture; web-share\" referrerpolicy=\"strict-origin-when-cross-origin\" allowfullscreen><\/iframe>\n<\/div><\/figure>\n\n\n\n<p class=\"wp-block-paragraph\">Em busca de concretizar a promessa de tornar a&nbsp;Aston Martin&nbsp;uma<a href=\"https:\/\/www.grandepremio.com\/br\/f1\/noticias\/aston-martin-investe-pesado-e-impoe-meta-se-tornar-melhor-equipe-da-f1-de-3-a-5-anos\/\">&nbsp;equipe campe\u00e3 mundial<\/a>&nbsp;nos pr\u00f3ximos cinco anos, Lawrence Stroll, dono da equipe, est\u00e1 levantando cerca de \u00a3 250 milh\u00f5es \u2014 R$ 1,6 bilh\u00e3o, na cota\u00e7\u00e3o atual \u2014 por meio de emiss\u00e3o de t\u00edtulos, uma forma de capta\u00e7\u00e3o de recursos, para o desenvolvimento da nova f\u00e1brica da marca em Silverstone, na Inglaterra. Os t\u00edtulos no valor de \u00a3 100 \u2014 ou, R$ 641 \u2014 ser\u00e3o v\u00e1lidos por um per\u00edodo de cinco anos e ter\u00e3o taxa de 7%. <\/p>\n\n\n\n<p class=\"wp-block-paragraph\"><strong>\u25b6\ufe0f&nbsp;Inscreva-se nos dois canais do GRANDE PR\u00caMIO no YouTube:&nbsp;<\/strong><a href=\"https:\/\/www.youtube.com\/channel\/UC9OlHEgxoaY6QY6nWPoiqQg?sub_confirmation=1\" target=\"_blank\" rel=\"noreferrer noopener\">GP<\/a><strong>&nbsp;|&nbsp;<\/strong><a href=\"https:\/\/www.youtube.com\/channel\/UC9csiS6q_C3C0FYhyr1rnFA?sub_confirmation=1\" target=\"_blank\" rel=\"noreferrer noopener\">GP2<\/a><\/p>\n\n\n\n<p class=\"wp-block-paragraph\">O plano \u00e9 que a nova sede da Aston Martin, que teve a constru\u00e7\u00e3o atrasada por conta da pandemia de Covid-19 e <a href=\"https:\/\/www.grandepremio.com\/br\/f1\/noticias\/com-investimento-r-15-bilhao-aston-martin-inicia-construcao-de-nova-sede-em-silverstone\/\" target=\"_blank\" rel=\"noreferrer noopener\">reiniciada no m\u00eas passado<\/a>, fique parcialmente pronta at\u00e9 o fim de 2022, com um t\u00fanel de vento, algo que o time nunca teve antes, inaugurado no come\u00e7o de 2023, al\u00e9m de uma \u00e1rea total de 400.000 m\u00b2. O projeto chega com o intuito de aumentar infraestrutura e capacidade de pessoal, apontada pela chefia como a mesma que a Jordan utilizava em 1991, quando ocupava a f\u00e1brica atual.<\/p>\n\n\n\n<p class=\"wp-block-paragraph\">\u201cEstou muito satisfeito que iremos emitir t\u00edtulos atrav\u00e9s da Bolsa de Valores de Londres, para levantar fundos adicionais para o desenvolvimento e constru\u00e7\u00e3o de nossa nova f\u00e1brica&#8221;, disse Stroll, em comunicado oficial.<\/p>\n\n\n\n<p class=\"wp-block-paragraph\"><strong>Conhe\u00e7a o canal do Grande Pr\u00eamio no YouTube! Clique&nbsp;<a target=\"_blank\" href=\"https:\/\/youtube.com\/GrandePremioTV\" rel=\"noreferrer noopener\">aqui<\/a>.<br>Siga o Grande Pr\u00eamio no&nbsp;<a target=\"_blank\" href=\"https:\/\/twitter.com\/grandepremio\" rel=\"noreferrer noopener\">Twitter&nbsp;<\/a>e no&nbsp;<a target=\"_blank\" href=\"https:\/\/instagram.com\/grandepremio\" rel=\"noreferrer noopener\">Instagram<\/a>!<\/strong><\/p>\n\n\n\n<figure class=\"wp-block-image size-large\"><img decoding=\"async\" src=\"https:\/\/www.grandepremio.com\/br\/wp-content\/uploads\/2021\/10\/AM_Campus_V1_3-1024x427-1.jpg\" alt=\"\" class=\"wp-image-516986\"\/><figcaption>Como deve ficar a nova sede da Aston Martin (Foto: Aston Martin)<br><\/figcaption><\/figure>\n\n\n\n<p class=\"wp-block-paragraph\">&#8220;Estamos entusiasmados com a chance de oferecer aos investidores, e mais importante aos f\u00e3s da F\u00f3rmula 1, a oportunidade de fazer parte da jornada da Aston Martin e participar de nossas ambi\u00e7\u00f5es finais, que \u00e9 alcan\u00e7ar o sucesso no campeonato mundial e avan\u00e7ar na cria\u00e7\u00e3o de valor de como equipe&#8221;, finalizou. <\/p>\n\n\n\n<figure class=\"wp-block-embed is-type-rich is-provider-spotify wp-block-embed-spotify wp-embed-aspect-21-9 wp-has-aspect-ratio\"><div class=\"wp-block-embed__wrapper\">\n<iframe title=\"Spotify Embed: Paddockast #124: Quem \u00e9 favorito em cada pista que resta na F1 2021?\" style=\"border-radius: 12px\" width=\"100%\" height=\"152\" frameborder=\"0\" allowfullscreen allow=\"autoplay; clipboard-write; encrypted-media; fullscreen; picture-in-picture\" loading=\"lazy\" src=\"https:\/\/open.spotify.com\/embed\/episode\/0nShkAMS0Zl7IQCX1wQ0bG?utm_source=oembed\"><\/iframe>\n<\/div><\/figure>\n\n\n\n<p class=\"wp-block-paragraph\">Desde que comprou a equipe em 2018, ainda sob o nome de Racing Point, Stroll busca investir cada vez mais no projeto para conquistar o t\u00e3o sonhado t\u00edtulo mundial de F\u00f3rmula 1. Mesmo com as obras atrasadas por conta da pandemia, ele j\u00e1 garantiu que a Aston Martin se encontra em <a href=\"https:\/\/www.grandepremio.com\/br\/f1\/noticias\/com-investimento-r-15-bilhao-aston-martin-inicia-construcao-de-nova-sede-em-silverstone\/\" target=\"_blank\" rel=\"noreferrer noopener\">posi\u00e7\u00e3o favor\u00e1vel para o futuro<\/a>.<\/p>\n\n\n\n<p class=\"wp-block-paragraph\">\u201cPor outro lado, por conta da Covid-19, estamos alguns anos atrasados para construir essa sede. Nossa inten\u00e7\u00e3o era ter este pr\u00e9dio agora. Mas eu realmente acredito que estamos em uma posi\u00e7\u00e3o melhor do que as grandes equipes, porque elas precisam reduzir de tamanho, que deve ser algo desmotivador, j\u00e1 que voc\u00ea n\u00e3o sabe quem \u00e9 o pr\u00f3ximo a perder o emprego e tudo mais. Aqui procuramos adicionar centenas de pessoas ao nosso quadro de funcion\u00e1rios. Ent\u00e3o, sim, acho que estamos num ponto ideal\u201d, comentou o mandat\u00e1rio, h\u00e1 um m\u00eas, com o an\u00fancio da retomada de atividades em Silverstone.<\/p>\n\n\n\n<p class=\"wp-block-paragraph\">Na atual temporada, a Aston Martin \u00e9 a s\u00e9tima colocada no Mundial de Construtores com 61 pontos conquistados. A melhor posi\u00e7\u00e3o de chegada da equipe em 2021 foi o segundo lugar de&nbsp;Sebastian Vettel&nbsp;no GP do Azerbaij\u00e3o.<\/p>\n\n\n\n<figure class=\"wp-block-embed is-type-video is-provider-youtube wp-block-embed-youtube wp-embed-aspect-16-9 wp-has-aspect-ratio\"><div class=\"wp-block-embed__wrapper\">\n<iframe loading=\"lazy\" title=\"F1 NA TURQUIA: BOTTAS LEVA NA TURQUIA E VERSTAPPEN RETOMA PONTA. HAMILTON \u00c9 5\u00ba\" width=\"500\" height=\"281\" src=\"https:\/\/www.youtube.com\/embed\/6ME6NgQU_qw?feature=oembed\" frameborder=\"0\" allow=\"accelerometer; autoplay; clipboard-write; encrypted-media; gyroscope; picture-in-picture; web-share\" referrerpolicy=\"strict-origin-when-cross-origin\" allowfullscreen><\/iframe>\n<\/div><\/figure>\n\n\n\n<p class=\"wp-block-paragraph\"><\/p>\n\n\n\n<p class=\"wp-block-paragraph\"><\/p>\n\n\n\n<p class=\"wp-block-paragraph\"><\/p>\n\n\n\n<p class=\"wp-block-paragraph\"><\/p>\n","protected":false},"excerpt":{"rendered":"<p>Lawrence Stroll, dono da equipe Aston Martin, est\u00e1 levantando cerca de R$ 1,6 bilh\u00e3o em fundos para expandir e desenvolver a nova f\u00e1brica da marca em Silverstone, na Inglaterra <\/p>\n","protected":false},"author":0,"featured_media":1000509108,"comment_status":"closed","ping_status":"closed","sticky":false,"template":"","format":"standard","meta":{"42wp_featured_image_caption":"","42wp_featured_image_credits":"","42wp_featured_video":"","42wp_featured_image_hidden":false,"42wp_authors_list":[],"footnotes":""},"categories":[2],"tags":[309,156,1357,24837,24836,485,454,210],"42wp_author":[47139],"class_list":["post-117083","post","type-post","status-publish","format-standard","has-post-thumbnail","hentry","category-f1","tag-aston-martin","tag-f1-2021","tag-f1-2022","tag-formula-1-2","tag-grande-premio-2","tag-lance-stroll","tag-lawrence-stroll","tag-sebastian-vettel","42wp_author-ana-cerveira"],"_links":{"self":[{"href":"https:\/\/grandepremio.com\/br\/wp-json\/wp\/v2\/posts\/117083","targetHints":{"allow":["GET"]}}],"collection":[{"href":"https:\/\/grandepremio.com\/br\/wp-json\/wp\/v2\/posts"}],"about":[{"href":"https:\/\/grandepremio.com\/br\/wp-json\/wp\/v2\/types\/post"}],"replies":[{"embeddable":true,"href":"https:\/\/grandepremio.com\/br\/wp-json\/wp\/v2\/comments?post=117083"}],"version-history":[{"count":0,"href":"https:\/\/grandepremio.com\/br\/wp-json\/wp\/v2\/posts\/117083\/revisions"}],"wp:featuredmedia":[{"embeddable":true,"href":"https:\/\/grandepremio.com\/br\/wp-json\/wp\/v2\/media\/1000509108"}],"wp:attachment":[{"href":"https:\/\/grandepremio.com\/br\/wp-json\/wp\/v2\/media?parent=117083"}],"wp:term":[{"taxonomy":"category","embeddable":true,"href":"https:\/\/grandepremio.com\/br\/wp-json\/wp\/v2\/categories?post=117083"},{"taxonomy":"post_tag","embeddable":true,"href":"https:\/\/grandepremio.com\/br\/wp-json\/wp\/v2\/tags?post=117083"},{"taxonomy":"42wp_author","embeddable":true,"href":"https:\/\/grandepremio.com\/br\/wp-json\/wp\/v2\/42wp_author?post=117083"}],"curies":[{"name":"wp","href":"https:\/\/api.w.org\/{rel}","templated":true}]}}