{"id":117101,"date":"2021-10-12T14:07:53","date_gmt":"2021-10-12T17:07:53","guid":{"rendered":"https:\/\/grandepremio.com\/br\/noticias\/fernando-alonso-assume-culpa-batida-mick-schumacher-turquia-movimento-tardio\/"},"modified":"2021-10-12T14:09:00","modified_gmt":"2021-10-12T17:09:00","slug":"fernando-alonso-assume-culpa-batida-mick-schumacher-turquia-movimento-tardio","status":"publish","type":"post","link":"https:\/\/grandepremio.com\/br\/f1\/fernando-alonso-assume-culpa-batida-mick-schumacher-turquia-movimento-tardio\/","title":{"rendered":"Alonso assume culpa por batida em Schumacher na Turquia: &#8220;Movimento tardio&#8221;"},"content":{"rendered":"\n<figure class=\"wp-block-embed is-type-video is-provider-youtube wp-block-embed-youtube wp-embed-aspect-16-9 wp-has-aspect-ratio\"><div class=\"wp-block-embed__wrapper\">\n<iframe loading=\"lazy\" title=\"BOTTAS VENCE NA TURQUIA, MAS MERCEDES PERDE E VERSTAPPEN LIDERA F1 2021 | Paddock GP #260\" width=\"500\" height=\"281\" src=\"https:\/\/www.youtube.com\/embed\/vvRgfKBmss4?feature=oembed\" frameborder=\"0\" allow=\"accelerometer; autoplay; clipboard-write; encrypted-media; gyroscope; picture-in-picture; web-share\" referrerpolicy=\"strict-origin-when-cross-origin\" allowfullscreen><\/iframe>\n<\/div><figcaption>Paddock GP #260: Bottas vence na Turquia, mas Mercedes perde e Verstappen lidera F1 2021<\/figcaption><\/figure>\n\n\n\n<p class=\"wp-block-paragraph\">O GP da Turquia de 2021, definitivamente, n\u00e3o ficar\u00e1 marcado para Fernando Alonso como um de seus preferidos na carreira. Apesar de fazer \u00f3tima classifica\u00e7\u00e3o e de largar no 5\u00ba lugar, melhor posi\u00e7\u00e3o de partida da temporada, o espanhol foi tocado pela AlphaTauri de Pierre Gasly logo na primeira curva e rodou. Conseguiu retornar \u00e0 pista em 14\u00ba, mas tentou ultrapassar Mick Schumacher e bateu no alem\u00e3o. Ap\u00f3s a disputa, Alonso reconheceu o erro e se desculpou com o filho de Michael, seu rival nos t\u00edtulos de 2005 e 2006.<\/p>\n\n\n\n<p class=\"wp-block-paragraph\">&#8220;Achei que estivesse ao lado dele&#8221;, afirmou Alonso. &#8220;Obviamente foi um movimento tardio, ent\u00e3o nos tocamos. Infelizmente, ele girou e eu levei a puni\u00e7\u00e3o. Eu aceito, claro. Lamento por ter colidido com ele. Isso s\u00f3 aconteceu porque eu estava em 14\u00ba, n\u00e3o deveria estar nessa posi\u00e7\u00e3o. A sorte parece estar evitando a gente esse ano, de verdade. Acho que estamos acumulando muita para o ano que vem&#8221;, falou o espanhol.<\/p>\n\n\n\n<p class=\"wp-block-paragraph\">Na opini\u00e3o do veterano, a Alpine tem tido muito azar na atual temporada. Logo ap\u00f3s garantir o 5\u00ba lugar no grid de largada, no s\u00e1bado (9), Alonso afirmou que torceria por uma largada sem maiores confus\u00f5es e uma corrida tranquila, j\u00e1 que sua equipe demonstrava um bom ritmo durante o final de semana. Como se sabe, n\u00e3o foi o que ocorreu.<\/p>\n\n\n\n<p class=\"wp-block-paragraph\">Sobre o incidente que teve com Gasly nos primeiros metros da corrida, Alonso disse que n\u00e3o reviu o momento e preferiu eximir o franc\u00eas de culpa, considerando as condi\u00e7\u00f5es da corrida. &#8220;N\u00e3o vi na TV. Acho que a primeira curva \u00e9 sempre complicada nessas condi\u00e7\u00f5es. Essas coisas podem acontecer. Infelizmente, aconteceram com a gente, quando \u00e9ramos top-5&#8221;, lamentou.<\/p>\n\n\n\n<p class=\"wp-block-paragraph\"><strong>\u25b6\ufe0f&nbsp;Inscreva-se nos dois canais do GRANDE PR\u00caMIO no YouTube:&nbsp;<a href=\"https:\/\/www.youtube.com\/channel\/UC9OlHEgxoaY6QY6nWPoiqQg?sub_confirmation=1\" target=\"_blank\" rel=\"noreferrer noopener\">GP<\/a>&nbsp;|&nbsp;<a href=\"https:\/\/www.youtube.com\/channel\/UC9csiS6q_C3C0FYhyr1rnFA?sub_confirmation=1\" target=\"_blank\" rel=\"noreferrer noopener\">GP2<\/a><\/strong><\/p>\n\n\n\n<figure class=\"wp-block-image size-large\"><img decoding=\"async\" src=\"https:\/\/www.grandepremio.com\/br\/wp-content\/uploads\/2021\/10\/FBVjBBZWUAEk5qH-1024x576.jpg\" alt=\"LARGADA; GP DA TURQUIA; FERNANDO ALONSO; RODADA;\" class=\"wp-image-516336\"\/><figcaption>Fernando Alonso, ap\u00f3s ser tocado por Gasly na largada do GP da Turquia (Foto: F1\/Twitter)<\/figcaption><\/figure>\n\n\n\n<p class=\"wp-block-paragraph\"><strong>Conhe\u00e7a o canal do Grande Pr\u00eamio no YouTube! Clique&nbsp;<a target=\"_blank\" href=\"https:\/\/youtube.com\/GrandePremioTV\" rel=\"noreferrer noopener\">aqui<\/a>.<br>Siga o Grande Pr\u00eamio no&nbsp;<a target=\"_blank\" href=\"https:\/\/twitter.com\/grandepremio\" rel=\"noreferrer noopener\">Twitter&nbsp;<\/a>e no&nbsp;<a target=\"_blank\" href=\"https:\/\/instagram.com\/grandepremio\" rel=\"noreferrer noopener\">Instagram<\/a>!<\/strong><\/p>\n\n\n\n<p class=\"wp-block-paragraph\">O espanhol ainda reclamou do rendimento da Alpine com os pneus intermedi\u00e1rios, \u00fanica gama de pneus usada durante o GP da Turquia &#8211; Sebastian Vettel tentou usar compostos m\u00e9dios, mas deu extremamente errado, e o alem\u00e3o voltou aos boxes imediatamente na volta seguinte para colocar um jogo de intermedi\u00e1rios novamente.<\/p>\n\n\n\n<p class=\"wp-block-paragraph\">&#8220;\u00c9 frustrante que, quando n\u00e3o somos competitivos, temos uma corrida chata, e quando somos competitivos temos um tempo maluco e coisas malucas acontecendo. Fomos o ano todo mais lentos com os pneus intermedi\u00e1rios e a corrida inteira foi nos intermedi\u00e1rios, nem sequer botamos os pneus de pista seca. Temos de melhorar nosso n\u00edvel de competi\u00e7\u00e3o com esse composto&#8221;, encerrou.<\/p>\n\n\n\n<p class=\"wp-block-paragraph\">A&nbsp;<a href=\"https:\/\/www.grandepremio.com\/br\/f1\/\" target=\"_blank\" rel=\"noreferrer noopener\">F\u00f3rmula 1<\/a>&nbsp;volta a acelerar dentro de duas semanas para o GP dos Estados Unidos, no&nbsp;<a href=\"https:\/\/www.grandepremio.com\/br\/etapa\/f1\/gp-dos-eua-formula-1-2021\/\" target=\"_blank\" rel=\"noreferrer noopener\">Circuito das Am\u00e9ricas<\/a>, em Austin.<\/p>\n\n\n\n<figure class=\"wp-block-video\"><video class=\"video-js vjs-big-play-centered\" data-gp-vjs=\"1\" controls src=\"https:\/\/www.grandepremio.com\/br\/wp-content\/uploads\/2021\/10\/PerezHamiltonTurquia.mp4\"><\/video><figcaption>Sergio P\u00e9rez e Lewis Hamilton travaram grande duelo no GP da Turquia (V\u00eddeo: F1)<\/figcaption><\/figure>\n","protected":false},"excerpt":{"rendered":"<p>Ap\u00f3s ser tocado por Pierre Gasly, Fernando Alonso tentou ultrapassar Mick Schumacher pela 13\u00aa posi\u00e7\u00e3o, mas tocou no alem\u00e3o e o fez rodar. O espanhol se desculpou depois da prova<\/p>\n","protected":false},"author":0,"featured_media":1000516450,"comment_status":"closed","ping_status":"closed","sticky":false,"template":"","format":"standard","meta":{"42wp_featured_image_caption":"","42wp_featured_image_credits":"","42wp_featured_video":"","42wp_featured_image_hidden":false,"42wp_authors_list":[],"footnotes":""},"categories":[2],"tags":[524,20491,147,156,176,24837,15288,119,22915,1294,676],"42wp_author":[47142],"class_list":["post-117101","post","type-post","status-publish","format-standard","has-post-thumbnail","hentry","category-f1","tag-alphatauri","tag-alpine","tag-f1","tag-f1-2021","tag-fernando-alonso","tag-formula-1-2","tag-gp-da-turquia","tag-haas","tag-istambul-park","tag-mick-schumacher","tag-pierre-gasly","42wp_author-jp-nascimento"],"_links":{"self":[{"href":"https:\/\/grandepremio.com\/br\/wp-json\/wp\/v2\/posts\/117101","targetHints":{"allow":["GET"]}}],"collection":[{"href":"https:\/\/grandepremio.com\/br\/wp-json\/wp\/v2\/posts"}],"about":[{"href":"https:\/\/grandepremio.com\/br\/wp-json\/wp\/v2\/types\/post"}],"replies":[{"embeddable":true,"href":"https:\/\/grandepremio.com\/br\/wp-json\/wp\/v2\/comments?post=117101"}],"version-history":[{"count":0,"href":"https:\/\/grandepremio.com\/br\/wp-json\/wp\/v2\/posts\/117101\/revisions"}],"wp:featuredmedia":[{"embeddable":true,"href":"https:\/\/grandepremio.com\/br\/wp-json\/wp\/v2\/media\/1000516450"}],"wp:attachment":[{"href":"https:\/\/grandepremio.com\/br\/wp-json\/wp\/v2\/media?parent=117101"}],"wp:term":[{"taxonomy":"category","embeddable":true,"href":"https:\/\/grandepremio.com\/br\/wp-json\/wp\/v2\/categories?post=117101"},{"taxonomy":"post_tag","embeddable":true,"href":"https:\/\/grandepremio.com\/br\/wp-json\/wp\/v2\/tags?post=117101"},{"taxonomy":"42wp_author","embeddable":true,"href":"https:\/\/grandepremio.com\/br\/wp-json\/wp\/v2\/42wp_author?post=117101"}],"curies":[{"name":"wp","href":"https:\/\/api.w.org\/{rel}","templated":true}]}}