{"id":117104,"date":"2021-10-12T10:07:50","date_gmt":"2021-10-12T13:07:50","guid":{"rendered":"https:\/\/grandepremio.com\/br\/noticias\/jack-harvey-diz-inveja-ritmo-rll-indy-ajudou-mudanca-para-temporada-2022\/"},"modified":"2021-10-12T10:07:58","modified_gmt":"2021-10-12T13:07:58","slug":"jack-harvey-diz-inveja-ritmo-rll-indy-ajudou-mudanca-para-temporada-2022","status":"publish","type":"post","link":"https:\/\/grandepremio.com\/br\/indy\/jack-harvey-diz-inveja-ritmo-rll-indy-ajudou-mudanca-para-temporada-2022\/","title":{"rendered":"Harvey diz que &#8220;inveja&#8221; do ritmo da RLL na Indy ajudou em escolha para temporada 2022"},"content":{"rendered":"\n<figure class=\"wp-block-embed is-type-video is-provider-youtube wp-block-embed-youtube wp-embed-aspect-16-9 wp-has-aspect-ratio\"><div class=\"wp-block-embed__wrapper\">\n<iframe loading=\"lazy\" title=\"LARSON VENCE NO ROVAL E FINAL POL\u00caMICA TEM G\u00d6TZ CAMPE\u00c3O NO DTM | Paddock Plus\" width=\"500\" height=\"281\" src=\"https:\/\/www.youtube.com\/embed\/8O184n_DQa8?feature=oembed\" frameborder=\"0\" allow=\"accelerometer; autoplay; clipboard-write; encrypted-media; gyroscope; picture-in-picture; web-share\" referrerpolicy=\"strict-origin-when-cross-origin\" allowfullscreen><\/iframe>\n<\/div><\/figure>\n\n\n\n<p class=\"wp-block-paragraph\">Jack Harvey encerrou a temporada 2021 da Indy com a Meyer Shank Racing j\u00e1 sabendo que estava fora dos planos do time para o pr\u00f3ximo ano. Na \u00faltima semana, <a href=\"https:\/\/www.grandepremio.com\/br\/indy\/noticias\/rll-expectativas-anuncia-jack-harvey-terceiro-carro-2022\/\">anunciou que vai correr em 2022<\/a> pela Rahal Letterman Lanigan Racing, com o carro #45.<\/p>\n\n\n\n<p class=\"wp-block-paragraph\">Harvey estreou na Indy nas 500 Milhas de Indian\u00e1polis de 2017, pela antiga Michael Shank Racing, que viraria Meyer Shank em 2018. O piloto fez parte de toda a constru\u00e7\u00e3o da equipe, desde ser um time de apenas algumas corridas por ano at\u00e9 participar de temporadas completas, em 2020 e 2021. No campeonato mais recente, Jack fechou na 13\u00aa coloca\u00e7\u00e3o na classifica\u00e7\u00e3o, tendo os quartos lugares em\u00a0<a href=\"https:\/\/www.grandepremio.com\/br\/etapa\/indy\/gp-de-sao-petersburgo-2020\/\" target=\"_blank\" rel=\"noreferrer noopener\">St. Pete<\/a>\u00a0e\u00a0<a href=\"https:\/\/www.grandepremio.com\/br\/etapa\/12h-de-sebring\/gp-de-portland-2020\/\" target=\"_blank\" rel=\"noreferrer noopener\">Portland<\/a>\u00a0como seus melhores resultados.<\/p>\n\n\n\n<p class=\"wp-block-paragraph\">Ap\u00f3s cinco anos competindo pela Meyer Shank, a mudan\u00e7a representa um grande passo para Harvey na carreira e o piloto fez um an\u00e1lise sobre o que viu da RLL no \u00faltimo ano, comparando especialmente com a miss\u00e3o de evoluir praticamente sozinho o carro da MSR ao longo da temporada.<\/p>\n\n\n\n<figure class=\"wp-block-image size-large\"><img decoding=\"async\" src=\"https:\/\/www.grandepremio.com\/br\/wp-content\/uploads\/2021\/08\/Jack-Harvey-1024x683.jpg\" alt=\"\" class=\"wp-image-497474\"\/><figcaption>Jack Harvey estava na Meyer Shank (Foto: Indycar)<\/figcaption><\/figure>\n\n\n\n<p class=\"wp-block-paragraph\"><strong>\u25b6\ufe0f\u00a0Inscreva-se nos dois canais do GRANDE PR\u00caMIO no YouTube:\u00a0<a href=\"https:\/\/www.youtube.com\/channel\/UC9OlHEgxoaY6QY6nWPoiqQg?sub_confirmation=1\" target=\"_blank\" rel=\"noreferrer noopener\">GP<\/a>\u00a0|\u00a0<a href=\"https:\/\/www.youtube.com\/channel\/UC9csiS6q_C3C0FYhyr1rnFA?sub_confirmation=1\" target=\"_blank\" rel=\"noreferrer noopener\">GP2<\/a><\/strong><\/p>\n\n\n\n<p class=\"wp-block-paragraph\">&#8220;Eu olho para nossa temporada e foi recheada de potencial. Muitos &#8216;queremos, podemos e gostar\u00edamos&#8217; ditos. Penso em cada final de semana e mentalizo as corridas, sempre parece que o ritmo de corrida do Graham [Rahal] era forte. Como time, eles [a RLL] sempre encontrou um jeito de colocar os pilotos na frente. Em algumas corridas, eu definitivamente senti inveja disso&#8221;, pontuou Harvey.<\/p>\n\n\n\n<p class=\"wp-block-paragraph\">&#8220;O que me levou ao time foi o fato de terem feito uma boa temporada, mas isso n\u00e3o foi suficiente. \u00c9 como eu me sinto, na verdade. Estou pronto para ter um papel maior [na Indy]. Fiquei impressiondo com a ambi\u00e7\u00e3o e os desejos da equipe&#8221;, completou.<\/p>\n\n\n\n<p class=\"wp-block-paragraph\">Em 2021, Harvey fechou o campeonato da Indy na 13\u00aa posi\u00e7\u00e3o, com 308 pontos. Apesar disso, a primeira e \u00fanica vit\u00f3ria do time na categoria chegou nas m\u00e3os de Helio Castroneves, nas 500 Milhas de Indian\u00e1polis deste ano. Para 2022, a Meyer Shank vai seguir com o brasileiro, dessa vez ao lado de Simon Pagenaud, que saiu da Penske.<\/p>\n\n\n\n<figure class=\"wp-block-embed is-type-video is-provider-youtube wp-block-embed-youtube wp-embed-aspect-16-9 wp-has-aspect-ratio\"><div class=\"wp-block-embed__wrapper\">\n<iframe loading=\"lazy\" title=\"COMO KIKO PORTO PODE COLOCAR INDY NO RADAR DOS BRASILEIROS | GP \u00e0s 10\" width=\"500\" height=\"281\" src=\"https:\/\/www.youtube.com\/embed\/qf5IvxpbDrg?feature=oembed\" frameborder=\"0\" allow=\"accelerometer; autoplay; clipboard-write; encrypted-media; gyroscope; picture-in-picture; web-share\" referrerpolicy=\"strict-origin-when-cross-origin\" allowfullscreen><\/iframe>\n<\/div><\/figure>\n","protected":false},"excerpt":{"rendered":"<p>Jack Harvey est\u00e1 de casa nova para a temporada 2022, agora na RLL. Ap\u00f3s o an\u00fancio, o brit\u00e2nico contou o que mais o atraiu na equipe que decidiu defender a a partir do pr\u00f3ximo ano<\/p>\n","protected":false},"author":0,"featured_media":1000516652,"comment_status":"closed","ping_status":"closed","sticky":false,"template":"","format":"standard","meta":{"42wp_featured_image_caption":"","42wp_featured_image_credits":"","42wp_featured_video":"","42wp_featured_image_hidden":false,"42wp_authors_list":[],"footnotes":""},"categories":[3],"tags":[93,5601,4528,94,26664,2514,1331],"42wp_author":[47135],"class_list":["post-117104","post","type-post","status-publish","format-standard","has-post-thumbnail","hentry","category-indy","tag-indy","tag-indy-2021","tag-indy-car","tag-indycar","tag-indycar-2021","tag-jack-harvey","tag-rll","42wp_author-pedro-luis-cuenca"],"_links":{"self":[{"href":"https:\/\/grandepremio.com\/br\/wp-json\/wp\/v2\/posts\/117104","targetHints":{"allow":["GET"]}}],"collection":[{"href":"https:\/\/grandepremio.com\/br\/wp-json\/wp\/v2\/posts"}],"about":[{"href":"https:\/\/grandepremio.com\/br\/wp-json\/wp\/v2\/types\/post"}],"replies":[{"embeddable":true,"href":"https:\/\/grandepremio.com\/br\/wp-json\/wp\/v2\/comments?post=117104"}],"version-history":[{"count":0,"href":"https:\/\/grandepremio.com\/br\/wp-json\/wp\/v2\/posts\/117104\/revisions"}],"wp:featuredmedia":[{"embeddable":true,"href":"https:\/\/grandepremio.com\/br\/wp-json\/wp\/v2\/media\/1000516652"}],"wp:attachment":[{"href":"https:\/\/grandepremio.com\/br\/wp-json\/wp\/v2\/media?parent=117104"}],"wp:term":[{"taxonomy":"category","embeddable":true,"href":"https:\/\/grandepremio.com\/br\/wp-json\/wp\/v2\/categories?post=117104"},{"taxonomy":"post_tag","embeddable":true,"href":"https:\/\/grandepremio.com\/br\/wp-json\/wp\/v2\/tags?post=117104"},{"taxonomy":"42wp_author","embeddable":true,"href":"https:\/\/grandepremio.com\/br\/wp-json\/wp\/v2\/42wp_author?post=117104"}],"curies":[{"name":"wp","href":"https:\/\/api.w.org\/{rel}","templated":true}]}}